{"id":93,"date":"2013-07-23T09:29:54","date_gmt":"2013-07-23T07:29:54","guid":{"rendered":"http:\/\/blogs.larioja.com\/alfredogarciaalpinista\/?p=93"},"modified":"2013-07-23T09:29:54","modified_gmt":"2013-07-23T07:29:54","slug":"alfredo-continua-en-el-campo-3","status":"publish","type":"post","link":"https:\/\/blogs.larioja.com\/alfredogarciaalpinista\/2013\/07\/23\/alfredo-continua-en-el-campo-3\/","title":{"rendered":"Alfredo contin\u00faa en el Campo 3"},"content":{"rendered":"<p>Esta ma\u00f1ana hemos podido hablar con <strong>Alfredo<\/strong>. Sobre las 8:00 (hora espa\u00f1ola) Alfredo ha telefoneado. Nos cuenta que se encuentra bien despu\u00e9s de haber descansado pero que se mantendr\u00e1 en <strong>Campo 3<\/strong> sin emprender, de momento, el descenso a Campo 2. Esta decisi\u00f3n se debe a las condiciones meteorol\u00f3gicas adversas que se est\u00e1n viviendo estos d\u00edas. Las rachas de viento de unos 100 km\/hora hacen muy peligroso el emprender el camino de descenso a Campo 2. En estas circunstancias atravesar el <strong>&#8216;Corredor de los Japoneses&#8217;<\/strong> se convierte en una tarea realmente complicada.<\/p>\n<p>De momento sigue solo en el campamento pero dispone de los recursos suficientes para pasar un d\u00eda m\u00e1s all\u00ed. Alfredo comenta que seguir\u00e1 con el tel\u00e9fono v\u00eda sat\u00e9lite apagado tratando de racionar la bater\u00eda del dispositivo us\u00e1ndolo cuando sea estrictamente necesario.<\/p>\n<p>&nbsp;<\/p>\n","protected":false},"excerpt":{"rendered":"<p>Esta ma\u00f1ana hemos podido hablar con Alfredo. Sobre las 8:00 (hora espa\u00f1ola) Alfredo ha telefoneado. Nos cuenta que se encuentra bien despu\u00e9s de haber descansado pero que se mantendr\u00e1 en Campo 3 sin emprender, de momento, el descenso a Campo 2. Esta decisi\u00f3n se debe a las condiciones meteorol\u00f3gicas adversas que se est\u00e1n viviendo estos [&hellip;]<\/p>\n","protected":false},"author":40,"featured_media":0,"comment_status":"open","ping_status":"closed","sticky":false,"template":"","format":"standard","meta":[],"categories":[2],"tags":[10,25,33,38,56,102,108],"_links":{"self":[{"href":"https:\/\/blogs.larioja.com\/alfredogarciaalpinista\/wp-json\/wp\/v2\/posts\/93"}],"collection":[{"href":"https:\/\/blogs.larioja.com\/alfredogarciaalpinista\/wp-json\/wp\/v2\/posts"}],"about":[{"href":"https:\/\/blogs.larioja.com\/alfredogarciaalpinista\/wp-json\/wp\/v2\/types\/post"}],"author":[{"embeddable":true,"href":"https:\/\/blogs.larioja.com\/alfredogarciaalpinista\/wp-json\/wp\/v2\/users\/40"}],"replies":[{"embeddable":true,"href":"https:\/\/blogs.larioja.com\/alfredogarciaalpinista\/wp-json\/wp\/v2\/comments?post=93"}],"version-history":[{"count":0,"href":"https:\/\/blogs.larioja.com\/alfredogarciaalpinista\/wp-json\/wp\/v2\/posts\/93\/revisions"}],"wp:attachment":[{"href":"https:\/\/blogs.larioja.com\/alfredogarciaalpinista\/wp-json\/wp\/v2\/media?parent=93"}],"wp:term":[{"taxonomy":"category","embeddable":true,"href":"https:\/\/blogs.larioja.com\/alfredogarciaalpinista\/wp-json\/wp\/v2\/categories?post=93"},{"taxonomy":"post_tag","embeddable":true,"href":"https:\/\/blogs.larioja.com\/alfredogarciaalpinista\/wp-json\/wp\/v2\/tags?post=93"}],"curies":[{"name":"wp","href":"https:\/\/api.w.org\/{rel}","templated":true}]}}