{"id":101,"date":"2009-08-15T08:31:00","date_gmt":"2009-08-15T08:31:00","guid":{"rendered":"http:\/\/blogs.larioja.com\/animales-de-la-rioja\/?p=101"},"modified":"2009-08-15T08:31:00","modified_gmt":"2009-08-15T08:31:00","slug":"nuevos-pequenos-la-perrera-municipal","status":"publish","type":"post","link":"https:\/\/blogs.larioja.com\/animales-de-la-rioja\/2009\/08\/15\/nuevos-pequenos-la-perrera-municipal\/","title":{"rendered":"Nuevos peque\u00f1os en la Perrera Municipal"},"content":{"rendered":"<p><P class=MsoNormal style=\"MARGIN: 0cm 0cm 0pt\"><FONT face=\"Times New Roman\"><FONT size=3>Nuevamente, en <?xml:namespace prefix = st1 ns = \"urn:schemas-microsoft-com:office:smarttags\" \/><st1:PersonName w:st=\"on\" ProductID=\"la Perrera Municipal\">la Perrera Municipal<\/st1:PersonName> de Logro\u00f1o han entrado <A id=link_0 title=http:\/\/www.animalesrioja.es.tl\/Gatos.htm?PHPSESSID=a6a0141077d88c808f754ee5f57ff158 href=\"http:\/\/www.animalesrioja.es.tl\/Gatos.htm?PHPSESSID=a6a0141077d88c808f754ee5f57ff158\">varias camadas de gatos<\/A>. Todos ellos merecen una oportunidad y los hay de varios colores, sexos y tama\u00f1os.<br \/>\nLamentablemente sabemos que no todos sobrevivir\u00e1n si no contamos con personas de buen coraz\u00f3n dispuestas a darles una oportunidad. Necesitamos para ellos y de forma urgente casas de acogida para poder recuperarlos y tener tiempo de buscarles familias que los quieran y los adopten.<\/p>\n<p><\/FONT><B style=\"mso-bidi-font-weight: normal\"><U><SPAN style=\"FONT-SIZE: 16pt\">Tinky, Pinky , Winky (Adoptados)<\/SPAN><\/U><\/B><\/FONT><\/p>\n<p> <P class=MsoNormal style=\"MARGIN: 0cm 0cm 0pt\"><?xml:namespace prefix = o ns = \"urn:schemas-microsoft-com:office:office\" \/><o:p><FONT face=\"Times New Roman\" size=3><IMG height=188 alt=\"\" src=\"\/\/img33.imageshack.us\/img33\/6264\/p81317051.jpg\" width=250><IMG style=\"WIDTH: 251px; HEIGHT: 188px\" alt=\"\" src=\"\/\/img146.imageshack.us\/img146\/4443\/p8131704.jpg\"><IMG height=188 alt=\"\" src=\"\/\/img14.imageshack.us\/img14\/3238\/p8131700.jpg\" width=250><\/FONT><\/o:p><\/p>\n<p> <P class=MsoNormal style=\"MARGIN: 0cm 0cm 0pt\"><FONT face=\"Times New Roman\" size=3>Tres hermanitos rescatados solos entre <st1:PersonName w:st=\"on\" ProductID=\"la maleza. Est\u00e1n\">la maleza. Est\u00e1n<\/st1:PersonName> desesperados por salir de la jaula, y por falta de espacio se empiezan a deprimir y a poner tristes tambi\u00e9n. Solo hace falta ver sus caras para enamorarse de ellos.<\/FONT><\/p>\n<p> <P class=MsoNormal style=\"MARGIN: 0cm 0cm 0pt\"><o:p><FONT face=\"Times New Roman\" size=3>&#8212;&#8212;&#8212;&#8212;&#8212;&#8212;&#8212;&#8212;&#8212;&#8212;&#8212;&#8212;&#8212;&#8212;&#8212;&#8212;<\/FONT><\/o:p><\/p>\n<p> <P class=MsoNormal style=\"MARGIN: 0cm 0cm 0pt\"><B style=\"mso-bidi-font-weight: normal\"><U><SPAN style=\"FONT-SIZE: 16pt\"><FONT face=\"Times New Roman\">Santy (fallecido el 17\/08):<o:p><\/o:p><\/FONT><\/SPAN><\/U><\/B><\/p>\n<p> <P class=MsoNormal style=\"MARGIN: 0cm 0cm 0pt\"><B style=\"mso-bidi-font-weight: normal\"><U><SPAN style=\"FONT-SIZE: 16pt\"><o:p><SPAN style=\"TEXT-DECORATION: none\"><FONT face=\"Times New Roman\"><SPAN style=\"FONT-WEIGHT: bold\"><IMG height=188 alt=\"\" src=\"\/\/img15.imageshack.us\/img15\/7533\/p8131710.jpg\" width=250><IMG height=188 alt=\"\" src=\"\/\/img44.imageshack.us\/img44\/1270\/p8131707.jpg\" width=250><\/SPAN><\/FONT><\/SPAN><\/o:p><\/SPAN><\/U><\/B><\/p>\n<p> <P class=MsoNormal style=\"MARGIN: 0cm 0cm 0pt\"><FONT face=\"Times New Roman\" size=3>Es un caso especial. Hallado solo, lo cual es muy raro porque normalmente aparecen camadas enteras, es un machito muy delgado que est\u00e1 muy triste y deprimido. Nuestras casas de acogida est\u00e1n saturadas pero este peque\u00f1o necesita urgentemente alguien que lo quiera y sobre todo que lo cuiden, y le de una oportunidad de vivir. Est\u00e1 muy d\u00e9bil y su vida corre serio peligro si no conseguimos encontrarle un hogar pronto.<\/FONT><\/p>\n<p> <P class=MsoNormal style=\"MARGIN: 0cm 0cm 0pt\"><o:p><FONT face=\"Times New Roman\" size=3><\/FONT><\/o:p>&#8212;&#8212;&#8212;&#8212;&#8212;&#8212;&#8212;&#8212;&#8212;&#8212;&#8212;&#8212;&#8212;&#8212;&#8212;&#8212;&#8212;&#8212;-<\/p>\n<p> <P class=MsoNormal style=\"MARGIN: 0cm 0cm 0pt\"><B style=\"mso-bidi-font-weight: normal\"><U><SPAN style=\"FONT-SIZE: 16pt\"><FONT face=\"Times New Roman\">Pedro y Bilma (adoptados):<o:p><\/o:p><\/FONT><\/SPAN><\/U><\/B><\/p>\n<p> <P class=MsoNormal style=\"MARGIN: 0cm 0cm 0pt\"><B style=\"mso-bidi-font-weight: normal\"><U><SPAN style=\"FONT-SIZE: 16pt\"><o:p><SPAN style=\"TEXT-DECORATION: none\"><FONT face=\"Times New Roman\"><IMG height=376 alt=\"\" src=\"\/\/img91.imageshack.us\/img91\/9617\/igp9610.jpg\" width=250><\/FONT><\/SPAN><\/o:p><\/SPAN><\/U><\/B><\/p>\n<p> <P class=MsoNormal style=\"MARGIN: 0cm 0cm 0pt\"><FONT face=\"Times New Roman\" size=3>Parejita de hermanos que entraron la semana pasada. De momento nadie se ha interesado por ellos pero las voluntarias nos dicen que son muy curiosos y divertidos como buenos cachorros que son. Tan solo necesitan un hogar donde demostrar todo el cari\u00f1o que son capaces de dar.<\/FONT><\/p>\n<p> <P class=MsoNormal style=\"MARGIN: 0cm 0cm 0pt\">&#8212;&#8212;&#8212;&#8212;&#8212;&#8212;&#8212;&#8212;&#8212;&#8212;&#8212;&#8212;&#8212;&#8212;&#8212;<\/p>\n<p> <P class=MsoNormal style=\"MARGIN: 0cm 0cm 0pt\"><FONT face=\"Times New Roman\" size=3>Un ejemplo de casa de acogida en Logro\u00f1o. Leo es una se\u00f1ora que lleva toda la vida ayudando a gatitos a encontrar hogares, ella los atiende, los recogen varias colaboradoras que tambi\u00e9n la ayudan, los esteriliza y los da en adopci\u00f3n.<br \/>\nTodo animalista conoce una como ella, siempre hay gatitos, peque\u00f1os grandes medianos.<br \/>\nDesde aqu\u00ed tendremos siempre a todos los gatos que est\u00e1n en adopci\u00f3n, tanto de la perrera que son los mas urgentes como los de Leo (que est\u00e1n acogidos) as\u00ed como cualquiera que necesite difusi\u00f3n.<\/p>\n<p><IMG height=188 alt=\"\" src=\"\/\/img31.imageshack.us\/img31\/8215\/78840245.jpg\" width=250><IMG height=188 alt=\"\" src=\"\/\/img39.imageshack.us\/img39\/4475\/12105026.jpg\" width=250><IMG height=188 alt=\"\" src=\"\/\/img39.imageshack.us\/img39\/526\/97467321.jpg\" width=250><br \/>\n<\/FONT><\/p>\n<p> <P class=MsoNormal style=\"MARGIN: 0cm 0cm 0pt\"><br \/>\n<B style=\"mso-bidi-font-weight: normal\"><SPAN style=\"FONT-SIZE: 16pt\"><FONT face=\"Times New Roman\">Si quieres ayudarnos siendo casa de acogida o adoptando a uno de estos peque\u00f1os, puedes dirigirte a:<o:p><\/o:p><\/FONT><\/SPAN><\/B><\/p>\n<p><B style=\"mso-bidi-font-weight: normal\"><SPAN style=\"FONT-SIZE: 16pt; FONT-FAMILY: 'Times New Roman'; mso-ansi-language: ES; mso-fareast-font-family: 'Times New Roman'; mso-fareast-language: ES; mso-bidi-language: AR-SA\"><br \/>\nBeatriz 607980180, Conchi: 661887946 y Alicia: 609428568<br \/>\nanimalesrioja@gmail.com<\/SPAN><\/B><\/p>\n<p>&#8212;&#8212;&#8212;&#8212;&#8212;&#8212;&#8212;&#8212;&#8212;&#8212;&#8212;-<\/p>\n<p> <P class=MsoNormal style=\"MARGIN: 0cm 0cm 0pt\"><\/p>\n<p> <P class=MsoNormal style=\"MARGIN: 0cm 0cm 0pt\"><FONT face=\"Times New Roman\" size=3><st1:PersonName w:st=\"on\" ProductID=\"la perrera. El\">17\/08\/2009 El<\/st1:PersonName> peque\u00f1o Santy no lo ha conseguido. Estaba muy d\u00e9bil y esta ma\u00f1ana nos ha dejado y ahora ya no sufre m\u00e1s. <\/p>\n<p>Ojal\u00e1 lleguemos a tiempo de encontrarles hogar al resto de peque\u00f1os que quedan.<\/FONT><\/p>\n<p> <P class=MsoNormal style=\"MARGIN: 0cm 0cm 0pt\">&#8212;&#8212;&#8212;&#8212;&#8212;&#8212;&#8212;&#8212;&#8212;&#8212;&#8212;&#8212;-<br \/>\n <P class=MsoNormal style=\"MARGIN: 0cm 0cm 0pt\"><FONT face=\"Times New Roman\" size=3>21\/08 Gracias a las personas que han decidido salvar una de estas vidas ofreci\u00e9ndoles su hogar y su cari\u00f1o y a todas aquellas que han colaborado con la difusi\u00f3n.<\/FONT><\/p>\n<p> <P class=MsoNormal style=\"MARGIN: 0cm 0cm 0pt\"><\/p>\n","protected":false},"excerpt":{"rendered":"<p>Nuevamente, en la Perrera Municipal de Logro\u00f1o han entrado varias camadas de gatos. Todos ellos merecen una oportunidad y los hay de varios colores, sexos y tama\u00f1os. Lamentablemente sabemos que no todos sobrevivir\u00e1n si no contamos con personas de buen coraz\u00f3n dispuestas a darles una oportunidad. Necesitamos para ellos y de forma urgente casas de [&hellip;]<\/p>\n","protected":false},"author":25,"featured_media":0,"comment_status":"open","ping_status":"closed","sticky":false,"template":"","format":"standard","meta":[],"categories":[5],"tags":[17,212,279,352],"_links":{"self":[{"href":"https:\/\/blogs.larioja.com\/animales-de-la-rioja\/wp-json\/wp\/v2\/posts\/101"}],"collection":[{"href":"https:\/\/blogs.larioja.com\/animales-de-la-rioja\/wp-json\/wp\/v2\/posts"}],"about":[{"href":"https:\/\/blogs.larioja.com\/animales-de-la-rioja\/wp-json\/wp\/v2\/types\/post"}],"author":[{"embeddable":true,"href":"https:\/\/blogs.larioja.com\/animales-de-la-rioja\/wp-json\/wp\/v2\/users\/25"}],"replies":[{"embeddable":true,"href":"https:\/\/blogs.larioja.com\/animales-de-la-rioja\/wp-json\/wp\/v2\/comments?post=101"}],"version-history":[{"count":0,"href":"https:\/\/blogs.larioja.com\/animales-de-la-rioja\/wp-json\/wp\/v2\/posts\/101\/revisions"}],"wp:attachment":[{"href":"https:\/\/blogs.larioja.com\/animales-de-la-rioja\/wp-json\/wp\/v2\/media?parent=101"}],"wp:term":[{"taxonomy":"category","embeddable":true,"href":"https:\/\/blogs.larioja.com\/animales-de-la-rioja\/wp-json\/wp\/v2\/categories?post=101"},{"taxonomy":"post_tag","embeddable":true,"href":"https:\/\/blogs.larioja.com\/animales-de-la-rioja\/wp-json\/wp\/v2\/tags?post=101"}],"curies":[{"name":"wp","href":"https:\/\/api.w.org\/{rel}","templated":true}]}}