{"id":105,"date":"2009-08-20T07:40:00","date_gmt":"2009-08-20T07:40:00","guid":{"rendered":"http:\/\/blogs.larioja.com\/animales-de-la-rioja\/?p=105"},"modified":"2009-08-20T07:40:00","modified_gmt":"2009-08-20T07:40:00","slug":"a-lalo-se-pueden-llevar-y-necesita-nuevo-hogar","status":"publish","type":"post","link":"https:\/\/blogs.larioja.com\/animales-de-la-rioja\/2009\/08\/20\/a-lalo-se-pueden-llevar-y-necesita-nuevo-hogar\/","title":{"rendered":"A Lalo no se lo pueden llevar y necesita un nuevo hogar &#8211; Adoptado"},"content":{"rendered":"<p><P class=MsoNormal style=\"MARGIN: 0cm 0cm 0pt\"><FONT face=\"Times New Roman\" size=3>Lalo es este precioso macho blanco de grandes ojos azules. Tiene un a\u00f1o y medio y necesita un nuevo hogar urgentemente. Su due\u00f1a por motivos de trabajo se desplaza fuera y en su nuevo lugar de residencia, no le permiten llevarlo consigo.<\/FONT><\/p>\n<p> <P class=MsoNormal style=\"MARGIN: 0cm 0cm 0pt\"><FONT face=\"Times New Roman\" size=3>Nos ha pedido ayuda desesperada porque quiere much\u00edsimo a Lalo y busca un nuevo hogar para \u00e9l donde pueda tener todo el cari\u00f1o y atenci\u00f3n que se merece.<\/FONT><\/p>\n<p> <P class=MsoNormal style=\"MARGIN: 0cm 0cm 0pt\"><FONT face=\"Times New Roman\" size=3>Lalo es un gato totalmente casero. Mimoso y cari\u00f1oso, no hay m\u00e1s que ver las fotos para hacerse una idea del car\u00e1cter afable de este gato. Est\u00e1 esterilizado y al d\u00eda en sus vacunas por lo que tan solo necesita un hogar definitivo donde dar y recibir mucho amor.<\/FONT><\/p>\n<p> <P class=MsoNormal style=\"MARGIN: 0cm 0cm 0pt\"><FONT face=\"Times New Roman\" size=3>Puedes ayudarnos acogiendo o adoptando a Lalo. Si no puedes adoptar o acoger puedes difundirlo entre las personas que conoces ya que nunca se sabe d\u00f3nde puede estar el hogar definitivo para \u00e9l.<\/FONT><\/p>\n<p> <P class=MsoNormal style=\"MARGIN: 0cm 0cm 0pt\"><FONT face=\"Times New Roman\" size=3><\/FONT><br \/>\n<IMG class=imgizqda id=img_1 src=\"\/animales-de-la-rioja\/wp-content\/uploads\/sites\/22\/DSC001001.jpg\"> <\/p>\n<p> <P class=MsoNormal style=\"MARGIN: 0cm 0cm 0pt\"> <P class=MsoNormal style=\"MARGIN: 0cm 0cm 0pt\"><\/p>\n<p> <P class=MsoNormal style=\"MARGIN: 0cm 0cm 0pt\"><?xml:namespace prefix = o ns = \"urn:schemas-microsoft-com:office:office\" \/><o:p><FONT face=\"Times New Roman\" size=3><\/FONT><\/o:p><\/p>\n<p> <P class=MsoNormal style=\"MARGIN: 0cm 0cm 0pt\"><FONT face=\"Times New Roman\" size=3><\/FONT><\/p>\n<p> <P class=MsoNormal style=\"MARGIN: 0cm 0cm 0pt\"><FONT face=\"Times New Roman\" size=3><\/FONT><\/p>\n<p> <P class=MsoNormal style=\"MARGIN: 0cm 0cm 0pt\"><FONT face=\"Times New Roman\" size=3><\/FONT><\/p>\n<p> <P class=MsoNormal style=\"MARGIN: 0cm 0cm 0pt\"><FONT face=\"Times New Roman\" size=3><\/FONT><\/p>\n<p> <P class=MsoNormal style=\"MARGIN: 0cm 0cm 0pt\"><FONT face=\"Times New Roman\" size=3><\/FONT><\/p>\n<p> <P class=MsoNormal style=\"MARGIN: 0cm 0cm 0pt\"><FONT face=\"Times New Roman\" size=3><\/FONT><\/p>\n<p> <P class=MsoNormal style=\"MARGIN: 0cm 0cm 0pt\"><FONT face=\"Times New Roman\" size=3><\/FONT><\/p>\n<p> <P class=MsoNormal style=\"MARGIN: 0cm 0cm 0pt\"><FONT face=\"Times New Roman\" size=3><\/FONT><\/p>\n<p> <P class=MsoNormal style=\"MARGIN: 0cm 0cm 0pt\"><FONT face=\"Times New Roman\" size=3><\/FONT><\/p>\n<p> <P class=MsoNormal style=\"MARGIN: 0cm 0cm 0pt\"><A href=\"mailto:anacarballosoriano@hotmail.com\"><FONT face=\"Times New Roman\" size=3><\/FONT><\/A><\/p>\n<p> <P class=MsoNormal style=\"MARGIN: 0cm 0cm 0pt\"><\/p>\n<p> <P class=MsoNormal style=\"MARGIN: 0cm 0cm 0pt\"><\/p>\n<p><IMG class=imgizqda id=img_0 src=\"\/animales-de-la-rioja\/wp-content\/uploads\/sites\/22\/DSC00102.jpg\"><\/p>\n<p> <P class=MsoNormal style=\"MARGIN: 0cm 0cm 0pt\"> <P class=MsoNormal style=\"MARGIN: 0cm 0cm 0pt\"> <P class=MsoNormal style=\"MARGIN: 0cm 0cm 0pt\"> <P class=MsoNormal style=\"MARGIN: 0cm 0cm 0pt\"> <P class=MsoNormal style=\"MARGIN: 0cm 0cm 0pt\"> <P class=MsoNormal style=\"MARGIN: 0cm 0cm 0pt\"> <P class=MsoNormal style=\"MARGIN: 0cm 0cm 0pt\"> <P class=MsoNormal style=\"MARGIN: 0cm 0cm 0pt\"> <P class=MsoNormal style=\"MARGIN: 0cm 0cm 0pt\"> <P class=MsoNormal style=\"MARGIN: 0cm 0cm 0pt\"> <P class=MsoNormal style=\"MARGIN: 0cm 0cm 0pt\"> <P class=MsoNormal style=\"MARGIN: 0cm 0cm 0pt\"> <P class=MsoNormal style=\"MARGIN: 0cm 0cm 0pt\"> <P class=MsoNormal style=\"MARGIN: 0cm 0cm 0pt\"> <P class=MsoNormal style=\"MARGIN: 0cm 0cm 0pt\"><\/p>\n<p> <P class=MsoNormal style=\"MARGIN: 0cm 0cm 0pt\"> <P class=MsoNormal style=\"MARGIN: 0cm 0cm 0pt\"> <P class=MsoNormal style=\"MARGIN: 0cm 0cm 0pt\"> <P class=MsoNormal style=\"MARGIN: 0cm 0cm 0pt\"> <P class=MsoNormal style=\"MARGIN: 0cm 0cm 0pt\"> <P class=MsoNormal style=\"MARGIN: 0cm 0cm 0pt\"> <P class=MsoNormal style=\"MARGIN: 0cm 0cm 0pt\"> <P class=MsoNormal style=\"MARGIN: 0cm 0cm 0pt\"> <P class=MsoNormal style=\"MARGIN: 0cm 0cm 0pt\"> <P class=MsoNormal style=\"MARGIN: 0cm 0cm 0pt\"> <P class=MsoNormal style=\"MARGIN: 0cm 0cm 0pt\"> <P class=MsoNormal style=\"MARGIN: 0cm 0cm 0pt\"> <P class=MsoNormal style=\"MARGIN: 0cm 0cm 0pt\"><IMG class=imgizqda id=img_0 src=\"\/animales-de-la-rioja\/wp-content\/uploads\/sites\/22\/DSC00134.jpg\">  <P class=MsoNormal style=\"MARGIN: 0cm 0cm 0pt\"><\/p>\n<p> <P class=MsoNormal style=\"MARGIN: 0cm 0cm 0pt\"> <P class=MsoNormal style=\"MARGIN: 0cm 0cm 0pt\"> <P class=MsoNormal style=\"MARGIN: 0cm 0cm 0pt\"> <P class=MsoNormal style=\"MARGIN: 0cm 0cm 0pt\"> <P class=MsoNormal style=\"MARGIN: 0cm 0cm 0pt\"> <P class=MsoNormal style=\"MARGIN: 0cm 0cm 0pt\"> <P class=MsoNormal style=\"MARGIN: 0cm 0cm 0pt\"> <P class=MsoNormal style=\"MARGIN: 0cm 0cm 0pt\"> <P class=MsoNormal style=\"MARGIN: 0cm 0cm 0pt\"> <P class=MsoNormal style=\"MARGIN: 0cm 0cm 0pt\"> <P class=MsoNormal style=\"MARGIN: 0cm 0cm 0pt\"> <P class=MsoNormal style=\"MARGIN: 0cm 0cm 0pt\"> <P class=MsoNormal style=\"MARGIN: 0cm 0cm 0pt\"> <P class=MsoNormal style=\"MARGIN: 0cm 0cm 0pt\"> <P class=MsoNormal style=\"MARGIN: 0cm 0cm 0pt\"> <P class=MsoNormal style=\"MARGIN: 0cm 0cm 0pt\">Para m\u00e1s informaci\u00f3n y para contactar: <A href=\"mailto:anacarballosoriano@hotmail.com\"><FONT face=\"Times New Roman\" size=3>anacarballosoriano@hotmail.com<\/FONT><\/A><\/p>\n<p>&#8212;&#8212;&#8212;&#8212;&#8212;&#8212;&#8212;&#8212;&#8212;&#8212;-  <P class=MsoNormal style=\"MARGIN: 0cm 0cm 0pt\">Lalo ha sido reservado. Muchas gracias a todos los que hab\u00e9is ayudado a difundir su caso y que hac\u00e9is posible una segunda oportunidad a estos peludos.<\/p>\n","protected":false},"excerpt":{"rendered":"<p>Lalo es este precioso macho blanco de grandes ojos azules. Tiene un a\u00f1o y medio y necesita un nuevo hogar urgentemente. Su due\u00f1a por motivos de trabajo se desplaza fuera y en su nuevo lugar de residencia, no le permiten llevarlo consigo. Nos ha pedido ayuda desesperada porque quiere much\u00edsimo a Lalo y busca un [&hellip;]<\/p>\n","protected":false},"author":25,"featured_media":0,"comment_status":"open","ping_status":"closed","sticky":false,"template":"","format":"standard","meta":[],"categories":[5],"tags":[59,213,279],"_links":{"self":[{"href":"https:\/\/blogs.larioja.com\/animales-de-la-rioja\/wp-json\/wp\/v2\/posts\/105"}],"collection":[{"href":"https:\/\/blogs.larioja.com\/animales-de-la-rioja\/wp-json\/wp\/v2\/posts"}],"about":[{"href":"https:\/\/blogs.larioja.com\/animales-de-la-rioja\/wp-json\/wp\/v2\/types\/post"}],"author":[{"embeddable":true,"href":"https:\/\/blogs.larioja.com\/animales-de-la-rioja\/wp-json\/wp\/v2\/users\/25"}],"replies":[{"embeddable":true,"href":"https:\/\/blogs.larioja.com\/animales-de-la-rioja\/wp-json\/wp\/v2\/comments?post=105"}],"version-history":[{"count":0,"href":"https:\/\/blogs.larioja.com\/animales-de-la-rioja\/wp-json\/wp\/v2\/posts\/105\/revisions"}],"wp:attachment":[{"href":"https:\/\/blogs.larioja.com\/animales-de-la-rioja\/wp-json\/wp\/v2\/media?parent=105"}],"wp:term":[{"taxonomy":"category","embeddable":true,"href":"https:\/\/blogs.larioja.com\/animales-de-la-rioja\/wp-json\/wp\/v2\/categories?post=105"},{"taxonomy":"post_tag","embeddable":true,"href":"https:\/\/blogs.larioja.com\/animales-de-la-rioja\/wp-json\/wp\/v2\/tags?post=105"}],"curies":[{"name":"wp","href":"https:\/\/api.w.org\/{rel}","templated":true}]}}