{"id":1068,"date":"2012-06-06T07:41:54","date_gmt":"2012-06-06T06:41:54","guid":{"rendered":"http:\/\/blogs.larioja.com\/animales-de-la-rioja\/?p=1068"},"modified":"2012-06-06T07:41:54","modified_gmt":"2012-06-06T06:41:54","slug":"el-paseo-la-llamada-y-el-momento-de-turka","status":"publish","type":"post","link":"https:\/\/blogs.larioja.com\/animales-de-la-rioja\/2012\/06\/06\/el-paseo-la-llamada-y-el-momento-de-turka\/","title":{"rendered":"El paseo, la llamada y el momento de Turka"},"content":{"rendered":"<p>Est\u00e1 siendo una buena semana. Muchos nuevos amigos peludos y algunos de nuestros peques en acogida que encuentran una familia y un nuevo hogar. A todos ellos les insisto siempre en la necesidad de crear un v\u00ednculo especial con ellos cuanto antes, y practicar much\u00edsimo la llamada.<\/p>\n<p>De todas las \u00f3rdenes que podemos ense\u00f1ar a un perro, para m\u00ed es la m\u00e1s importante. Debemos centrarnos en conseguir una respuesta fiable y reforzarla constantemente. Para ello utilizo los juegos. Hay muchos y de muchas clases. Al utilizar juegos para practicar la llamada le ense\u00f1amos que merece la pena acercarse, porque significa la promesa de cosas buenas. No le llamemos \u00fanicamente cuando nos vamos a casa porque, seguramente, dejar\u00e1 de acudir o lo har\u00e1 remoloneando. Es importante llamarle de vez en cuando durante el paseo, \u00a0premiar con una caricia, una chucher\u00eda o un juguete y dejarla ir de nuevo. Cada perro tiene sus propios reforzadores y es importante conocerlos. El juego de la llamada nos da pistas de qu\u00e9 es lo que realmente le gusta a nuestro perro. Adem\u00e1s, favorecemos la relaci\u00f3n con nuestro perro y obtendremos una respuesta a la llamada m\u00e1s segura y fiable. El objetivo es ser lo m\u00e1s interesante del parque para nuestro perro.<\/p>\n<p>La protagonista de hoy es Turka. La encontramos hace unas semanas abandonada por el barrio de Varea. Al parecer, sus due\u00f1os decidieron irse de vacaciones sin contar con ella y, prefirieron abandonarla en la orilla del r\u00edo. Calculamos que tiene unos 9 meses, es de tama\u00f1o medio (llega por la rodilla) y muy cari\u00f1osa, d\u00f3cil e inteligente. Es una perra pegatina que siempre quiere estar al lado y muy buena compa\u00f1era de paseos.<br \/>\nBuscamos a alguien que quiera disfrutar de esta excepcional compa\u00f1era durante el resto de su vida.<\/p>\n<p><a href=\"mailto:nunenunitas@gmail.com\">nunenunitas@gmail.com<\/a>.<br \/>\nSi no puedes acoger o adoptar, agradecemos toda la difusi\u00f3n de Turka<\/p>\n<p><img loading=\"lazy\" class=\"aligncenter\" src=\"https:\/\/public.sn2.livefilestore.com\/y1p1BXUxzZviEQYlFn3sf6sOMj77DDDR9gX4UFANyCldL9eXw1GGgqeArnD0UnOH1XL-E0nE_P5zozgLMv8zAYjLQ\/581460_303131456432994_100002084261988_678477_1380581457_n.jpg?psid=1\" alt=\"\" width=\"297\" height=\"448\" \/><\/p>\n","protected":false},"excerpt":{"rendered":"<p>Est\u00e1 siendo una buena semana. Muchos nuevos amigos peludos y algunos de nuestros peques en acogida que encuentran una familia y un nuevo hogar. A todos ellos les insisto siempre en la necesidad de crear un v\u00ednculo especial con ellos cuanto antes, y practicar much\u00edsimo la llamada. De todas las \u00f3rdenes que podemos ense\u00f1ar a [&hellip;]<\/p>\n","protected":false},"author":25,"featured_media":0,"comment_status":"open","ping_status":"closed","sticky":false,"template":"","format":"standard","meta":[],"categories":[2,3,4],"tags":[259,278,336,349],"_links":{"self":[{"href":"https:\/\/blogs.larioja.com\/animales-de-la-rioja\/wp-json\/wp\/v2\/posts\/1068"}],"collection":[{"href":"https:\/\/blogs.larioja.com\/animales-de-la-rioja\/wp-json\/wp\/v2\/posts"}],"about":[{"href":"https:\/\/blogs.larioja.com\/animales-de-la-rioja\/wp-json\/wp\/v2\/types\/post"}],"author":[{"embeddable":true,"href":"https:\/\/blogs.larioja.com\/animales-de-la-rioja\/wp-json\/wp\/v2\/users\/25"}],"replies":[{"embeddable":true,"href":"https:\/\/blogs.larioja.com\/animales-de-la-rioja\/wp-json\/wp\/v2\/comments?post=1068"}],"version-history":[{"count":0,"href":"https:\/\/blogs.larioja.com\/animales-de-la-rioja\/wp-json\/wp\/v2\/posts\/1068\/revisions"}],"wp:attachment":[{"href":"https:\/\/blogs.larioja.com\/animales-de-la-rioja\/wp-json\/wp\/v2\/media?parent=1068"}],"wp:term":[{"taxonomy":"category","embeddable":true,"href":"https:\/\/blogs.larioja.com\/animales-de-la-rioja\/wp-json\/wp\/v2\/categories?post=1068"},{"taxonomy":"post_tag","embeddable":true,"href":"https:\/\/blogs.larioja.com\/animales-de-la-rioja\/wp-json\/wp\/v2\/tags?post=1068"}],"curies":[{"name":"wp","href":"https:\/\/api.w.org\/{rel}","templated":true}]}}