{"id":166,"date":"2009-11-07T08:30:00","date_gmt":"2009-11-07T08:30:00","guid":{"rendered":"http:\/\/blogs.larioja.com\/animales-de-la-rioja\/?p=166"},"modified":"2009-11-07T08:30:00","modified_gmt":"2009-11-07T08:30:00","slug":"la-otitis-los-perros","status":"publish","type":"post","link":"https:\/\/blogs.larioja.com\/animales-de-la-rioja\/2009\/11\/07\/la-otitis-los-perros\/","title":{"rendered":"La otitis en los perros"},"content":{"rendered":"<p><P class=MsoNormal style=\"MARGIN: 0cm 0cm 0pt; TEXT-ALIGN: justify\"><FONT face=\"Times New Roman\" size=3>Muchos perros sufren frecuentemente de <\/FONT><A href=\"http:\/\/foyel.com\/cartillas\/25\/otitis_canina_y_felina.html\" target=_blank><FONT face=\"Times New Roman\" size=3>otitis<\/FONT><\/A><FONT face=\"Times New Roman\" size=3>. La otitis es una enfermedad muy molesta, que causa intenso malestar en uno o ambos o\u00eddos. Este malestar y dolor hace que est\u00e9n con la cabeza inclinada, que se rasquen y se lastimen en las regiones cercanas a la oreja, que cuando los toquemos lloren, griten o incluso nos quieran morder. Tambi\u00e9n muchas veces sale del o\u00eddo mucha cantidad de pus o cerumen o un intenso olor rancio. A veces este olor se confunde con el olor del cuerpo, y en realidad es proveniente del o\u00eddo. <\/FONT><\/p>\n<p><SPAN style=\"FONT-SIZE: 12pt; FONT-FAMILY: 'Times New Roman'; mso-fareast-font-family: 'Times New Roman'; mso-fareast-language: ES; mso-ansi-language: ES; mso-bidi-language: AR-SA\">Si ves que tu perro tiene malestar en los o\u00eddos, no dejes pasar el tiempo, ya que cu\u00e1nto m\u00e1s cr\u00f3nica se hace una otitis, menos posibilidades hay de tratarla exitosamente. Recurre r\u00e1pidamente al veterinario, que \u00e9l sabr\u00e1 indicar cuales son los pasos a seguir para tratarla adecuadamente.<\/SPAN><\/p>\n<p><SPAN style=\"FONT-SIZE: 12pt; FONT-FAMILY: 'Times New Roman'; mso-fareast-font-family: 'Times New Roman'; mso-fareast-language: ES; mso-ansi-language: ES; mso-bidi-language: AR-SA\"> <P class=MsoNormal style=\"MARGIN: 0cm 0cm 0pt; TEXT-ALIGN: justify\">Hoy presentamos a Casper, un precioso macho nacido en el 2003 y que ahora mismo est\u00e1 en el <FONT color=#000066><STRONG><FONT color=#000066><A id=link_0 title=http:\/\/www.aparioja.org\/ href=\"http:\/\/www.aparioja.org\/\"><FONT color=#000066><STRONG><FONT color=#000066>Refugio de <?xml:namespace prefix = st1 ns = \"urn:schemas-microsoft-com:office:smarttags\" \/><st1:PersonName ProductID=\"la Asociaci\u00f3n Protectora\" w:st=\"on\">la Asociaci\u00f3n Protectora<\/st1:PersonName> de Animales de <\/FONT><st1:PersonName ProductID=\"La Rioja. Como\" w:st=\"on\"><FONT color=#000066>La Rioja<\/FONT><\/st1:PersonName><\/STRONG><\/FONT><\/A><\/FONT><\/STRONG><\/FONT><st1:PersonName ProductID=\"La Rioja. Como\" w:st=\"on\">. Como<\/st1:PersonName> \u00e9l hay otros muchos esperando un hogar definitivo.<\/p>\n<p> <P class=MsoNormal style=\"MARGIN: 0cm 0cm 0pt; TEXT-ALIGN: justify\"><IMG class=imgcen id=img_0 src=\"\/animales-de-la-rioja\/wp-content\/uploads\/sites\/22\/a-casper_1.jpg\"><IMG class=imgcen id=img_0 src=\"\/animales-de-la-rioja\/wp-content\/uploads\/sites\/22\/a-casper_2.jpg\"><br \/>\n<\/SPAN><SPAN style=\"FONT-SIZE: 12pt; FONT-FAMILY: 'Times New Roman'; mso-fareast-font-family: 'Times New Roman'; mso-fareast-language: ES; mso-ansi-language: ES; mso-bidi-language: AR-SA\"><STRONG><SPAN style=\"COLOR: #000066\">La Sede de <st1:PersonName ProductID=\"la Asociaci?n Protectora\" w:st=\"on\">la Asociaci\u00f3n Protectora<\/st1:PersonName> de Animales de La Rioja est\u00e1 en Marqu\u00e9s de la Ensenada, 42 &#8211; bajo <\/SPAN><\/STRONG><B><SPAN style=\"COLOR: #000066\"><br \/>\n<STRONG>26003 Logro\u00f1o<\/STRONG><\/p>\n<p><\/SPAN><STRONG>Tel: 941 233 500<\/STRONG><\/B><\/p>\n<p><B>Horario de atenci\u00f3n: Lunes, mi\u00e9rcoles y viernes de 20.30-21.30<\/B><\/p>\n<p><STRONG>Urgencias: M\u00f3vil de la protectora 679064646<\/STRONG><\/p>\n<p><\/SPAN><\/p>\n","protected":false},"excerpt":{"rendered":"<p>Muchos perros sufren frecuentemente de otitis. La otitis es una enfermedad muy molesta, que causa intenso malestar en uno o ambos o\u00eddos. Este malestar y dolor hace que est\u00e9n con la cabeza inclinada, que se rasquen y se lastimen en las regiones cercanas a la oreja, que cuando los toquemos lloren, griten o incluso nos [&hellip;]<\/p>\n","protected":false},"author":25,"featured_media":0,"comment_status":"open","ping_status":"closed","sticky":false,"template":"","format":"standard","meta":[],"categories":[5,9],"tags":[356],"_links":{"self":[{"href":"https:\/\/blogs.larioja.com\/animales-de-la-rioja\/wp-json\/wp\/v2\/posts\/166"}],"collection":[{"href":"https:\/\/blogs.larioja.com\/animales-de-la-rioja\/wp-json\/wp\/v2\/posts"}],"about":[{"href":"https:\/\/blogs.larioja.com\/animales-de-la-rioja\/wp-json\/wp\/v2\/types\/post"}],"author":[{"embeddable":true,"href":"https:\/\/blogs.larioja.com\/animales-de-la-rioja\/wp-json\/wp\/v2\/users\/25"}],"replies":[{"embeddable":true,"href":"https:\/\/blogs.larioja.com\/animales-de-la-rioja\/wp-json\/wp\/v2\/comments?post=166"}],"version-history":[{"count":0,"href":"https:\/\/blogs.larioja.com\/animales-de-la-rioja\/wp-json\/wp\/v2\/posts\/166\/revisions"}],"wp:attachment":[{"href":"https:\/\/blogs.larioja.com\/animales-de-la-rioja\/wp-json\/wp\/v2\/media?parent=166"}],"wp:term":[{"taxonomy":"category","embeddable":true,"href":"https:\/\/blogs.larioja.com\/animales-de-la-rioja\/wp-json\/wp\/v2\/categories?post=166"},{"taxonomy":"post_tag","embeddable":true,"href":"https:\/\/blogs.larioja.com\/animales-de-la-rioja\/wp-json\/wp\/v2\/tags?post=166"}],"curies":[{"name":"wp","href":"https:\/\/api.w.org\/{rel}","templated":true}]}}