{"id":178,"date":"2009-12-16T08:51:00","date_gmt":"2009-12-16T08:51:00","guid":{"rendered":"http:\/\/blogs.larioja.com\/animales-de-la-rioja\/?p=178"},"modified":"2009-12-16T08:51:00","modified_gmt":"2009-12-16T08:51:00","slug":"misaluna","status":"publish","type":"post","link":"https:\/\/blogs.larioja.com\/animales-de-la-rioja\/2009\/12\/16\/misaluna\/","title":{"rendered":"Misaluna (Adoptada)"},"content":{"rendered":"<p><P class=MsoNormal style=\"MARGIN: 0cm 0cm 0pt; TEXT-ALIGN: justify\"><FONT face=\"Times New Roman\" size=3>Este bellez\u00f3n se llama Misaluna. Es una de las gatas m\u00e1s dulces y m\u00e1s tiernas de cuantas han pasado por <?xml:namespace prefix = st1 ns = \"urn:schemas-microsoft-com:office:smarttags\" \/><st1:PersonName ProductID=\"la protectora Alborada\" w:st=\"on\">la protectora <STRONG><A id=link_0 title=http:\/\/www.protectoraalborada.org\/ href=\"http:\/\/www.protectoraalborada.org\/\"><FONT color=#000066><st1:PersonName ProductID=\"la protectora Alborada\" w:st=\"on\">Alborada<\/st1:PersonName> de Huesca<\/FONT><\/A><\/STRONG><\/st1:PersonName>.<\/FONT><\/p>\n<p> <P class=MsoNormal style=\"MARGIN: 0cm 0cm 0pt; TEXT-ALIGN: justify\"><br \/>\n<FONT face=\"Times New Roman\" size=3>Misaluna fue abandonada y se qued\u00f3 pre\u00f1ada. En su casa de acogida tuvo cuatro soletes: Johan (ya adoptado), <\/FONT><A href=\"http:\/\/www.protectoraalborada.org\/2009\/gatos\/compay\/compay.html\" target=blank><FONT face=\"Times New Roman\" size=3>Compay<\/FONT><\/A><FONT face=\"Times New Roman\" size=3>, <\/FONT><A href=\"http:\/\/www.protectoraalborada.org\/2009\/gatos\/aby\/aby.html\" target=blank><FONT face=\"Times New Roman\" size=3>Aby<\/FONT><\/A><FONT face=\"Times New Roman\" size=3> y <\/FONT><A href=\"http:\/\/www.protectoraalborada.org\/2009\/gatos\/habana\/habana\" target=blank><FONT face=\"Times New Roman\" size=3>Habana<\/FONT><\/A><FONT face=\"Times New Roman\" size=3>, que pod\u00e9is ver<STRONG> <FONT color=#000066><A id=link_1 title=http:\/\/www.protectoraalborada.org\/ href=\"http:\/\/www.protectoraalborada.org\/\"><FONT color=#000066>aqu\u00ed<\/FONT><\/A><\/FONT><\/STRONG>. <\/p>\n<p>Misaluna es dulce, es buena, es tierna, es cari\u00f1osa&#8230; y adem\u00e1s es preciosa. Le encanta que le hagan mimos y que le hagas caso. Es muy agradecida.<\/FONT><\/p>\n<p> <P class=MsoNormal style=\"MARGIN: 0cm 0cm 0pt; TEXT-ALIGN: justify\"><IMG class=imgcen id=img_0 src=\"\/animales-de-la-rioja\/wp-content\/uploads\/sites\/22\/misaluna01.jpg\"><IMG class=imgcen id=img_0 src=\"\/animales-de-la-rioja\/wp-content\/uploads\/sites\/22\/misaluna02.jpg\"><IMG class=imgcen id=img_0 src=\"\/animales-de-la-rioja\/wp-content\/uploads\/sites\/22\/misaluna03.jpg\"><br \/>\n<FONT face=\"Times New Roman\" size=3>Se entrega desparasitada, vacunada, con las pruebas de inmuno y leucemia hechas (negativo) y esterilizada.<\/FONT><\/p>\n<p><FONT face=\"Times New Roman\" size=3>Despu\u00e9s de cuidar de sus peque\u00f1os, ahora se merece que cuiden de ella y no vuelvan a abandonarla. <\/FONT><\/p>\n<p><FONT face=\"Times New Roman\" size=3><STRONG><FONT face=\"Times New Roman\" size=3>CONTACTO<\/FONT><\/p>\n<p><FONT face=\"Times New Roman\" size=3>645 887 628<\/FONT><\/p>\n<p><A href=\"mailto:alborada.noemi@gmail.com\"><FONT face=\"Times New Roman\" size=3>alborada.noemi@gmail.com<\/FONT><\/A><\/STRONG><\/FONT><\/p>\n","protected":false},"excerpt":{"rendered":"<p>Este bellez\u00f3n se llama Misaluna. Es una de las gatas m\u00e1s dulces y m\u00e1s tiernas de cuantas han pasado por la protectora Alborada de Huesca. Misaluna fue abandonada y se qued\u00f3 pre\u00f1ada. En su casa de acogida tuvo cuatro soletes: Johan (ya adoptado), Compay, Aby y Habana, que pod\u00e9is ver aqu\u00ed. Misaluna es dulce, es [&hellip;]<\/p>\n","protected":false},"author":25,"featured_media":0,"comment_status":"open","ping_status":"closed","sticky":false,"template":"","format":"standard","meta":[],"categories":[5,9],"tags":[206,242],"_links":{"self":[{"href":"https:\/\/blogs.larioja.com\/animales-de-la-rioja\/wp-json\/wp\/v2\/posts\/178"}],"collection":[{"href":"https:\/\/blogs.larioja.com\/animales-de-la-rioja\/wp-json\/wp\/v2\/posts"}],"about":[{"href":"https:\/\/blogs.larioja.com\/animales-de-la-rioja\/wp-json\/wp\/v2\/types\/post"}],"author":[{"embeddable":true,"href":"https:\/\/blogs.larioja.com\/animales-de-la-rioja\/wp-json\/wp\/v2\/users\/25"}],"replies":[{"embeddable":true,"href":"https:\/\/blogs.larioja.com\/animales-de-la-rioja\/wp-json\/wp\/v2\/comments?post=178"}],"version-history":[{"count":0,"href":"https:\/\/blogs.larioja.com\/animales-de-la-rioja\/wp-json\/wp\/v2\/posts\/178\/revisions"}],"wp:attachment":[{"href":"https:\/\/blogs.larioja.com\/animales-de-la-rioja\/wp-json\/wp\/v2\/media?parent=178"}],"wp:term":[{"taxonomy":"category","embeddable":true,"href":"https:\/\/blogs.larioja.com\/animales-de-la-rioja\/wp-json\/wp\/v2\/categories?post=178"},{"taxonomy":"post_tag","embeddable":true,"href":"https:\/\/blogs.larioja.com\/animales-de-la-rioja\/wp-json\/wp\/v2\/tags?post=178"}],"curies":[{"name":"wp","href":"https:\/\/api.w.org\/{rel}","templated":true}]}}