{"id":2399,"date":"2015-02-02T15:37:00","date_gmt":"2015-02-02T14:37:00","guid":{"rendered":"http:\/\/blogs.larioja.com\/animales-de-la-rioja\/?p=2399"},"modified":"2015-02-02T15:37:00","modified_gmt":"2015-02-02T14:37:00","slug":"perros-y-nieve","status":"publish","type":"post","link":"https:\/\/blogs.larioja.com\/animales-de-la-rioja\/2015\/02\/02\/perros-y-nieve\/","title":{"rendered":"Perros y nieve"},"content":{"rendered":"<p>Son muchos los perros que disfrutan enormemente de la novedad de la nieve, sobre todo, si no la han visto antes y porque es algo, que sucede pocas veces al a\u00f1o.<\/p>\n<p>En las salidas a la nieve, es importante no perderle la pista al animal, pues si se trata de un espacio amplio y que no conoce, puede despistarse y perderse. No le sueltes o, al menos, ten a tu perro visualmente controlado y aseg\u00farate que lleva su collar y alg\u00fan tipo de identificaci\u00f3n, una chapa, etc.<\/p>\n<p>Tambi\u00e9n puedes usar, por seguridad, un chaleco reflectante para ubicar al perro m\u00e1s f\u00e1cilmente en caso de extrav\u00edo, una alternativa conveniente en especial si es peque\u00f1o o cuenta con un pelaje muy claro.<\/p>\n<p>De vuelta a casa, s\u00e9cale bien para que no coja fr\u00edo. La nieve puede penetrar hasta las capas m\u00e1s profundas por lo que, en caso de duda, lo podemos ba\u00f1ar y secar en casa para eliminar el fr\u00edo.<\/p>\n<p>Si ha hecho mucho ejercicio, quiz\u00e1 llegue con mucha hambre. En caso de repetir a menudo las salidas, quiz\u00e1 debas aumentar su raci\u00f3n de pienso: En invierno se queman m\u00e1s calor\u00edas para generar calor y, al igual que nosotros necesitamos m\u00e1s energ\u00eda, tambi\u00e9n debemos adaptar la dieta de nuestro perro.<\/p>\n<p>M\u00e1s consejos para disfrutar de la nieve con tu perro en:\u00a0<a href=\"http:\/\/l.facebook.com\/l.php?u=http%3A%2F%2Fperrygatos.es%2Fart%25C3%25ADculos%2Fnotas-de-inter%25C3%25A9s-sobre-perros%2Fdisfrutando-de-la-nieve%2F&#038;h=MAQEpYHuu&#038;enc=AZPno4HCwOUd3Nw7EU2gygDLaUZTTM-5qQAz_pvoz7LQTLaWtiK_mQZPBXDiQaTkIl_kqByzmIQOTC_OSgTl4eyTwXRSZXI18N-8c0WOU_WZAeXL79i_o2JQNDiJ1YfsSjGcNUkpme6JorpDzn_D0SH5eVZr4aI1766iteTdSM9bxA&#038;s=1\" target=\"_blank\">http:\/\/perrygatos.es\/\u2026\/notas-de-in\u2026\/disfrutando-de-la-nieve\/<\/a><\/p>\n<p>Negrilla es una de nuestras amadrinadas que disfrutan enormemente con la nieve. Sociable, tranquila y cari\u00f1osa, se lleva bien con perros y gatos. De car\u00e1cter dulce y tranquilo, ideal para ser una compa\u00f1era perfecta. Si quieres adoptar o acoger a Negrilla, envia un mail a <a href=\"mailto:dan.asociacion@gmail.com\">dan.asociacion@gmail.com<\/a> o si eres de Madrid y para adopciones Internacionales a <a href=\"mailto:dan.asociacion.madrid@gmail.com\">dan.asociacion.madrid@gmail.com<\/a><\/p>\n<p><a href=\"https:\/\/blogs.larioja.com\/animales-de-la-rioja\/2015\/02\/02\/perros-y-nieve\/10940408_4973209866159_3311935732350607853_n\/\" rel=\"attachment wp-att-2400\"><img loading=\"lazy\" class=\"aligncenter size-full wp-image-2400\" title=\"10940408_4973209866159_3311935732350607853_n\" src=\"\/animales-de-la-rioja\/wp-content\/uploads\/sites\/22\/2015\/02\/10940408_4973209866159_3311935732350607853_n.jpg\" alt=\"\" width=\"319\" height=\"532\" srcset=\"https:\/\/static-blogs.larioja.com\/wp-content\/uploads\/sites\/22\/2015\/02\/10940408_4973209866159_3311935732350607853_n.jpg 319w, https:\/\/static-blogs.larioja.com\/wp-content\/uploads\/sites\/22\/2015\/02\/10940408_4973209866159_3311935732350607853_n-180x300.jpg 180w\" sizes=\"(max-width: 319px) 100vw, 319px\" \/><\/a><\/p>\n","protected":false},"excerpt":{"rendered":"<p>Son muchos los perros que disfrutan enormemente de la novedad de la nieve, sobre todo, si no la han visto antes y porque es algo, que sucede pocas veces al a\u00f1o. En las salidas a la nieve, es importante no perderle la pista al animal, pues si se trata de un espacio amplio y que [&hellip;]<\/p>\n","protected":false},"author":25,"featured_media":0,"comment_status":"open","ping_status":"open","sticky":false,"template":"","format":"standard","meta":[],"categories":[2,3,5],"tags":[259,314,349],"_links":{"self":[{"href":"https:\/\/blogs.larioja.com\/animales-de-la-rioja\/wp-json\/wp\/v2\/posts\/2399"}],"collection":[{"href":"https:\/\/blogs.larioja.com\/animales-de-la-rioja\/wp-json\/wp\/v2\/posts"}],"about":[{"href":"https:\/\/blogs.larioja.com\/animales-de-la-rioja\/wp-json\/wp\/v2\/types\/post"}],"author":[{"embeddable":true,"href":"https:\/\/blogs.larioja.com\/animales-de-la-rioja\/wp-json\/wp\/v2\/users\/25"}],"replies":[{"embeddable":true,"href":"https:\/\/blogs.larioja.com\/animales-de-la-rioja\/wp-json\/wp\/v2\/comments?post=2399"}],"version-history":[{"count":0,"href":"https:\/\/blogs.larioja.com\/animales-de-la-rioja\/wp-json\/wp\/v2\/posts\/2399\/revisions"}],"wp:attachment":[{"href":"https:\/\/blogs.larioja.com\/animales-de-la-rioja\/wp-json\/wp\/v2\/media?parent=2399"}],"wp:term":[{"taxonomy":"category","embeddable":true,"href":"https:\/\/blogs.larioja.com\/animales-de-la-rioja\/wp-json\/wp\/v2\/categories?post=2399"},{"taxonomy":"post_tag","embeddable":true,"href":"https:\/\/blogs.larioja.com\/animales-de-la-rioja\/wp-json\/wp\/v2\/tags?post=2399"}],"curies":[{"name":"wp","href":"https:\/\/api.w.org\/{rel}","templated":true}]}}