{"id":2640,"date":"2016-07-01T15:15:31","date_gmt":"2016-07-01T14:15:31","guid":{"rendered":"http:\/\/blogs.larioja.com\/animales-de-la-rioja\/?p=2640"},"modified":"2016-07-01T15:15:31","modified_gmt":"2016-07-01T14:15:31","slug":"aprender-es-cosa-de-dos-ensenando-a-perros-y-humanos-a-trabajar-juntos","status":"publish","type":"post","link":"https:\/\/blogs.larioja.com\/animales-de-la-rioja\/2016\/07\/01\/aprender-es-cosa-de-dos-ensenando-a-perros-y-humanos-a-trabajar-juntos\/","title":{"rendered":"Aprender es cosa de dos: Ense\u00f1ando a perros y humanos a trabajar juntos"},"content":{"rendered":"<p>Educar es cosa de dos: el que ense\u00f1a y el que aprende. Y en el mundo canino, tambi\u00e9n sucede. Para que las cosas funcionen, perro y gu\u00eda deben conectar y, si no lo hacen, suelen empezar los problemas (el perro tira, no acude a la llamada, no hace caso, muerde la correa&#8230; y mil cosas m\u00e1s en las que parte de la responsabilidad, no es exclusiva del animal).<\/p>\n<p>&nbsp;<\/p>\n<p>Cuando se empieza a trabajar con un perro, es importante que el veterinario haya revisado al animal y descartado cualquier patolog\u00eda que pueda estar detr\u00e1s del &#8220;problema&#8221; para tratarlo, en su caso. Solo entonces, podemos ponernos manos a la obra.<\/p>\n<p>&nbsp;<\/p>\n<p>A partir de ese momento, el trabajo es a dos bandas. El humano debe aprender a guiar a su perro, a sacarle partido a todo su potencial y a disfrutar juntos y el perro a confiar en \u00e9l y dejarse guiar. En caso contrario la relaci\u00f3n dif\u00edcilmente llegar\u00e1 a funcionar. No se le puede pedir a un perro que haga algo que no le hayamos ense\u00f1ado previamente y se haya fijado de forma coherente. Ser\u00eda como tratar de echarle la culpa cuando algo no nos sale bien, simplemente porque estaba al lado.<\/p>\n<p>&nbsp;<\/p>\n<p>Procura facilitar las cosas y ayudar a que el perro acierte, en vez de castigar los errores. \u00c9l aprender\u00e1 antes y ambos disfrutar\u00e9is de la experiencia.<\/p>\n<p>&nbsp;<\/p>\n<p><a href=\"http:\/\/perrygatos.es\/art%C3%ADculos\/colaboraciones-con-publicaciones\/responsabilidad-compartida\/\">http:\/\/perrygatos.es\/art%C3%ADculos\/colaboraciones-con-publicaciones\/responsabilidad-compartida\/<\/a><\/p>\n<p>&nbsp;<\/p>\n<p><img loading=\"lazy\" class=\"alignnone size-full wp-image-4110\" src=\"https:\/\/perrygatos.files.wordpress.com\/2016\/07\/img_0620.jpg\" alt=\"IMG_0620\" width=\"3264\" height=\"2448\" \/><\/p>\n","protected":false},"excerpt":{"rendered":"<p>Educar es cosa de dos: el que ense\u00f1a y el que aprende. Y en el mundo canino, tambi\u00e9n sucede. Para que las cosas funcionen, perro y gu\u00eda deben conectar y, si no lo hacen, suelen empezar los problemas (el perro tira, no acude a la llamada, no hace caso, muerde la correa&#8230; y mil cosas [&hellip;]<\/p>\n","protected":false},"author":25,"featured_media":0,"comment_status":"open","ping_status":"open","sticky":false,"template":"","format":"standard","meta":[],"categories":[2,3,8],"tags":[158,360,369],"_links":{"self":[{"href":"https:\/\/blogs.larioja.com\/animales-de-la-rioja\/wp-json\/wp\/v2\/posts\/2640"}],"collection":[{"href":"https:\/\/blogs.larioja.com\/animales-de-la-rioja\/wp-json\/wp\/v2\/posts"}],"about":[{"href":"https:\/\/blogs.larioja.com\/animales-de-la-rioja\/wp-json\/wp\/v2\/types\/post"}],"author":[{"embeddable":true,"href":"https:\/\/blogs.larioja.com\/animales-de-la-rioja\/wp-json\/wp\/v2\/users\/25"}],"replies":[{"embeddable":true,"href":"https:\/\/blogs.larioja.com\/animales-de-la-rioja\/wp-json\/wp\/v2\/comments?post=2640"}],"version-history":[{"count":0,"href":"https:\/\/blogs.larioja.com\/animales-de-la-rioja\/wp-json\/wp\/v2\/posts\/2640\/revisions"}],"wp:attachment":[{"href":"https:\/\/blogs.larioja.com\/animales-de-la-rioja\/wp-json\/wp\/v2\/media?parent=2640"}],"wp:term":[{"taxonomy":"category","embeddable":true,"href":"https:\/\/blogs.larioja.com\/animales-de-la-rioja\/wp-json\/wp\/v2\/categories?post=2640"},{"taxonomy":"post_tag","embeddable":true,"href":"https:\/\/blogs.larioja.com\/animales-de-la-rioja\/wp-json\/wp\/v2\/tags?post=2640"}],"curies":[{"name":"wp","href":"https:\/\/api.w.org\/{rel}","templated":true}]}}