{"id":97,"date":"2009-08-12T07:37:00","date_gmt":"2009-08-12T07:37:00","guid":{"rendered":"http:\/\/blogs.larioja.com\/animales-de-la-rioja\/?p=97"},"modified":"2009-08-12T07:37:00","modified_gmt":"2009-08-12T07:37:00","slug":"la-nariz-seca-los-perros-y-varios-peques-la-perrera","status":"publish","type":"post","link":"https:\/\/blogs.larioja.com\/animales-de-la-rioja\/2009\/08\/12\/la-nariz-seca-los-perros-y-varios-peques-la-perrera\/","title":{"rendered":"La nariz seca en los perros y varios peques en la Perrera Municipal"},"content":{"rendered":"<p><P class=MsoNormal style=\"MARGIN: 0cm 0cm 0pt\"><FONT face=\"Times New Roman\" size=3>Muchos due\u00f1os preocupados se preguntan si una nariz seca significa un perro enfermo, y la respuesta corta es no. Existen muchas razones por las que su perro puede tener la nariz seca y caliente que no tienen nada que ver con su estado de salud.<\/p>\n<p>Por ejemplo, una nariz seca puede ser simplemente el resultado de que el perro haya estado tumbado al sol, cerca de una fuente de calor o en una habitaci\u00f3n con poca circulaci\u00f3n de aire. De hecho, la nariz de su perro puede pasar de h\u00fameda a seca varias veces al d\u00eda. <\/p>\n<p><\/FONT><FONT size=3><FONT face=\"Times New Roman\"><B style=\"mso-bidi-font-weight: normal\">Tenga cuidado<br \/>\n<\/B><br \/>\nExaminar la nariz de un perro es una buena manera de controlar otros problemas. Los perros con narices p\u00e1lidas o rosadas tienen tendencia a padecer quemaduras solares. Si su perro tiene la nariz seca y roja o si la piel de la nariz se descama, posiblemente se haya quemado por el sol. <\/p>\n<p>Consulte a su veterinario qu\u00e9 tipo de loci\u00f3n solar puede usar para su perro. Es importante proteger a los perros con tendencia a padecer quemaduras solares ya que quemaduras repetidas podr\u00edan dar lugar a c\u00e1ncer de piel. Si la nariz de su perro est\u00e1 agrietada y tiene costras o llagas, es posible que su perro tenga un trastorno cut\u00e1neo y ser\u00eda prudente llevarlo al veterinario para una revisi\u00f3n.<\/p>\n<p>Al examinar la nariz de su perro, tambi\u00e9n es importante observar la secreci\u00f3n nasal. Si la nariz moquea, la mucosidad debe ser transparente. Si su perro produce una mucosidad espumosa, espesa, amarilla, verde o incluso negra, debe llevarlo, sin falta, al veterinario para una revisi\u00f3n. <\/FONT><\/FONT><\/p>\n<p> <P class=MsoNormal style=\"MARGIN: 0cm 0cm 0pt\"><?xml:namespace prefix = o ns = \"urn:schemas-microsoft-com:office:office\" \/><o:p><FONT face=\"Times New Roman\" size=3><\/FONT><\/o:p><\/p>\n<p> <P class=MsoNormal style=\"MARGIN: 0cm 0cm 0pt\"><FONT face=\"Times New Roman\" size=3>Estos peques est\u00e1n en <?xml:namespace prefix = st1 ns = \"urn:schemas-microsoft-com:office:smarttags\" \/><st1:PersonName w:st=\"on\" ProductID=\"la Perrera Municipal\">la Perrera Municipal<\/st1:PersonName> de Logro\u00f1o, aunque desgraciadamente hay muchos m\u00e1s en su misma situaci\u00f3n que puedes conocer <A id=link_0 title=http:\/\/www.animalesrioja.es.tl\/Perros-URGENTES.htm href=\"http:\/\/www.animalesrioja.es.tl\/Perros-URGENTES.htm\">aqui<\/A>. Esperan familias que deseen darles una oportunidad. Si est\u00e1s interesado en adoptar un compa\u00f1ero, adem\u00e1s puedes salvar una vida.<\/FONT><SPAN style=\"COLOR: black; FONT-FAMILY: Tahoma\"><o:p><FONT size=3> <\/FONT><\/o:p><\/SPAN><\/p>\n<p> <P class=MsoNormal style=\"MARGIN: 0cm 0cm 0pt\"><B style=\"mso-bidi-font-weight: normal\"><U><SPAN style=\"FONT-SIZE: 16pt; COLOR: black; FONT-FAMILY: Tahoma\"><o:p><SPAN style=\"TEXT-DECORATION: none\"><\/SPAN><\/o:p><\/SPAN><\/U><\/B><\/p>\n<p> <P class=MsoNormal style=\"MARGIN: 0cm 0cm 0pt\"><B style=\"mso-bidi-font-weight: normal\"><U><SPAN style=\"FONT-SIZE: 16pt\"><FONT face=\"Times New Roman\">Lali 03\/08\/09 (Acogida)<o:p><\/o:p><\/FONT><\/SPAN><\/U><\/B><\/p>\n<p> <P class=MsoNormal style=\"MARGIN: 0cm 0cm 0pt\"><o:p><FONT face=\"Times New Roman\" size=3><IMG height=376 alt=\"\" src=\"\/\/img37.imageshack.us\/img37\/991\/igp9556.jpg\" width=250><IMG height=166 alt=\"\" src=\"\/\/img26.imageshack.us\/img26\/1684\/igp9558.jpg\" width=250><\/FONT><\/o:p><\/p>\n<p> <P class=MsoNormal style=\"MARGIN: 0cm 0cm 0pt\"><FONT face=\"Times New Roman\" size=3>RAZA: MESTIZO (Ratonera)<br \/>\nSEXO: HEMBRA<br \/>\nCAPA: MARRON<br \/>\nEDAD: Mayo 2009<br \/>\nRatonerita preciosa que ser\u00e1 tama\u00f1o peque de adulta, preciosa y cari\u00f1osa.<BR style=\"mso-special-character: line-break\"><BR style=\"mso-special-character: line-break\"><\/FONT><\/p>\n<p> <P class=MsoNormal style=\"MARGIN: 0cm 0cm 0pt\"><o:p><FONT face=\"Times New Roman\" size=3>&#8212;&#8212;&#8212;&#8212;&#8212;&#8212;&#8212;&#8212;&#8212;&#8212;&#8212;&#8212;&#8212;&#8212;&#8212;&#8212;&#8211;<\/FONT><\/o:p><\/p>\n<p> <P class=MsoNormal style=\"MARGIN: 0cm 0cm 0pt\"><B style=\"mso-bidi-font-weight: normal\"><U><SPAN style=\"FONT-SIZE: 16pt\"><FONT face=\"Times New Roman\">Maike 06\/08\/09<o:p><\/o:p><\/FONT><\/SPAN><\/U><\/B><\/p>\n<p> <P class=MsoNormal style=\"MARGIN: 0cm 0cm 0pt\"><o:p><FONT face=\"Times New Roman\" size=3><IMG height=188 alt=\"\" src=\"\/\/img29.imageshack.us\/img29\/6166\/arib.jpg\" width=250><IMG height=188 alt=\"\" src=\"\/\/img9.imageshack.us\/img9\/4032\/ari1d.jpg\" width=250><\/FONT><\/o:p><\/p>\n<p> <P class=MsoNormal style=\"MARGIN: 0cm 0cm 0pt\"><FONT face=\"Times New Roman\" size=3>RAZA: MESTIZO<br \/>\nSEXO: MACHO<br \/>\nCAPA: MARRON\/NEGRA<br \/>\nEDAD: 6 MESES<br \/>\nPerrito mediano, muy cari\u00f1osa y alegre es como un pastor alem\u00e1n en peque\u00f1o, ideal para estar es una casa.<\/FONT><\/p>\n<p> <P class=MsoNormal style=\"MARGIN: 0cm 0cm 0pt\"><o:p><FONT face=\"Times New Roman\" size=3>&#8212;&#8212;&#8212;&#8212;&#8212;&#8212;&#8212;&#8212;&#8212;&#8212;&#8212;&#8212;&#8212;&#8212;&#8212;&#8212;&#8211;<\/FONT><\/o:p><\/p>\n<p> <P class=MsoNormal style=\"MARGIN: 0cm 0cm 0pt\"><o:p><FONT face=\"Times New Roman\" size=3><\/FONT><\/o:p><\/p>\n<p> <P class=MsoNormal style=\"MARGIN: 0cm 0cm 0pt\"><B style=\"mso-bidi-font-weight: normal\"><U><SPAN style=\"FONT-SIZE: 16pt\"><FONT face=\"Times New Roman\">Annie 06\/08\/09 Adoptada<o:p><\/o:p><\/FONT><\/SPAN><\/U><\/B><\/p>\n<p> <P class=MsoNormal style=\"MARGIN: 0cm 0cm 0pt\"><o:p><FONT face=\"Times New Roman\" size=3><IMG height=320 alt=\"\" src=\"\/\/img197.imageshack.us\/img197\/5674\/anniei.jpg\" width=250><IMG height=166 alt=\"\" src=\"\/\/img198.imageshack.us\/img198\/2964\/annie1b.jpg\" width=250> <\/FONT><\/o:p><\/p>\n<p> <P class=MsoNormal style=\"MARGIN: 0cm 0cm 0pt\"><FONT face=\"Times New Roman\" size=3>RAZA: MESTIZO<br \/>\nSEXO: HEMBRA<br \/>\nCAPA: TRICOLOR<br \/>\nEDAD: 2 MESES<br \/>\nPerrita peque\u00f1a, de adulta parece que no ser\u00e1 muy grande, es una monada muy alegre y saltarina.<\/FONT><\/p>\n<p> <P class=MsoNormal style=\"MARGIN: 0cm 0cm 0pt\"><FONT face=\"Times New Roman\" size=3><\/FONT><\/p>\n<p> <P class=MsoNormal style=\"MARGIN: 0cm 0cm 0pt\"><FONT size=3><SPAN style=\"FONT-WEIGHT: bold\">Si estas interesado en adoptar a cualquiera de ellos puedes ponerte en contacto con nosotras:<\/SPAN><\/FONT><\/p>\n<p> <P class=MsoNormal style=\"MARGIN: 0cm 0cm 0pt\"><FONT size=3><SPAN style=\"FONT-WEIGHT: bold\"><br \/>\n<\/SPAN><\/FONT><SPAN style=\"FONT-WEIGHT: bold\"><FONT size=4>Beatriz 607980180 Conchi: 661887946 y Alicia: 609428568 <\/SPAN><\/FONT><br \/>\n<FONT size=3><SPAN style=\"FONT-WEIGHT: bold\">animalesrioja@gmail.com<\/SPAN><\/FONT><\/p>\n","protected":false},"excerpt":{"rendered":"<p>Muchos due\u00f1os preocupados se preguntan si una nariz seca significa un perro enfermo, y la respuesta corta es no. Existen muchas razones por las que su perro puede tener la nariz seca y caliente que no tienen nada que ver con su estado de salud. Por ejemplo, una nariz seca puede ser simplemente el resultado [&hellip;]<\/p>\n","protected":false},"author":25,"featured_media":0,"comment_status":"open","ping_status":"closed","sticky":false,"template":"","format":"standard","meta":[],"categories":[5],"tags":[279,360],"_links":{"self":[{"href":"https:\/\/blogs.larioja.com\/animales-de-la-rioja\/wp-json\/wp\/v2\/posts\/97"}],"collection":[{"href":"https:\/\/blogs.larioja.com\/animales-de-la-rioja\/wp-json\/wp\/v2\/posts"}],"about":[{"href":"https:\/\/blogs.larioja.com\/animales-de-la-rioja\/wp-json\/wp\/v2\/types\/post"}],"author":[{"embeddable":true,"href":"https:\/\/blogs.larioja.com\/animales-de-la-rioja\/wp-json\/wp\/v2\/users\/25"}],"replies":[{"embeddable":true,"href":"https:\/\/blogs.larioja.com\/animales-de-la-rioja\/wp-json\/wp\/v2\/comments?post=97"}],"version-history":[{"count":0,"href":"https:\/\/blogs.larioja.com\/animales-de-la-rioja\/wp-json\/wp\/v2\/posts\/97\/revisions"}],"wp:attachment":[{"href":"https:\/\/blogs.larioja.com\/animales-de-la-rioja\/wp-json\/wp\/v2\/media?parent=97"}],"wp:term":[{"taxonomy":"category","embeddable":true,"href":"https:\/\/blogs.larioja.com\/animales-de-la-rioja\/wp-json\/wp\/v2\/categories?post=97"},{"taxonomy":"post_tag","embeddable":true,"href":"https:\/\/blogs.larioja.com\/animales-de-la-rioja\/wp-json\/wp\/v2\/tags?post=97"}],"curies":[{"name":"wp","href":"https:\/\/api.w.org\/{rel}","templated":true}]}}