{"id":188,"date":"2009-03-11T10:41:25","date_gmt":"2009-03-11T10:41:25","guid":{"rendered":"http:\/\/blogs.larioja.com\/balonblog\/?p=188"},"modified":"2009-03-11T10:41:25","modified_gmt":"2009-03-11T10:41:25","slug":"pues-claro-nos-conviene","status":"publish","type":"post","link":"https:\/\/blogs.larioja.com\/balonblog\/2009\/03\/11\/pues-claro-nos-conviene\/","title":{"rendered":"Pues claro que nos conviene"},"content":{"rendered":"<p><em><\/em><big>Un visitante, \u00c1lvaro Mart\u00ednez, dej\u00f3 en los comentarios a otro post <span style=\"color: rgb(153, 0, 0);\">una interesante pregunta<\/span> que se merece un tratamiento algo m\u00e1s largo. Cito:<\/big><\/p>\n<blockquote><p><em>Buenos dias: soy un asiduo del palacio de los deportes y seguidor del Naturhouse: \u00bfC\u00f3mo ves el asunto Europa? \u00bfY si se consigue, crees que nos podr\u00eda pasar factura la temporada que viene?<\/em><\/p><\/blockquote>\n<p><big>Lo primero: \u00bfQue c\u00f3mo veo <span style=\"color: rgb(153, 0, 0);\">el asunto Europa<\/span>? Hombre, pues complicado. Primero, ser\u00e1 duro conseguir la s\u00e9ptima plaza (y la sexta no te digo), y luego tiene que pasar algo para que esa s\u00e9ptima plaza tenga premio. Pero <span style=\"color: rgb(153, 0, 0);\">torres m\u00e1s altas<\/span> han ca\u00eddo.<\/p>\n<p>La segunda parte es la m\u00e1s interesante. En Logro\u00f1o hay una curiosa querencia a pronosticar <span style=\"color: rgb(153, 0, 0);\">desastres<\/span>. Hace unos d\u00edas me recordaba <\/big><A href=\"..\/locoporincordiar\/posts\" title=\"http:\/\/blogs.larioja.com\/locoporincordiar\/posts\" id=\"link_0\"><big>P\u00edo Garc\u00eda<\/big><\/a><big>, mi jefe en Deportes, c\u00f3mo cuando el Logro\u00f1\u00e9s subi\u00f3 a Primera hab\u00eda un buen n\u00famero de aficionados que dec\u00edan que &#8220;<span style=\"color: rgb(153, 0, 0);\">no nos conven\u00eda<\/span>&#8221; subir. Y subimos, claro.<br \/>\n<\/big><br \/>\n<center><br \/>\n<object style=\"border-color: initial; border-top-width: 0px; border-right-width: 0px; border-bottom-width: 0px; border-left-width: 0px; border-style: initial; border-color: initial; background-image: none; background-repeat: initial; background-attachment: initial; -webkit-background-clip: initial; -webkit-background-origin: initial; background-color: initial; margin-top: 0px; margin-right: 0px; margin-bottom: 0px; margin-left: 0px; background-position: initial initial; \" height=\"285\" width=\"340\"><param  name=\"movie\" value=\"http:\/\/www.youtube.com\/v\/tgIB9BmTXaU&#038;hl=es&#038;fs=1&#038;border=1\"><\/param><param  name=\"allowFullScreen\" value=\"true\"><\/param><param  name=\"allowscriptaccess\" value=\"always\"><\/param><embed  src=\"\/\/www.youtube.com\/v\/tgIB9BmTXaU&#038;hl=es&#038;fs=1&#038;border=1\" type=\"application\/x-shockwave-flash\" allowscriptaccess=\"always\" allowfullscreen=\"true\" height=\"285\" width=\"340\"><\/embed><\/object><\/center><big><br \/>\n<\/big><big> (Vale, la imagen no es muy gloriosa para el CDL. Pero es que no me canso de ver <span style=\"color: rgb(153, 0, 0);\">la madre de todas las chilenas<\/span>)<\/big><br \/>\n<big><br \/>\nEl caso es que ahora vuelvo a escuchar voces muy parecidas. \u00bf<span style=\"color: rgb(153, 0, 0);\">Nos conviene ir a Europa<\/span>? Vayamos por partes:<br \/>\n<\/big><\/p>\n<ul>\n<li><big>\u00bfNos puede pasar factura? <span style=\"color: rgb(153, 0, 0);\">Econ\u00f3micamente<\/span>, en el club parecen tener muy claro que la plantilla va a ser <span style=\"color: rgb(153, 0, 0);\">la misma<\/span> haya o no haya Europa. Presupuestariamente, el sobrecoste por las eliminatorias europeas quedar\u00eda m\u00e1s o menos compensado por la &#8216;prima&#8217; del Ayuntamiento (y es de suponer que por alg\u00fan socio o patrocinador que se anime).\n<p><\/big><center><IMG src=\"\/balonblog\/wp-content\/uploads\/sites\/13\/az.jpg\" id=\"img_0\" height=\"161\" width=\"238\"><\/center><br \/>\n\u00a0<\/p>\n<\/li>\n<li><big>Y <span style=\"color: rgb(153, 0, 0);\">deportivamente<\/span>, la <span style=\"color: rgb(153, 0, 0);\">Copa EHF<\/span> (que es a la que aspiramos) no supone una gran carga de partidos. Los espa\u00f1oles entran en tercera ronda, por lo que hasta ahora CAI y Arrate, que est\u00e1n en cuartos, han jugado cuatro partidos europeos, y van a jugar otros dos.  <\/big><big>As\u00ed que <span style=\"color: rgb(153, 0, 0);\">seis partidos para llegar a semifinales<\/span>. Evidentemente es m\u00e1s carga que la liga normal, pero tampoco una barbaridad.<\/big><\/li>\n<\/ul>\n<p><big><br \/>\nPero m\u00e1s all\u00e1 de eso: si nos pasa factura&#8230; que nos pase. <span style=\"color: rgb(153, 0, 0);\">Un club que no aspira es un club que no va a ninguna parte<\/span>. <\/p>\n<p>Que nos quiten luego lo bailao, \u00bfno?<\/big><\/p>\n<div style=\"text-align: right;\"><small>(FOTO: GecaSport)<\/small><\/div>\n<p> \u00a0<\/p>\n<table border=\"0\" cellpadding=\"4\" cellspacing=\"0\" width=\"100%\">\n<tbody><\/tbody>\n<tbody>\n<tr align=\"center\">\n<td bgcolor=\"#fca54f\" width=\"50%\"> <span style=\"color: rgb(255, 255, 255);\"> <small>TEMAS RELACIONADOS <\/small><\/span><\/td>\n<td width=\"30%\"> <\/td>\n<td align=\"center\" bgcolor=\"#fca54f\" width=\"20%\"> <span style=\"color: rgb(255, 255, 255);\"> <small>SUSCR\u00cdBETE <\/small><\/span><\/td>\n<\/tr>\n<tr><\/tr>\n<\/tbody>\n<\/table>\n<table border=\"0\" cellpadding=\"0\" cellspacing=\"0\">\n<tbody><\/tbody>\n<tbody>\n<tr>\n<td bgcolor=\"rgb(255,255,255)\" width=\"50%\">\n<ul>\n<li><small>Las posibilidades europeas del Naturhouse: <A href=\"https:\/\/blogs.larioja.com\/balonblog\/2009\/3\/3\/-y-si-fuera-posible-\" title=\"https:\/\/blogs.larioja.com\/balonblog\/2009\/3\/3\/-y-si-fuera-posible-\" id=\"link_0\">\u00bfY si fuera posible?<\/small><\/a><\/li>\n<\/ul>\n<\/td>\n<td width=\"30%\"> <\/td>\n<td align=\"center\" width=\"20%\"><A href=\"https:\/\/blogs.larioja.com\/balonblog\/feeds\" title=\"Suscripci\u00f3n por RSS\"><IMG style=\"width: 40px; height: 40px;\" src=\"\/balonblog\/wp-content\/uploads\/sites\/13\/feed-icon-orange-128.png\" id=\"img_0\"><\/small><\/a><A href=\"http:\/\/feedburner.google.com\/fb\/a\/mailverify?uri=ElBalonblog&#038;loc=es_ES\" title=\"Suscripci\u00f3n por e-mail\"><IMG style=\"width: 40px; height: 40px;\" src=\"\/balonblog\/wp-content\/uploads\/sites\/13\/mail-64.png\" id=\"img_0\"><\/a><\/td>\n<\/tr>\n<\/tbody>\n<tbody><\/tbody>\n<\/table>\n","protected":false},"excerpt":{"rendered":"<p>Un visitante, \u00c1lvaro Mart\u00ednez, dej\u00f3 en los comentarios a otro post una interesante pregunta que se merece un tratamiento algo m\u00e1s largo. Cito: Buenos dias: soy un asiduo del palacio de los deportes y seguidor del Naturhouse: \u00bfC\u00f3mo ves el asunto Europa? \u00bfY si se consigue, crees que nos podr\u00eda pasar factura la temporada que [&hellip;]<\/p>\n","protected":false},"author":16,"featured_media":0,"comment_status":"open","ping_status":"closed","sticky":false,"template":"","format":"standard","meta":[],"categories":[23,50],"tags":[140,551],"_links":{"self":[{"href":"https:\/\/blogs.larioja.com\/balonblog\/wp-json\/wp\/v2\/posts\/188"}],"collection":[{"href":"https:\/\/blogs.larioja.com\/balonblog\/wp-json\/wp\/v2\/posts"}],"about":[{"href":"https:\/\/blogs.larioja.com\/balonblog\/wp-json\/wp\/v2\/types\/post"}],"author":[{"embeddable":true,"href":"https:\/\/blogs.larioja.com\/balonblog\/wp-json\/wp\/v2\/users\/16"}],"replies":[{"embeddable":true,"href":"https:\/\/blogs.larioja.com\/balonblog\/wp-json\/wp\/v2\/comments?post=188"}],"version-history":[{"count":0,"href":"https:\/\/blogs.larioja.com\/balonblog\/wp-json\/wp\/v2\/posts\/188\/revisions"}],"wp:attachment":[{"href":"https:\/\/blogs.larioja.com\/balonblog\/wp-json\/wp\/v2\/media?parent=188"}],"wp:term":[{"taxonomy":"category","embeddable":true,"href":"https:\/\/blogs.larioja.com\/balonblog\/wp-json\/wp\/v2\/categories?post=188"},{"taxonomy":"post_tag","embeddable":true,"href":"https:\/\/blogs.larioja.com\/balonblog\/wp-json\/wp\/v2\/tags?post=188"}],"curies":[{"name":"wp","href":"https:\/\/api.w.org\/{rel}","templated":true}]}}