{"id":202,"date":"2009-03-15T20:21:10","date_gmt":"2009-03-15T20:21:10","guid":{"rendered":"http:\/\/blogs.larioja.com\/balonblog\/?p=202"},"modified":"2009-03-15T20:21:10","modified_gmt":"2009-03-15T20:21:10","slug":"la-copa-y-barsa-queria-mas","status":"publish","type":"post","link":"https:\/\/blogs.larioja.com\/balonblog\/2009\/03\/15\/la-copa-y-barsa-queria-mas\/","title":{"rendered":"La Copa: y el Bar\u00e7a la quer\u00eda m\u00e1s"},"content":{"rendered":"<p><big>La deseaban m\u00e1s, la necesitaban m\u00e1s que el Ciudad Real. Y la ganaron por deseo y por arranques: los de Nagy y Romero. Y por un tal Kasper. <span style=\"color: rgb(153, 0, 0);\">El Bar\u00e7a es campe\u00f3n de Copa.<br \/>\n<\/span><\/big><br \/>\n<center><IMG src=\"\/balonblog\/wp-content\/uploads\/sites\/13\/M6-442486042.jpg\" id=\"img_0\" width=\"548\" height=\"683\"><\/center><\/p>\n<p><big>Pues nada. &#8216;Nuestro&#8217; <span style=\"color: rgb(153, 0, 0);\">Oneto ya tiene un t\u00edtulo<\/span>. Y luego hay quien pregunta por qu\u00e9 se va uno a un grande&#8230;<\/big><\/p>\n<div style=\"text-align: right;\"><small>(FOTO: EFE)<\/small><\/div>\n<p>&nbsp;<\/p>\n<table border=\"0\" cellpadding=\"4\" cellspacing=\"0\" width=\"100%\">\n<tbody>\n<tr align=\"center\">\n<td bgcolor=\"#fca54f\" width=\"50%\"> <span style=\"color: rgb(255, 255, 255);\"> <small>TEMAS RELACIONADOS <\/small><\/span><\/td>\n<td width=\"30%\"> <\/td>\n<td align=\"center\" bgcolor=\"#fca54f\" width=\"20%\"> <span style=\"color: rgb(255, 255, 255);\"> <small>SUSCR\u00cdBETE <\/small><\/span><\/td>\n<\/tr>\n<tr>\n<\/tr>\n<\/tbody>\n<\/table>\n<table border=\"0\" cellpadding=\"0\" cellspacing=\"0\">\n<tbody>\n<tr>\n<td bgcolor=\"rgb(255,255,255)\" width=\"50%\">\n<ul>\n<li><small>ElBalonblog <A href=\"https:\/\/blogs.larioja.com\/balonblog\/category\/copa-del-rey-2009\" title=\"https:\/\/blogs.larioja.com\/balonblog\/category\/copa-del-rey-2009\" id=\"link_0\">y la Copa que termina<\/a><\/small><\/li>\n<li><small>Recordando a <A href=\"https:\/\/blogs.larioja.com\/balonblog\/tags\/oneto\" title=\"https:\/\/blogs.larioja.com\/balonblog\/tags\/oneto\" id=\"link_1\">Marco Oneto<\/a><\/small> <\/li>\n<\/ul>\n<\/td>\n<td width=\"180\"> <\/td>\n<td align=\"center\" width=\"20%\"><A href=\"http:\/\/feeds2.feedburner.com\/ElBalonblog\" title=\"Suscripci\u00f3n por RSS\"><small><IMG style=\"width: 40px; height: 40px;\" src=\"\/balonblog\/wp-content\/uploads\/sites\/13\/feed-icon-orange-128.png\" id=\"img_0\"><\/small><\/a><A href=\"http:\/\/feedburner.google.com\/fb\/a\/mailverify?uri=ElBalonblog&#038;loc=es_ES\" title=\"Suscripci\u00f3n por e-mail\"><IMG style=\"width: 40px; height: 40px;\" src=\"\/balonblog\/wp-content\/uploads\/sites\/13\/mail-64.png\" id=\"img_0\"><\/a><\/td>\n<\/tr>\n<\/tbody>\n<\/table>\n","protected":false},"excerpt":{"rendered":"<p>La deseaban m\u00e1s, la necesitaban m\u00e1s que el Ciudad Real. Y la ganaron por deseo y por arranques: los de Nagy y Romero. Y por un tal Kasper. El Bar\u00e7a es campe\u00f3n de Copa. Pues nada. &#8216;Nuestro&#8217; Oneto ya tiene un t\u00edtulo. Y luego hay quien pregunta por qu\u00e9 se va uno a un grande&#8230; [&hellip;]<\/p>\n","protected":false},"author":16,"featured_media":0,"comment_status":"open","ping_status":"closed","sticky":false,"template":"","format":"standard","meta":[],"categories":[51],"tags":[140,150,573],"_links":{"self":[{"href":"https:\/\/blogs.larioja.com\/balonblog\/wp-json\/wp\/v2\/posts\/202"}],"collection":[{"href":"https:\/\/blogs.larioja.com\/balonblog\/wp-json\/wp\/v2\/posts"}],"about":[{"href":"https:\/\/blogs.larioja.com\/balonblog\/wp-json\/wp\/v2\/types\/post"}],"author":[{"embeddable":true,"href":"https:\/\/blogs.larioja.com\/balonblog\/wp-json\/wp\/v2\/users\/16"}],"replies":[{"embeddable":true,"href":"https:\/\/blogs.larioja.com\/balonblog\/wp-json\/wp\/v2\/comments?post=202"}],"version-history":[{"count":0,"href":"https:\/\/blogs.larioja.com\/balonblog\/wp-json\/wp\/v2\/posts\/202\/revisions"}],"wp:attachment":[{"href":"https:\/\/blogs.larioja.com\/balonblog\/wp-json\/wp\/v2\/media?parent=202"}],"wp:term":[{"taxonomy":"category","embeddable":true,"href":"https:\/\/blogs.larioja.com\/balonblog\/wp-json\/wp\/v2\/categories?post=202"},{"taxonomy":"post_tag","embeddable":true,"href":"https:\/\/blogs.larioja.com\/balonblog\/wp-json\/wp\/v2\/tags?post=202"}],"curies":[{"name":"wp","href":"https:\/\/api.w.org\/{rel}","templated":true}]}}