{"id":217,"date":"2009-03-23T23:58:13","date_gmt":"2009-03-23T23:58:13","guid":{"rendered":"http:\/\/blogs.larioja.com\/balonblog\/?p=217"},"modified":"2009-03-23T23:58:13","modified_gmt":"2009-03-23T23:58:13","slug":"volver-con-duda-pavlovic","status":"publish","type":"post","link":"https:\/\/blogs.larioja.com\/balonblog\/2009\/03\/23\/volver-con-duda-pavlovic\/","title":{"rendered":"Volver, con la duda de Pavlovic"},"content":{"rendered":"<p><big>Vuelve el Naturhouse a trabajar, porque vuelve la liga (por fin). Creo que ma\u00f1ana escribir\u00e9 en el peri\u00f3dico sobre <span style=\"color: rgb(153, 0, 0);\">el calendario del balonmano<\/span>. Pero adelanto mi tesis: si yo quisiera perjudicar todo lo posible a un deporte, empezar\u00eda por ponerle un calendario como el que tiene la Asobal. <\/p>\n<p>En fin. Para los incondicionales de los entrenamientos (una curiosa tribu, se lo digo yo), ah\u00ed va el <span style=\"color: rgb(153, 0, 0);\">calendario de la semana<\/span>:<\/big><center><\/p>\n<style type=\"text\/css\">\ntable.tableizer-table {border: 1px solid #CCC; font-family: Arial, Helvetica, sans-serif; font-size: 12px;} .tableizer-table td {padding: 4px; margin: 3px; border: 1px solid #ccc;}\n.tableizer-firstrow td {background-color: #FDA54F; color: #FFF; font-weight: bold;}\n<\/style>\n<table class=\"tableizer-table\">\n<tbody>\n<tr class=\"tableizer-firstrow\">\n<td>D\u00eda<\/td>\n<td>Ma\u00f1ana<\/td>\n<td>Tarde<\/td>\n<\/tr>\n<tr>\n<td>Lunes 23<\/td>\n<td>12.00 horas<\/td>\n<td>19.00 horas <\/td>\n<\/tr>\n<tr>\n<td>Martes 24 <\/td>\n<td> <\/td>\n<td>19.30 horas<\/td>\n<\/tr>\n<tr>\n<td>Mi\u00e9rcoles 25<\/td>\n<td>12.00 horas <\/td>\n<td>19.00 horas <\/td>\n<\/tr>\n<tr>\n<td>Jueves 26<\/td>\n<td> <\/td>\n<td>19.00 horas <\/td>\n<\/tr>\n<tr>\n<td>Viernes 27<\/td>\n<td> <\/td>\n<td>19.00 horas <\/td>\n<\/tr>\n<tr>\n<td>S\u00e1bado 28 <\/td>\n<td> <\/td>\n<td>20.00 horas (partido)<\/td>\n<\/tr>\n<\/tbody>\n<\/table>\n<p><\/center><P><\/p>\n<p>&nbsp;<\/p>\n<p><big>La semana tiene inc\u00f3gnita: no se sabe qu\u00e9 ocurrir\u00e1 con <A href=\"http:\/\/www.larioja.com\/20090324\/deportes\/balonmano\/luba-duda-20090324.html\" title=\"http:\/\/www.larioja.com\/20090324\/deportes\/balonmano\/luba-duda-20090324.html\">Luba Pavlovic<\/a>. Tiene un <span style=\"color: rgb(153, 0, 0);\">esguince en el tobillo izquierdo<\/span>, incluyendo una peque\u00f1a rotura parcial en un ligamento. No es demasiado grave, pero podr\u00eda dejarle fuera de juego el s\u00e1bado<\/big> <\/p>\n<p>&nbsp;<\/p>\n<table border=\"0\" cellpadding=\"4\" cellspacing=\"0\" width=\"100%\">\n<tbody>\n<tr align=\"center\">\n<td bgcolor=\"#fca54f\" width=\"50%\"> <span style=\"color: rgb(255, 255, 255);\"> TEMAS RELACIONADOS <\/span><\/td>\n<td width=\"30%\"> <\/td>\n<td align=\"center\" bgcolor=\"#fca54f\" width=\"20%\"> <span style=\"color: rgb(255, 255, 255);\"> SUSCR\u00cdBETE <\/span><\/td>\n<\/tr>\n<tr>\n<\/tr>\n<\/tbody>\n<\/table>\n<table border=\"0\" cellpadding=\"0\" cellspacing=\"0\">\n<tbody>\n<tr>\n<td bgcolor=\"rgb(255,255,255)\" width=\"50%\">\n<ul>\n<li><small>El gran d\u00eda <A href=\"https:\/\/blogs.larioja.com\/balonblog\/2009\/2\/19\/trece-viaje-y-pavlovic-recuerda-su-gol\" title=\"https:\/\/blogs.larioja.com\/balonblog\/2009\/2\/19\/trece-viaje-y-pavlovic-recuerda-su-gol\" id=\"link_0\">de Luba Pavlovic<\/a><\/li>\n<li> Queda menos para el <A href=\"http:\/\/videochat.larioja.com\/videochat.php?videochat=alvarez\" title=\"http:\/\/videochat.larioja.com\/videochat.php?videochat=alvarez\" id=\"link_1\">VIDEOCHAT<\/a> <\/small><\/li>\n<\/ul>\n<\/td>\n<td width=\"180\"> <\/td>\n<td align=\"center\" width=\"20%\"><A href=\"http:\/\/feeds2.feedburner.com\/ElBalonblog\" title=\"Suscripci\u00f3n por RSS\"><IMG style=\"width: 40px; height: 40px;\" src=\"\/balonblog\/wp-content\/uploads\/sites\/13\/feed-icon-orange-128.png\" id=\"img_0\"><\/a><A href=\"http:\/\/feedburner.google.com\/fb\/a\/mailverify?uri=ElBalonblog&#038;loc=es_ES\" title=\"Suscripci\u00f3n por e-mail\"><IMG style=\"width: 40px; height: 40px;\" src=\"\/balonblog\/wp-content\/uploads\/sites\/13\/mail-64.png\" id=\"img_0\"><\/a><\/td>\n<\/tr>\n<\/tbody>\n<\/table>\n","protected":false},"excerpt":{"rendered":"<p>Vuelve el Naturhouse a trabajar, porque vuelve la liga (por fin). Creo que ma\u00f1ana escribir\u00e9 en el peri\u00f3dico sobre el calendario del balonmano. Pero adelanto mi tesis: si yo quisiera perjudicar todo lo posible a un deporte, empezar\u00eda por ponerle un calendario como el que tiene la Asobal. En fin. Para los incondicionales de los [&hellip;]<\/p>\n","protected":false},"author":16,"featured_media":0,"comment_status":"open","ping_status":"closed","sticky":false,"template":"","format":"standard","meta":[],"categories":[18,20],"tags":[140,551,606],"_links":{"self":[{"href":"https:\/\/blogs.larioja.com\/balonblog\/wp-json\/wp\/v2\/posts\/217"}],"collection":[{"href":"https:\/\/blogs.larioja.com\/balonblog\/wp-json\/wp\/v2\/posts"}],"about":[{"href":"https:\/\/blogs.larioja.com\/balonblog\/wp-json\/wp\/v2\/types\/post"}],"author":[{"embeddable":true,"href":"https:\/\/blogs.larioja.com\/balonblog\/wp-json\/wp\/v2\/users\/16"}],"replies":[{"embeddable":true,"href":"https:\/\/blogs.larioja.com\/balonblog\/wp-json\/wp\/v2\/comments?post=217"}],"version-history":[{"count":0,"href":"https:\/\/blogs.larioja.com\/balonblog\/wp-json\/wp\/v2\/posts\/217\/revisions"}],"wp:attachment":[{"href":"https:\/\/blogs.larioja.com\/balonblog\/wp-json\/wp\/v2\/media?parent=217"}],"wp:term":[{"taxonomy":"category","embeddable":true,"href":"https:\/\/blogs.larioja.com\/balonblog\/wp-json\/wp\/v2\/categories?post=217"},{"taxonomy":"post_tag","embeddable":true,"href":"https:\/\/blogs.larioja.com\/balonblog\/wp-json\/wp\/v2\/tags?post=217"}],"curies":[{"name":"wp","href":"https:\/\/api.w.org\/{rel}","templated":true}]}}