{"id":226,"date":"2009-03-27T00:12:51","date_gmt":"2009-03-27T00:12:51","guid":{"rendered":"http:\/\/blogs.larioja.com\/balonblog\/?p=226"},"modified":"2009-03-27T00:12:51","modified_gmt":"2009-03-27T00:12:51","slug":"sorrentino-se-parte-cara-literalmente","status":"publish","type":"post","link":"https:\/\/blogs.larioja.com\/balonblog\/2009\/03\/27\/sorrentino-se-parte-cara-literalmente\/","title":{"rendered":"Sorrentino se parte la cara (literalmente)"},"content":{"rendered":"<p><big><span style=\"color: rgb(153, 0, 0);\">El CAI Arag\u00f3n<\/span> se dej\u00f3 en Pontevedra muchas cosas: puntos muy importantes, posibilidades europeas, y encima alg\u00fan lesionado.<\/p>\n<p>El que peor, <span style=\"color: rgb(153, 0, 0);\">Alfredo Sorrentino<\/span>. El valenciano se llev\u00f3 tremendo golpe nada m\u00e1s empezar el partido: <span style=\"color: rgb(153, 0, 0);\">conmoci\u00f3n cerebral, y la nariz rota<\/span>. Os dejo el v\u00eddeo.<\/big><br \/>\n<center><object style=\"border: 0pt none ; margin: 0pt; background: transparent none repeat scroll 0% 0%; -moz-background-clip: -moz-initial; -moz-background-origin: -moz-initial; -moz-background-inline-policy: -moz-initial;\" height=\"364\" width=\"445\"><param  name=\"movie\" value=\"http:\/\/www.youtube.com\/v\/5lhx81ENVqM&#038;hl=es&#038;fs=1&#038;border=1\"><\/param><param  name=\"allowFullScreen\" value=\"true\"><\/param><param  name=\"allowscriptaccess\" value=\"always\"><\/param><embed  src=\"\/\/www.youtube.com\/v\/5lhx81ENVqM&#038;hl=es&#038;fs=1&#038;border=1\" type=\"application\/x-shockwave-flash\" allowscriptaccess=\"always\" allowfullscreen=\"true\" height=\"364\" width=\"445\"><\/embed><\/object><br \/>\n<\/center><big><br \/>\nEn directo no parece demasiado, pero en la repetici\u00f3n se ve mejor. Eso s\u00ed, en la esquina de la imagen se aprecia c\u00f3mo Sorrentino da un pasito atr\u00e1s tras el golpe, y luego <span style=\"color: rgb(153, 0, 0);\">cae como un \u00e1rbol<\/span> (y encima Prendes a poco le pisa).<\/p>\n<p>En la imagen tambi\u00e9n se ve a el \u00e1rbitro <span style=\"color: rgb(153, 0, 0);\">echando a Kos de la pista<\/span>. \u00bfAlguien sabe por qu\u00e9?<\/p>\n<p>En fin, por lo menos parece que Sorrentino <\/big><A href=\"http:\/\/www.marca.com\/2009\/03\/26\/balonmano\/1238080812.html\" title=\"http:\/\/www.marca.com\/2009\/03\/26\/balonmano\/1238080812.html\" id=\"link_0\"><big>saldr\u00e1 del hospital ya<\/big><\/a> <big>, y sin aparentes problemas serios. Que se recupere pronto.<\/big><\/p>\n<p>&nbsp;<\/p>\n<table width=\"100%\" border=\"0\" cellpadding=\"4\" cellspacing=\"0\">\n<tbody>\n<tr align=\"center\">\n<td width=\"50%\" bgcolor=\"#fca54f\"> <span style=\"color: rgb(255, 255, 255);\"> <small>TEMAS RELACIONADOS <\/small><\/span><\/td>\n<td width=\"30%\"> <\/td>\n<td width=\"20%\" align=\"center\" bgcolor=\"#fca54f\"> <span style=\"color: rgb(255, 255, 255);\"> <small>SUSCR\u00cdBETE <\/small><\/span><\/td>\n<\/tr>\n<tr>\n<\/tr>\n<\/tbody>\n<\/table>\n<table border=\"0\" cellpadding=\"0\" cellspacing=\"0\">\n<tbody>\n<tr>\n<td width=\"50%\" bgcolor=\"rgb(255,255,255)\">\n<ul>\n<li><small>Otro v\u00eddeos: <A href=\"https:\/\/blogs.larioja.com\/balonblog\/2009\/2\/25\/el-penaltinho-kalle-stojanovic\" title=\"https:\/\/blogs.larioja.com\/balonblog\/2009\/2\/25\/el-penaltinho-kalle-stojanovic\" id=\"link_0\">el &#8216;penaltinho&#8217;<\/a> de Stojanovic&#8230;<\/li>\n<li>&#8230;<A href=\"https:\/\/blogs.larioja.com\/balonblog\/2009\/3\/4\/un-golazo-empezar-dia\" title=\"https:\/\/blogs.larioja.com\/balonblog\/2009\/3\/4\/un-golazo-empezar-dia\" id=\"link_1\">y un golazo<\/a> de Teucro<\/small><\/li>\n<\/ul>\n<\/td>\n<td width=180> <\/td>\n<td width=\"20%\" align=\"center\"><A href=\"http:\/\/feeds2.feedburner.com\/ElBalonblog\" title=\"Suscripci\u00f3n por RSS\"><IMG style=\"width: 40px; height: 40px;\" src=\"\/balonblog\/wp-content\/uploads\/sites\/13\/feed-icon-orange-128.png\" id=\"img_0\"><\/a><A href=\"http:\/\/feedburner.google.com\/fb\/a\/mailverify?uri=ElBalonblog&#038;loc=es_ES\" title=\"Suscripci\u00f3n por e-mail\"><IMG style=\"width: 40px; height: 40px;\" src='\/\/blogs.larioja.com\/blogfiles\/balonblog\/mail-64.png' id='img_0'><\/a><\/td>\n<\/tr>\n<\/tbody>\n<\/table>\n","protected":false},"excerpt":{"rendered":"<p>El CAI Arag\u00f3n se dej\u00f3 en Pontevedra muchas cosas: puntos muy importantes, posibilidades europeas, y encima alg\u00fan lesionado. El que peor, Alfredo Sorrentino. El valenciano se llev\u00f3 tremendo golpe nada m\u00e1s empezar el partido: conmoci\u00f3n cerebral, y la nariz rota. Os dejo el v\u00eddeo. En directo no parece demasiado, pero en la repetici\u00f3n se ve [&hellip;]<\/p>\n","protected":false},"author":16,"featured_media":0,"comment_status":"open","ping_status":"closed","sticky":false,"template":"","format":"standard","meta":[],"categories":[18],"tags":[140,178,479,491,551,740,780],"_links":{"self":[{"href":"https:\/\/blogs.larioja.com\/balonblog\/wp-json\/wp\/v2\/posts\/226"}],"collection":[{"href":"https:\/\/blogs.larioja.com\/balonblog\/wp-json\/wp\/v2\/posts"}],"about":[{"href":"https:\/\/blogs.larioja.com\/balonblog\/wp-json\/wp\/v2\/types\/post"}],"author":[{"embeddable":true,"href":"https:\/\/blogs.larioja.com\/balonblog\/wp-json\/wp\/v2\/users\/16"}],"replies":[{"embeddable":true,"href":"https:\/\/blogs.larioja.com\/balonblog\/wp-json\/wp\/v2\/comments?post=226"}],"version-history":[{"count":0,"href":"https:\/\/blogs.larioja.com\/balonblog\/wp-json\/wp\/v2\/posts\/226\/revisions"}],"wp:attachment":[{"href":"https:\/\/blogs.larioja.com\/balonblog\/wp-json\/wp\/v2\/media?parent=226"}],"wp:term":[{"taxonomy":"category","embeddable":true,"href":"https:\/\/blogs.larioja.com\/balonblog\/wp-json\/wp\/v2\/categories?post=226"},{"taxonomy":"post_tag","embeddable":true,"href":"https:\/\/blogs.larioja.com\/balonblog\/wp-json\/wp\/v2\/tags?post=226"}],"curies":[{"name":"wp","href":"https:\/\/api.w.org\/{rel}","templated":true}]}}