{"id":257,"date":"2009-04-07T21:14:00","date_gmt":"2009-04-07T21:14:00","guid":{"rendered":"http:\/\/blogs.larioja.com\/balonblog\/?p=257"},"modified":"2009-04-07T21:14:00","modified_gmt":"2009-04-07T21:14:00","slug":"tvedten-ese-porterazo","status":"publish","type":"post","link":"https:\/\/blogs.larioja.com\/balonblog\/2009\/04\/07\/tvedten-ese-porterazo\/","title":{"rendered":"Tvedten, \u00a1ese porterazo!"},"content":{"rendered":"<p><big>Ha habido que esperar, pero por fin ha aparecido el v\u00eddeo m\u00e1s esperado de los \u00faltimos tiempos: <span style=\"color:#990000\">el parad\u00f3n de Havard Tvedte<\/span>n en el Valladolid-Constanta de los cuartos de la Recopa. Ah\u00ed va:<br \/>\n<\/big><br \/>\n<center><object style=\"border: 0pt none ; margin: 0pt; background: transparent none repeat scroll 0% 0%; -moz-background-clip: -moz-initial; -moz-background-origin: -moz-initial; -moz-background-inline-policy: -moz-initial;\" width=\"445\" height=\"364\"><param  name=\"movie\" value=\"http:\/\/www.youtube.com\/v\/Vh7aLYObqno&#038;hl=es&#038;fs=1&#038;border=1\"><\/param><param  name=\"allowFullScreen\" value=\"true\"><\/param><param  name=\"allowscriptaccess\" value=\"always\"><\/param><embed  src=\"\/\/www.youtube.com\/v\/Vh7aLYObqno&#038;hl=es&#038;fs=1&#038;border=1\" type=\"application\/x-shockwave-flash\" allowscriptaccess=\"always\" allowfullscreen=\"true\" width=\"445\" height=\"364\"><\/embed><\/object><\/center><br \/>\n<big>Ya se ve: es la t\u00edpica inferioridad num\u00e9rica, que el Valladolid de Pastor afronta con portero-jugador. Tvedten ve que su equipo la va a perder, as\u00ed que <span style=\"color:#990000\">sale como un rayo<\/span> hacia la puerta. El comentarista ya va diciendo &#8220;que poco va a poder hacer&#8230;&#8221;. <\/p>\n<p>Pero lo que no pueda este chico&#8230; \u00a1Jug\u00f3n!<\/big><\/p>\n<p><small>(Y gracias a Puxa, el forero que lo colg\u00f3 en Youtube). <\/small><br \/>\n&nbsp;<br \/>\n&nbsp;<br \/>\n&nbsp;<br \/>\n&nbsp;<br \/>\n&nbsp;<\/p>\n<table width=\"100%\" border=\"0\" cellpadding=\"4\" cellspacing=\"0\">\n<tbody>\n<tr align=\"center\">\n<td width=\"50%\" bgcolor=\"#fca54f\"> <span style=\"color: rgb(255, 255, 255);\"> <small>TEMAS RELACIONADOS <\/small><\/span><\/td>\n<td width=\"30%\"> <\/td>\n<td width=\"20%\" align=\"center\" bgcolor=\"#fca54f\"> <span style=\"color: rgb(255, 255, 255);\"> <small>SUSCR\u00cdBETE <\/small><\/span><\/td>\n<\/tr>\n<tr>\n<\/tr>\n<\/tbody>\n<\/table>\n<table border=\"0\" cellpadding=\"0\" cellspacing=\"0\">\n<tbody>\n<tr>\n<td width=\"50%\" bgcolor=\"rgb(255,255,255)\">\n<ul>\n<li><small>Un v\u00eddeo <A href=\"https:\/\/blogs.larioja.com\/balonblog\/2009\/4\/3\/don-havard-y-su-muneca\" title=\"https:\/\/blogs.larioja.com\/balonblog\/2009\/4\/3\/don-havard-y-su-muneca\" id=\"link_0\">de Havard Tvedten&#8230;<\/a><\/li>\n<li>Las inferioridades  <A href=\"https:\/\/blogs.larioja.com\/balonblog\/2008\/12\/14\/una-guerra-tactica-i-\" title=\"https:\/\/blogs.larioja.com\/balonblog\/2008\/12\/14\/una-guerra-tactica-i-\" id=\"link_1\">de Pastor<\/a> y Jota Gonz\u00e1lez<\/small><\/li>\n<\/ul>\n<\/td>\n<td width=180> <\/td>\n<td width=\"20%\" align=\"center\"><A href=\"http:\/\/feeds2.feedburner.com\/ElBalonblog\" title=\"Suscripci\u00f3n por RSS\"><IMG style=\"width: 40px; height: 40px;\" src=\"\/balonblog\/wp-content\/uploads\/sites\/13\/feed-icon-orange-128.png\" id=\"img_0\"><\/a><A href=\"http:\/\/feedburner.google.com\/fb\/a\/mailverify?uri=ElBalonblog&#038;loc=es_ES\" title=\"Suscripci\u00f3n por e-mail\"><IMG style=\"width: 40px; height: 40px;\" src='\/\/blogs.larioja.com\/blogfiles\/balonblog\/mail-64.png' id='img_0'><\/a><\/td>\n<\/tr>\n<\/tbody>\n<\/table>\n","protected":false},"excerpt":{"rendered":"<p>Ha habido que esperar, pero por fin ha aparecido el v\u00eddeo m\u00e1s esperado de los \u00faltimos tiempos: el parad\u00f3n de Havard Tvedten en el Valladolid-Constanta de los cuartos de la Recopa. Ah\u00ed va: Ya se ve: es la t\u00edpica inferioridad num\u00e9rica, que el Valladolid de Pastor afronta con portero-jugador. Tvedten ve que su equipo la [&hellip;]<\/p>\n","protected":false},"author":16,"featured_media":0,"comment_status":"open","ping_status":"closed","sticky":false,"template":"","format":"standard","meta":[],"categories":[50,51],"tags":[140,230,593,799,810],"_links":{"self":[{"href":"https:\/\/blogs.larioja.com\/balonblog\/wp-json\/wp\/v2\/posts\/257"}],"collection":[{"href":"https:\/\/blogs.larioja.com\/balonblog\/wp-json\/wp\/v2\/posts"}],"about":[{"href":"https:\/\/blogs.larioja.com\/balonblog\/wp-json\/wp\/v2\/types\/post"}],"author":[{"embeddable":true,"href":"https:\/\/blogs.larioja.com\/balonblog\/wp-json\/wp\/v2\/users\/16"}],"replies":[{"embeddable":true,"href":"https:\/\/blogs.larioja.com\/balonblog\/wp-json\/wp\/v2\/comments?post=257"}],"version-history":[{"count":0,"href":"https:\/\/blogs.larioja.com\/balonblog\/wp-json\/wp\/v2\/posts\/257\/revisions"}],"wp:attachment":[{"href":"https:\/\/blogs.larioja.com\/balonblog\/wp-json\/wp\/v2\/media?parent=257"}],"wp:term":[{"taxonomy":"category","embeddable":true,"href":"https:\/\/blogs.larioja.com\/balonblog\/wp-json\/wp\/v2\/categories?post=257"},{"taxonomy":"post_tag","embeddable":true,"href":"https:\/\/blogs.larioja.com\/balonblog\/wp-json\/wp\/v2\/tags?post=257"}],"curies":[{"name":"wp","href":"https:\/\/api.w.org\/{rel}","templated":true}]}}