{"id":349,"date":"2009-05-12T14:34:00","date_gmt":"2009-05-12T14:34:00","guid":{"rendered":"http:\/\/blogs.larioja.com\/balonblog\/?p=349"},"modified":"2009-05-12T14:34:00","modified_gmt":"2009-05-12T14:34:00","slug":"lo-se-va-que-nos-queda-2","status":"publish","type":"post","link":"https:\/\/blogs.larioja.com\/balonblog\/2009\/05\/12\/lo-se-va-que-nos-queda-2\/","title":{"rendered":"Lo que se va, lo que nos queda (2)"},"content":{"rendered":"<p><center><IMG style=\"width: 575px; height: 219px;\" src=\"\/balonblog\/wp-content\/uploads\/sites\/13\/aficioj.jpg\" id=\"img_0\"><\/center><\/p>\n<p><big><\/p>\n<p>Si, como todo hace sospechar, son al final ocho los jugadores que se van (aunque lo de Stojanovic est\u00e9 en el aire) <strong>\u00bfC\u00f3mo queda el Naturhouse?<\/strong> Para m\u00ed, lo que queda forma un buen equipo de balonmano. O, mejor dicho: un buen medio equipo de balonmano.<\/p>\n<p>Por partes.<\/p>\n<p><\/big><\/p>\n<h2><span style=\"color: rgb(255, 102, 0);\">Los que se quedan<\/span><\/h2>\n<p><big><\/p>\n<ol>\n<li><strong>\n<p>Porteros<\/strong>: sigue <strong>Gurutz Aginagalde<\/strong>, que es ya como la calle Laurel: sin \u00e9l, no se entiende el club. Y adem\u00e1s, ha vuelto a hacer una temporada muy regular con chispazos impresionantes. Puede hacer una pareja hist\u00f3rica con <strong>Gregor Lorger<\/strong>, pero el esloveno ser\u00e1 una competencia muy dura. De verdad que a m\u00ed me parece un pedazo de portero que va a jugar muchos muchos minutos.<\/p>\n<p><center><IMG style=\"width: 562px; height: 189px;\" src=\"\/balonblog\/wp-content\/uploads\/sites\/13\/gurutz.jpg\" id=\"img_0\"><\/center>\n<\/li>\n<li>\n<p><strong>Centrales<\/strong>: Con el de porteros, el puesto mejor surtido. <strong>V\u00edctor Vigo<\/strong> ha terminado la temporada a un nivel excelente. No empez\u00f3 bien, le cost\u00f3 coger el sistema Jota y ser natural en \u00e9l. Ahora lo ha conseguido: su primera parte en Valladolid estuvo a la altura de los mejores centrales del mundo. Tambi\u00e9n est\u00e1 <strong>Miguel \u00c1ngel Velasco<\/strong>: enorme primera vuelta la suya, mala suerte con las lesiones en la segunda. Complementario con Vigo, tambi\u00e9n muy eficaz. La pareja de centrales del Naturhouse es de nivel europeo.<\/p>\n<\/li>\n<li>\n<p><strong>Laterales izquierdos<\/strong>: Podemos poner aqu\u00ed a <strong>Marc Amargant<\/strong>, como podr\u00edamos ponerlo casi en cualquier puesto. Probablemente el jugador m\u00e1s rentable y polivalente de la plantilla. Tiene un a\u00f1o m\u00e1s de contrato. Un fijo.<\/p>\n<\/li>\n<li>\n<p><strong>Laterales derechos<\/strong>: Parece que han callado los cantos de sirena que llegaban desde Ciudad Real por <strong>Isa\u00edas Guardiola<\/strong>. A estas alturas, si los manchegos le quisieran no tendr\u00edan m\u00e1s remedio que pagar la cl\u00e1usula: nos dar\u00eda dinero, pero nos abrir\u00eda un agujero de grandes proporciones. Isa\u00edas se ha convertido este a\u00f1o sin duda en un grand\u00edsimo lateral zurdo, al nivel de los mejores. Ha ido ganado en continuidad, lo que le faltaba. Pero qu\u00e9 pocos hay como \u00e9l: dos metros, defiende (muy bien) y qu\u00e9 brazo. Acabar\u00e1 en un grande, pero por ahora tiene dos a\u00f1itos m\u00e1s aqu\u00ed.<\/p>\n<\/li>\n<li>\n<p><strong>Pivotes<\/strong>: \u00c9l valenciano <strong>Angelito Romero<\/strong> tendr\u00e1 por delante el a\u00f1o que viene una temporada clave en su carrera. El pivote volvi\u00f3 de la lesi\u00f3n convertido en un jugador nuevo, con 20 kilos menos y mucha mejor actitud defensiva. Su segunda vuelta ha sido mejor de lo que se esperaban de \u00e9l tras la lesi\u00f3n. El a\u00f1o que viene, lo dicho: puede ser muy importante.<\/p>\n<p><center><IMG style=\"width: 553px; height: 210px;\" src=\"\/balonblog\/wp-content\/uploads\/sites\/13\/bashkin.jpg\" id=\"img_0\"><\/center>\n<\/li>\n<li>\n<p><strong>Extremos<\/strong>: Perdemos (si no hay cambio en el tema Stojanovic) a los dos titulares, y nos quedamos con los dos reservas. Pese a todo, soy optimista. El final de temporada ha visto a un <strong>Pavel Bashkin<\/strong> que se parec\u00eda bastante m\u00e1s al jugador letal que se contrat\u00f3. A ese nivel, es un jugador de 150 goles por temporada. Y yo tengo much\u00edsima confianza en <strong>Javier Parra<\/strong>. El madrile\u00f1o empez\u00f3 el a\u00f1o con muy poca confianza en el lanzamiento: no le met\u00eda un gol al arco iris. Pero tambi\u00e9n ha terminado mejor. Creo que a Parra le hace falta un a\u00f1o siendo importante: primero tras Havard, luego tras Kalle, ha estado mucho tiempo tapado. Si no sale ahora&#8230;<\/p>\n<\/li>\n<\/ol>\n<p>Y eso es todo. Ma\u00f1ana, si os parece, hacemos un poco de c\u00e1balas sobre <strong>qu\u00e9 habr\u00eda que fichar<\/strong>. Aunque, tal y como est\u00e1 la cosa, ser\u00e1n castillos en el aire. Pero y lo que nos divertimos&#8230; \u00bfno?<\/p>\n<p><\/big><\/p>\n<div style=\"text-align:right\"><SMALL>FOTOS: FERNANDO D\u00cdAZ<\/small><\/div>\n<p>&nbsp;<br \/>\n&nbsp;<br \/>\n&nbsp;<\/p>\n<table width=\"100%\" border=\"0\" cellpadding=\"4\" cellspacing=\"0\">\n<tbody>\n<tr align=\"center\">\n<td width=\"50%\" bgcolor=\"#fca54f\"> <span style=\"color: rgb(255, 255, 255);\"> <small>TEMAS RELACIONADOS <\/small><\/span><\/td>\n<td width=\"30%\"> <\/td>\n<td width=\"20%\" align=\"center\" bgcolor=\"#fca54f\"> <span style=\"color: rgb(255, 255, 255);\"> <small>SUSCR\u00cdBETE <\/small><\/span><\/td>\n<\/tr>\n<tr>\n<\/tr>\n<\/tbody>\n<\/table>\n<table border=\"0\" cellpadding=\"0\" cellspacing=\"0\">\n<tbody>\n<tr>\n<td width=\"50%\" bgcolor=\"rgb(255,255,255)\">\n<ul>\n<li><small>Lo que se va, lo que <A href=\"https:\/\/blogs.larioja.com\/balonblog\/2009\/5\/11\/lo-se-va-que-nos-queda-1-esperando-al-lunes\" title=\"https:\/\/blogs.larioja.com\/balonblog\/2009\/5\/11\/lo-se-va-que-nos-queda-1-esperando-al-lunes1\" id=\"link_0\">nos queda (1)<\/a><\/li>\n<li>El primer <A href=\"https:\/\/blogs.larioja.com\/balonblog\/2009\/4\/2\/el-primer-fichaje-lorger-jugara-logrono\" title=\"https:\/\/blogs.larioja.com\/balonblog\/2009\/4\/2\/el-primer-fichaje-lorger-jugara-logrono\" id=\"link_1\">fichaje<\/a><\/small><\/li>\n<\/ul>\n<\/td>\n<td width=180> <\/td>\n<td width=\"20%\" align=\"center\"><A href=\"http:\/\/feeds2.feedburner.com\/ElBalonblog\" title=\"Suscripci\u00f3n por RSS\"><IMG style=\"width: 40px; height: 40px;\" src=\"\/balonblog\/wp-content\/uploads\/sites\/13\/feed-icon-orange-128.png\" id=\"img_0\"><\/a><A href=\"http:\/\/feedburner.google.com\/fb\/a\/mailverify?uri=ElBalonblog&#038;loc=es_ES\" title=\"Suscripci\u00f3n por e-mail\"><IMG style=\"width: 40px; height: 40px;\" src='\/\/blogs.larioja.com\/blogfiles\/balonblog\/mail-64.png' id='img_0'><\/a><\/td>\n<\/tr>\n<\/tbody>\n<\/table>\n","protected":false},"excerpt":{"rendered":"<p>Si, como todo hace sospechar, son al final ocho los jugadores que se van (aunque lo de Stojanovic est\u00e9 en el aire) \u00bfC\u00f3mo queda el Naturhouse? Para m\u00ed, lo que queda forma un buen equipo de balonmano. O, mejor dicho: un buen medio equipo de balonmano. Por partes. Los que se quedan Porteros: sigue Gurutz [&hellip;]<\/p>\n","protected":false},"author":16,"featured_media":0,"comment_status":"open","ping_status":"closed","sticky":false,"template":"","format":"standard","meta":[],"categories":[42],"tags":[87,140,154,384,421,491,494,551,597,694,812,833],"_links":{"self":[{"href":"https:\/\/blogs.larioja.com\/balonblog\/wp-json\/wp\/v2\/posts\/349"}],"collection":[{"href":"https:\/\/blogs.larioja.com\/balonblog\/wp-json\/wp\/v2\/posts"}],"about":[{"href":"https:\/\/blogs.larioja.com\/balonblog\/wp-json\/wp\/v2\/types\/post"}],"author":[{"embeddable":true,"href":"https:\/\/blogs.larioja.com\/balonblog\/wp-json\/wp\/v2\/users\/16"}],"replies":[{"embeddable":true,"href":"https:\/\/blogs.larioja.com\/balonblog\/wp-json\/wp\/v2\/comments?post=349"}],"version-history":[{"count":0,"href":"https:\/\/blogs.larioja.com\/balonblog\/wp-json\/wp\/v2\/posts\/349\/revisions"}],"wp:attachment":[{"href":"https:\/\/blogs.larioja.com\/balonblog\/wp-json\/wp\/v2\/media?parent=349"}],"wp:term":[{"taxonomy":"category","embeddable":true,"href":"https:\/\/blogs.larioja.com\/balonblog\/wp-json\/wp\/v2\/categories?post=349"},{"taxonomy":"post_tag","embeddable":true,"href":"https:\/\/blogs.larioja.com\/balonblog\/wp-json\/wp\/v2\/tags?post=349"}],"curies":[{"name":"wp","href":"https:\/\/api.w.org\/{rel}","templated":true}]}}