{"id":362,"date":"2009-05-18T12:04:00","date_gmt":"2009-05-18T12:04:00","guid":{"rendered":"http:\/\/blogs.larioja.com\/balonblog\/?p=362"},"modified":"2009-05-18T12:04:00","modified_gmt":"2009-05-18T12:04:00","slug":"el-naturhouse-del-ano-viene-primer-avance","status":"publish","type":"post","link":"https:\/\/blogs.larioja.com\/balonblog\/2009\/05\/18\/el-naturhouse-del-ano-viene-primer-avance\/","title":{"rendered":"El Naturhouse del a\u00f1o que viene: primer avance"},"content":{"rendered":"<p><big><\/p>\n<p>Acabo de volver de la rueda de prensa. Os dejo las principales novedades a toda velocidad y luego habr\u00e1 tiempo para ampliarlas:<\/big><\/p>\n<h2>Bajas<\/h2>\n<p><big><\/p>\n<p>Las que ya se esperaban: Torrego, Stojanovic, Pavlovic, Gautschi, Gede\u00f3n, Belaustegi, Aguirrezabalaga.<\/p>\n<p><\/big><\/p>\n<h2>Fichajes<\/h2>\n<p><big><\/p>\n<p>Muchos m\u00e1s de los que yo me esperaba: cinco, nada menos.<\/p>\n<ul>\n<li><strong>Gregor Lorger<\/strong>. Portero, del Valladolid. Dos a\u00f1os<\/li>\n<li><strong>Alexander &#8216;Shasha&#8217; Tioumentsev<\/strong>. Central, de Almer\u00eda.1+2.<\/li>\n<li><strong>Alfredo Sorrentino<\/strong>. Lateral izquierdo, del CAI Arag\u00f3n.1+2.<\/li>\n<li><strong>Unai Arrieta<\/strong>. Extremo izquierdo, del Arrate. 1+1<\/li>\n<li><strong> Ismael Ju\u00e1rez<\/strong>. Extremo Derecho, del Atl\u00e9tico Boadilla de la B. 1+2.<\/li>\n<\/ul>\n<p><\/big><\/p>\n<h2>Renovaciones<\/h2>\n<p><big><\/p>\n<ul>\n<li>Gurutz Aginagalde. Dos a\u00f1os m\u00e1s, es decir, tres en total. Hasta el 2012. Y se ha bajado el sueldo<\/li>\n<li>\u00c1ngel Romero. Dos a\u00f1os m\u00e1s, es decir, tres en total. Hasta el 2012. Tambi\u00e9n se ha bajado el sueldo.<\/li>\n<li>Miguel \u00c1ngel Velasco. Dos a\u00f1os m\u00e1s, hasta el 2011<\/li>\n<\/ul>\n<p><\/big><\/p>\n","protected":false},"excerpt":{"rendered":"<p>Acabo de volver de la rueda de prensa. Os dejo las principales novedades a toda velocidad y luego habr\u00e1 tiempo para ampliarlas: Bajas Las que ya se esperaban: Torrego, Stojanovic, Pavlovic, Gautschi, Gede\u00f3n, Belaustegi, Aguirrezabalaga. Fichajes Muchos m\u00e1s de los que yo me esperaba: cinco, nada menos. Gregor Lorger. Portero, del Valladolid. Dos a\u00f1os Alexander [&hellip;]<\/p>\n","protected":false},"author":16,"featured_media":0,"comment_status":"open","ping_status":"closed","sticky":false,"template":"","format":"standard","meta":[],"categories":[42],"tags":[],"_links":{"self":[{"href":"https:\/\/blogs.larioja.com\/balonblog\/wp-json\/wp\/v2\/posts\/362"}],"collection":[{"href":"https:\/\/blogs.larioja.com\/balonblog\/wp-json\/wp\/v2\/posts"}],"about":[{"href":"https:\/\/blogs.larioja.com\/balonblog\/wp-json\/wp\/v2\/types\/post"}],"author":[{"embeddable":true,"href":"https:\/\/blogs.larioja.com\/balonblog\/wp-json\/wp\/v2\/users\/16"}],"replies":[{"embeddable":true,"href":"https:\/\/blogs.larioja.com\/balonblog\/wp-json\/wp\/v2\/comments?post=362"}],"version-history":[{"count":0,"href":"https:\/\/blogs.larioja.com\/balonblog\/wp-json\/wp\/v2\/posts\/362\/revisions"}],"wp:attachment":[{"href":"https:\/\/blogs.larioja.com\/balonblog\/wp-json\/wp\/v2\/media?parent=362"}],"wp:term":[{"taxonomy":"category","embeddable":true,"href":"https:\/\/blogs.larioja.com\/balonblog\/wp-json\/wp\/v2\/categories?post=362"},{"taxonomy":"post_tag","embeddable":true,"href":"https:\/\/blogs.larioja.com\/balonblog\/wp-json\/wp\/v2\/tags?post=362"}],"curies":[{"name":"wp","href":"https:\/\/api.w.org\/{rel}","templated":true}]}}