{"id":385,"date":"2009-05-27T22:15:00","date_gmt":"2009-05-27T22:15:00","guid":{"rendered":"http:\/\/blogs.larioja.com\/balonblog\/?p=385"},"modified":"2009-05-27T22:15:00","modified_gmt":"2009-05-27T22:15:00","slug":"ciudad-real-se-cabrea-mucho","status":"publish","type":"post","link":"https:\/\/blogs.larioja.com\/balonblog\/2009\/05\/27\/ciudad-real-se-cabrea-mucho\/","title":{"rendered":"Ciudad Real se cabrea (mucho)"},"content":{"rendered":"<p><center><IMG style=\"width: 259px; height: 323px;\" src=\"\/balonblog\/wp-content\/uploads\/sites\/13\/cabreo.JPG\" id=\"img_0\"><\/center><br \/>\n<big>Ha tardado mucho, pero por fin <strong>Ciudad Real ha levantado la voz<\/strong>: el arbitraje que recibi\u00f3 en el final del partido contra el Kiel fue de juzgado de guardia. Qu\u00e9 raro: de nuevo con el Kiel<\/p>\n<p>Esta tarde la Agencia EFE recog\u00eda <strong>unas declaraciones muy duras<\/strong> de Luismi L\u00f3pez, director general del BM Ciudad Real. Os dejo el teletipo de la agencia.<\/p>\n<p><\/big><\/p>\n<blockquote><p>Ciudad Real, 27 may (EFE).- Luis Miguel L\u00f3pez, director general del BM Ciudad Real, ha calificado de &#8220;atraco&#8221; lo ocurrido en el Sparkassen Arena de Kiel, en el partido de ida de la final de la Liga de Campeones.<br \/>\n&#8220;Por m\u00e1s vueltas que le das no encuentras explicaci\u00f3n alguna&#8221;, se\u00f1al\u00f3 L\u00f3pez.<br \/>\n&#8220;Me fundamento en las decisiones adoptadas por los \u00e1rbitros daneses Olesen y Pedersen, sobre todo en los \u00faltimos cinco minutos, como agarrones y faltas a Rutenka o Abalo por parte de Karabatic o pitarnos un penalti solo a favor cuando ellos tuvieran una defensa m\u00e1s contundente&#8221;, a\u00f1adi\u00f3.<br \/>\nEl Ciudad Real perdi\u00f3 39-34 contra el Kiel el primer asalto de la final de la m\u00e1xima competici\u00f3n continental de clubes.<br \/>\nTambi\u00e9n destac\u00f3 el dirigente del club ciudadreale\u00f1o &#8220;acciones claras que no fueron sancionadas o determinaciones que en un \u00e1rea se pitaban y en la otra no. Esto es parecido a lo que le pas\u00f3 al Portland en Montpellier o al Bidasoa&#8221;.<br \/>\n&#8220;Llevamos una temporada de arbitrajes poco acertados en los partidos de fuera, como ocurri\u00f3 en pistas como Veszpr\u00e9m o Hamburgo, por lo que nos hemos quejado&#8221;, desvel\u00f3.<br \/>\nEl director general del BM Ciudad Real, pese a todo, dijo que mira con optimismo el futuro. &#8220;Estamos capacitados para realizar la remontada&#8221;, afirm\u00f3, y pidi\u00f3 &#8220;tambi\u00e9n el apoyo del publico para que llene el &#8216;Quijote Arena&#8217; el domingo&#8221;. EFE<\/p><\/blockquote>\n<p><big><\/p>\n<p>El asunto del arbitraje sigue siendo <strong>el peor agujero negro<\/strong> de este deporte. \u00bfTiene soluci\u00f3n?<\/p>\n<p><\/big><br \/>\n&nbsp;<br \/>\n&nbsp;<br \/>\n&nbsp;<\/p>\n<table width=\"100%\" border=\"0\" cellpadding=\"4\" cellspacing=\"0\">\n<tbody>\n<tr align=\"center\">\n<td width=\"50%\" bgcolor=\"#fca54f\"> <span style=\"color: rgb(255, 255, 255);\"> <small>TEMAS RELACIONADOS <\/small><\/span><\/td>\n<td width=\"30%\"> <\/td>\n<td width=\"20%\" align=\"center\" bgcolor=\"#fca54f\"> <span style=\"color: rgb(255, 255, 255);\"> <small>SUSCR\u00cdBETE <\/small><\/span><\/td>\n<\/tr>\n<tr>\n<\/tr>\n<\/tbody>\n<\/table>\n<table border=\"0\" cellpadding=\"0\" cellspacing=\"0\">\n<tbody>\n<tr>\n<td width=\"50%\" bgcolor=\"rgb(255,255,255)\">\n<ul>\n<li><small>\u00bfEst\u00e1 el balonmano <A href=\"https:\/\/blogs.larioja.com\/balonblog\/2009\/3\/18\/-es-balonmano-deporte-corrupto-1\" title=\"https:\/\/blogs.larioja.com\/balonblog\/2009\/3\/18\/-es-balonmano-deporte-corrupto-\" id=\"link_0\">corrupto?<\/a><\/li>\n<li>El partido <A href=\"https:\/\/blogs.larioja.com\/balonblog\/2009\/5\/24\/ciudad-real-se-suicida-39-34-\" title=\"https:\/\/blogs.larioja.com\/balonblog\/2009\/5\/24\/ciudad-real-se-suicida-39-34-\" id=\"link_1\">de Kiel<\/a><\/small><\/li>\n<\/ul>\n<\/td>\n<td width=180> <\/td>\n<td width=\"20%\" align=\"center\"><A href=\"http:\/\/feeds2.feedburner.com\/ElBalonblog\" title=\"Suscripci\u00f3n por RSS\"><IMG style=\"width: 40px; height: 40px;\" src=\"\/balonblog\/wp-content\/uploads\/sites\/13\/feed-icon-orange-128.png\" id=\"img_0\"><\/a><A href=\"http:\/\/feedburner.google.com\/fb\/a\/mailverify?uri=ElBalonblog&#038;loc=es_ES\" title=\"Suscripci\u00f3n por e-mail\"><IMG style=\"width: 40px; height: 40px;\" src='\/\/blogs.larioja.com\/blogfiles\/balonblog\/mail-64.png' id='img_0'><\/a><\/td>\n<\/tr>\n<\/tbody>\n<\/table>\n","protected":false},"excerpt":{"rendered":"<p>Ha tardado mucho, pero por fin Ciudad Real ha levantado la voz: el arbitraje que recibi\u00f3 en el final del partido contra el Kiel fue de juzgado de guardia. Qu\u00e9 raro: de nuevo con el Kiel Esta tarde la Agencia EFE recog\u00eda unas declaraciones muy duras de Luismi L\u00f3pez, director general del BM Ciudad Real. [&hellip;]<\/p>\n","protected":false},"author":16,"featured_media":0,"comment_status":"open","ping_status":"closed","sticky":false,"template":"","format":"standard","meta":[],"categories":[3],"tags":[108,462],"_links":{"self":[{"href":"https:\/\/blogs.larioja.com\/balonblog\/wp-json\/wp\/v2\/posts\/385"}],"collection":[{"href":"https:\/\/blogs.larioja.com\/balonblog\/wp-json\/wp\/v2\/posts"}],"about":[{"href":"https:\/\/blogs.larioja.com\/balonblog\/wp-json\/wp\/v2\/types\/post"}],"author":[{"embeddable":true,"href":"https:\/\/blogs.larioja.com\/balonblog\/wp-json\/wp\/v2\/users\/16"}],"replies":[{"embeddable":true,"href":"https:\/\/blogs.larioja.com\/balonblog\/wp-json\/wp\/v2\/comments?post=385"}],"version-history":[{"count":0,"href":"https:\/\/blogs.larioja.com\/balonblog\/wp-json\/wp\/v2\/posts\/385\/revisions"}],"wp:attachment":[{"href":"https:\/\/blogs.larioja.com\/balonblog\/wp-json\/wp\/v2\/media?parent=385"}],"wp:term":[{"taxonomy":"category","embeddable":true,"href":"https:\/\/blogs.larioja.com\/balonblog\/wp-json\/wp\/v2\/categories?post=385"},{"taxonomy":"post_tag","embeddable":true,"href":"https:\/\/blogs.larioja.com\/balonblog\/wp-json\/wp\/v2\/tags?post=385"}],"curies":[{"name":"wp","href":"https:\/\/api.w.org\/{rel}","templated":true}]}}