{"id":401,"date":"2009-06-07T11:08:00","date_gmt":"2009-06-07T11:08:00","guid":{"rendered":"http:\/\/blogs.larioja.com\/balonblog\/?p=401"},"modified":"2009-06-07T11:08:00","modified_gmt":"2009-06-07T11:08:00","slug":"cosas-pasan-enlaces-7-vi","status":"publish","type":"post","link":"https:\/\/blogs.larioja.com\/balonblog\/2009\/06\/07\/cosas-pasan-enlaces-7-vi\/","title":{"rendered":"Cosas que pasan: los enlaces (7\/VI)"},"content":{"rendered":"<p><IMG src=\"\/balonblog\/files\/SOMBRILLAAPAREL_JPG.jpg\" id=\"img_0\"  width=\"120\" height=\"81\"vspace=\"3\" align=\"left\" hspace=\"3\"><big>Una novedad: Antequera se une a la n\u00f3mina de equipos con problemas: un <strong>40% menos de presupuesto<\/strong> y renovaciones a la baja o puerta a algunos jugadores.  Y el objetivo para el a\u00f1o que viene, o eso dice el presidente, ser\u00e1 <strong>la permanencia<\/strong>. Los malos tiempos siguen pasando factura: esperemos que los verdes tambi\u00e9n superen el bache.<\/big><\/p>\n<h2><span style=\"color: rgb(255, 102, 0);\">La prensa<\/span><\/h2>\n<p><big>La Rioja: <A href=\"http:\/\/www.larioja.com\/20090607\/deportes\/balonmano\/paco-lopez-acerca-20090607.html\" title=\"http:\/\/www.larioja.com\/20090607\/deportes\/balonmano\/paco-lopez-acerca-20090607.html\" id=link_0>Paco L\u00f3pez se acerca<\/a><br \/>\nLa Tribuna de Ciudad Real: <A href=\"http:\/\/www.latribunadeciudadreal.net\/noticia.cfm\/Deportes\/20090607\/continuidad\/urios\/lateral\/zurdo\/centran\/atencion\/B6C26857-1A64-968D-59D516C2227B62FA\" title=\"http:\/\/www.latribunadeciudadreal.net\/noticia.cfm\/Deportes\/20090607\/continuidad\/urios\/lateral\/zurdo\/centran\/atencion\/B6C26857-1A64-968D-59D516C2227B62FA\" id=link_1>La continuidad de Ur\u00edos y un lateral zurdo centran la atenci\u00f3n<\/a><br \/>\nEl Correo: <A href=\"http:\/\/www.elcorreo.com\/vizcaya\/20090607\/deportes\/mas-deporte\/lugar-mancha-20090607.html\" title=\"http:\/\/www.elcorreodigital.com\/vizcaya\/20090607\/deportes\/mas-deporte\/lugar-mancha-20090607.html\" id=link_2>En un lugar de La Mancha<\/a><br \/>\nNorte de Castilla: <A href=\"http:\/\/www.elnortedecastilla.es\/20090607\/deportes\/mas_balonmano\/equipos-final-cuatro-20090607.html\" title=\"http:\/\/www.nortecastilla.es\/20090607\/deportes\/mas_balonmano\/equipos-final-cuatro-20090607.html\" id=link_3>24 equipos y una final a cuatro<\/a><br \/>\nSur: <A href=\"http:\/\/www.diariosur.es\/20090607\/deportes\/balonmano\/aficion-colocar-balonmano-antequera-20090607.html\" title=\"http:\/\/www.diariosur.es\/20090607\/deportes\/balonmano\/aficion-colocar-balonmano-antequera-20090607.html\" id=link_4>La afici\u00f3n va a colocar al balonmano en Antequera donde merezca estar<\/a><br \/>\nDiario Vasco: <A href=\"http:\/\/www.diariovasco.com\/20090607\/deportes\/balonmano\/bolinaga-asegura-jugadores-arrate-20090607.html\" title=\"http:\/\/www.diariovasco.com\/20090607\/deportes\/balonmano\/bolinaga-asegura-jugadores-arrate-20090607.html\" id=link_5>Bolinaga asegura que los jugadores del Arrate vana cobrar todo lo que se les debe<\/a><br \/>\nDiario Vasco:<A href=\"http:\/\/www.diariovasco.com\/20090607\/bajo-deba\/arrate-coto-cerrado-alguien-20090607.html\" title=\"http:\/\/www.diariovasco.com\/20090607\/bajo-deba\/arrate-coto-cerrado-alguien-20090607.html\" id=link_8> &#8220;El Arrate no es un coto cerrado, si alguien quiere cogerlo, puede hacerlo&#8221;, dice Bolinaga<\/a><br \/>\nMarca: <A href=\"http:\/\/www.marca.com\/2009\/06\/06\/balonmano\/1244305812.html\" title=\"http:\/\/www.marca.com\/2009\/06\/06\/balonmano\/1244305812.html\" id=link_6>El L\u00e1baro Toledo ficha a Martinovic<\/a><br \/>\nEl Peri\u00f3dico de Arag\u00f3n: <A href=\"http:\/\/www.elperiodicodearagon.com\/noticias\/noticia.asp?pkid=503709\" title=\"http:\/\/www.elperiodicodearagon.com\/noticias\/noticia.asp?pkid=503709\" id=link_7>La revoluci\u00f3n del 2009<\/a><\/big><\/p>\n<h2><span style=\"color: rgb(255, 102, 0);\">Los blogs<\/span><\/h2>\n<p><big>Mi balonmano: <A href=\"http:\/\/www.mibalonmano.com\/stephan-schroeder-bate-el-record-de-anotacion-de-la-bundesliga\/\" title=\"http:\/\/www.mibalonmano.com\/stephan-schroeder-bate-el-record-de-anotacion-de-la-bundesliga\/\" id=link_9>Stephan Schroeder bate el record de anotacion de la Bundesliga<\/a>  <\/a><br \/>\n<\/big><br \/>\n&nbsp;<br \/>\n&nbsp;<br \/>\n&nbsp;<br \/>\n&nbsp;<\/p>\n<table width=\"100%\" border=\"0\" cellpadding=\"4\" cellspacing=\"0\">\n<tbody>\n<tr align=\"center\">\n<td width=\"50%\" bgcolor=\"#fca54f\"> <span style=\"color: rgb(255, 255, 255);\"> <small>TEMAS RELACIONADOS <\/small><\/span><\/td>\n<td width=\"30%\"> <\/td>\n<td width=\"20%\" align=\"center\" bgcolor=\"#fca54f\"> <span style=\"color: rgb(255, 255, 255);\"> <small>SUSCR\u00cdBETE <\/small><\/span><\/td>\n<\/tr>\n<tr>\n<\/tr>\n<\/tbody>\n<\/table>\n<table border=\"0\" cellpadding=\"0\" cellspacing=\"0\">\n<tbody>\n<tr>\n<td width=\"50%\" bgcolor=\"rgb(255,255,255)\">\n<ul>\n<li><small>Lo de <A href=\"https:\/\/blogs.larioja.com\/balonblog\/posts\" title=\"https:\/\/blogs.larioja.com\/balonblog\/posts\">L\u00f3pez<\/a><\/li>\n<li>Martinovic <A href=\"https:\/\/blogs.larioja.com\/balonblog\/2009\/6\/6\/entre-hoy-e-isaias\" title=\"https:\/\/blogs.larioja.com\/balonblog\/2009\/6\/6\/entre-hoy-e-isaias\" id=\"link_1\">resuelve la duda<\/a><\/small><\/li>\n<\/ul>\n<\/td>\n<td width=\"180\"> <\/td>\n<td width=\"20%\" align=\"center\"><A href=\"http:\/\/feeds2.feedburner.com\/ElBalonblog\" title=\"Suscripci\u00f3n por RSS\"><IMG style=\"width: 40px; height: 40px;\" src=\"\/balonblog\/wp-content\/uploads\/sites\/13\/feed-icon-orange-128.png\" id=\"img_0\"><\/a><A href=\"http:\/\/feedburner.google.com\/fb\/a\/mailverify?uri=ElBalonblog&#038;loc=es_ES\" title=\"Suscripci\u00f3n por e-mail\"><IMG style=\"width: 40px; height: 40px;\" src=\"\/balonblog\/wp-content\/uploads\/sites\/13\/mail-64.png\" id=\"img_0\"><\/a><\/td>\n<\/tr>\n<\/tbody>\n<\/table>\n","protected":false},"excerpt":{"rendered":"<p>Una novedad: Antequera se une a la n\u00f3mina de equipos con problemas: un 40% menos de presupuesto y renovaciones a la baja o puerta a algunos jugadores. Y el objetivo para el a\u00f1o que viene, o eso dice el presidente, ser\u00e1 la permanencia. Los malos tiempos siguen pasando factura: esperemos que los verdes tambi\u00e9n superen [&hellip;]<\/p>\n","protected":false},"author":16,"featured_media":0,"comment_status":"open","ping_status":"closed","sticky":false,"template":"","format":"standard","meta":[],"categories":[19],"tags":[140,491],"_links":{"self":[{"href":"https:\/\/blogs.larioja.com\/balonblog\/wp-json\/wp\/v2\/posts\/401"}],"collection":[{"href":"https:\/\/blogs.larioja.com\/balonblog\/wp-json\/wp\/v2\/posts"}],"about":[{"href":"https:\/\/blogs.larioja.com\/balonblog\/wp-json\/wp\/v2\/types\/post"}],"author":[{"embeddable":true,"href":"https:\/\/blogs.larioja.com\/balonblog\/wp-json\/wp\/v2\/users\/16"}],"replies":[{"embeddable":true,"href":"https:\/\/blogs.larioja.com\/balonblog\/wp-json\/wp\/v2\/comments?post=401"}],"version-history":[{"count":0,"href":"https:\/\/blogs.larioja.com\/balonblog\/wp-json\/wp\/v2\/posts\/401\/revisions"}],"wp:attachment":[{"href":"https:\/\/blogs.larioja.com\/balonblog\/wp-json\/wp\/v2\/media?parent=401"}],"wp:term":[{"taxonomy":"category","embeddable":true,"href":"https:\/\/blogs.larioja.com\/balonblog\/wp-json\/wp\/v2\/categories?post=401"},{"taxonomy":"post_tag","embeddable":true,"href":"https:\/\/blogs.larioja.com\/balonblog\/wp-json\/wp\/v2\/tags?post=401"}],"curies":[{"name":"wp","href":"https:\/\/api.w.org\/{rel}","templated":true}]}}