{"id":439,"date":"2009-06-29T17:50:00","date_gmt":"2009-06-29T17:50:00","guid":{"rendered":"http:\/\/blogs.larioja.com\/balonblog\/?p=439"},"modified":"2009-06-29T17:50:00","modified_gmt":"2009-06-29T17:50:00","slug":"cosas-pasan-enlaces-29-vi","status":"publish","type":"post","link":"https:\/\/blogs.larioja.com\/balonblog\/2009\/06\/29\/cosas-pasan-enlaces-29-vi\/","title":{"rendered":"Cosas que pasan: los enlaces (29\/VI)"},"content":{"rendered":"<p><IMG style=\"width: 135px; height: 101px;\" src=\"\/balonblog\/wp-content\/uploads\/sites\/13\/peris.jpg\" id=\"img_0\" vspace=\"10\" align=\"right\" hspace=\"10\"><big>Villaldea dice que Ristanovic va a ser &#8220;una pieza fundamental&#8221; de su esquema. L\u00f3gico: como dice un compa\u00f1ero, &#8220;<strong>es malo jugar sin portero<\/strong>&#8220;. Y teniendo en cuenta que a Svensson lo ech\u00f3 \u00e9l&#8230; Por lo dem\u00e1s, uno dir\u00eda que en Ademar llevan un siglo de elecciones. Hasta a ellos se les hace largo.<\/big><\/p>\n<style type=\"text\/css\">\nul#navlist {\nwidth: 570px;\n\\width: 572px;\nw\\idth: 570px;\npadding: 0px;\n\/* border: 1px solid #808080;\nborder-top: 0px; *\/\nmargin: 0px;\nfont: \/*bold*\/ 12px verdana,helvetica,arial,sans-serif;\nbackground: #808080;\n}<\/p>\n<p>ul#navlist li {\nlist-style: none;\nmargin: 0px;\n\/* border: 0px;\nborder-top: 1px solid #808080;*\/\n}<\/p>\n<p>ul#navlist li a {\ndisplay: block;\nwidth: 534px; \/*122*\/\n\\width: 580px;\nw\\idth: 534px;\npadding: 4px 8px 4px 8px;\nborder: 0px;\nborder-left: 20px solid #aaaabb;\nbackground: #FFFFFF;\/*#ccccdd*\/\ntext-decoration: none;\ntext-align: left;\n}<\/p>\n<p>ul#navlist li a:link { color: #000000; }\ndiv#navcontainer li a:visited { color: #c6c6c6; }<\/p>\n<p>ul#navlist li a:hover\n{\nborder-color: #ff9000;\ncolor: #ff9000;\nbackground: #fff3ed; \/*#000d33*\/\n}\n<\/style>\n<h2><span style=\"color: rgb(255, 102, 0);\">La prensa<\/span><\/h2>\n<div id=\"navcontainer\">\n<ul id=\"navlist\">\n<li id=\"active\"><A href=\"http:\/\/www.diariodenavarra.es\/20090629\/deportes\/arkaitz-vargas-cuenta-oferta-portland-san-antonio.html?not=2009062902185881&#038;idnot=2009062902185881&#038;dia=20090629&#038;seccion=deportes&#038;seccion2=portlandBalonmano&#038;chnl=20\"><strong>Diario de Navarra: <\/strong> Arkaitz Vargas cuenta con una oferta del Portland San Antonio<\/a><\/li>\n<li><A href=\"http:\/\/www.noticiasdenavarra.com\/ediciones\/2009\/06\/29\/deportes\/balonmano\/d29bal36.1642188.php\"><strong>Noticias de Navarra: <\/strong> Villaldea dice que Ristanovic &#8220;es una pieza fundamental&#8221;<\/a><\/li>\n<li><A href=\"http:\/\/www.diariodeleon.es\/noticias\/noticia.asp?pkid=462618\"><strong>DIario de Le\u00f3n: <\/strong> El proceso se hace largo<\/a><\/li>\n<li><A href=\"http:\/\/www.la-cronica.net\/2009\/06\/29\/deportes\/puedo-ser-un-buen-presidente-y-mi-equipo-de-trabajo-es-mi-principal-baza-40751.htm\"><strong>La Cr\u00f3nica de Le\u00f3n: <\/strong> \u00c1lvarez: &#8220;Puedo ser un buen presidente, y mi equipo de trabajo es mi principal baza&#8221;<\/a><\/li>\n<li><A href=\"http:\/\/www.elnortedecastilla.es\/20090602\/deportes\/balonmano\/juan-vicente-herrera-compara-200906021848.html\"><strong>Norte de Castilla: <\/strong> Herrera compara a Pastor con Pep Guardiola<\/a><\/li>\n<li><A href=\"http:\/\/www.eldiaencastillalamancha.com\/cu\/noticia.php\/13814\"><strong>El D\u00eda de Cuenca: <\/strong> El Cuenca 2016 podr\u00eda tener una nueva pe\u00f1a la pr\u00f3xima temporada<\/a><\/li>\n<li><A href=\"http:\/\/www.latribunadecuenca.es\/noticia.cfm\/Deportes\/20090629\/cuenca\/2016\/no\/pretende\/nadie\/bm\/alcobendas\/2814892D-1A64-968D-59180CB6A97C5C08\"><strong>La Tribuna de Cuenca: <\/strong> El Cuenca 2016 no pretende a nadie del BM Alcobendas<\/a><\/li>\n<li><A href=\"http:\/\/www.elalmeria.es\/article\/deportes\/458553\/los\/problemas\/miras.html\"><strong>El Almer\u00eda: <\/strong> Los problemas de Miras<\/a><\/li>\n<li><A href=\"http:\/\/www.diariocordoba.com\/noticias\/noticia.asp?pkid=493076\"><strong>Diario C\u00f3rdoba: <\/strong> El Cajasur C\u00f3rdoba 2016 quiere dar el salto<\/a><\/li>\n<li><A href=\"http:\/\/www.elcorreo.com\/vizcaya\/prensa\/20090629\/deportes\/la-rioja\/alcobendas-pide-prorroga-para-20090629.html\"><strong>El Correo: <\/strong> El Alcobendas pide una pr\u00f3rroga para pagar<\/a><\/li>\n<li><A href=\"http:\/\/www.elsoldeantequera.com\/index.php\"><strong>El Sol de Antequera: <\/strong> El Antequera 2010 ultima la firma de sus patrocinadores<\/a><\/li>\n<\/ul>\n<\/div>\n<h2><span style=\"color: rgb(255, 102, 0);\">Los blogs<\/span><\/h2>\n<div id=\"navcontainer\">\n<ul id=\"navlist\">\n<li id=\"active\"><A href=\"http:\/\/artillerianaranja.blogspot.com\/2009\/06\/seguira-doder.html\"><strong>Artiller\u00eda Naranja: <\/strong> \u00bfSeguir\u00e1 Doder?<\/a><\/li>\n<\/ul>\n<\/div>\n<style type=\"text\/css\">\n#suscribe {\nmargin-left: 20px;\nmargin-right: 30px;\n}\n#enlaces {\nmargin-right: 20px;\nmargin-left: 30px;\n}\nul#izquierda {\nfloat: left;\nmargin-bottom: 20px;\n}\nul#derecha {\nfloat: right;\nmargin-bottom: 20px;\n}\n#izquierda, li {\nmargin-top: 0px;\nmargin-bottom: 4px;\n}\n#derecha, li {\nmargin-top: 0px;\nmargin-bottom: 4px;\n}\nh4 {\nmargin-bottom: 8px;\n}\n<\/style>\n<p>&nbsp;<br \/>\n&nbsp;<\/p>\n<hr size=1 width=100% noshade color: #7F7F7F>\n<div>\n<div id=\"suscribe\">\n<ul id=\"izquierda\">\n<h4>Si esto te gusta&#8230;.<\/h4>\n<li><A href=\"http:\/\/feedburner.google.com\/fb\/a\/mailverify?uri=ElBalonblog&#038;loc=es_ES\" title=\"Recibe un correo diario con las actualizaciones de ElBalonblog\"> Sigue ElBalonblog por e-mail<\/a><\/li>\n<li><A href=\"http:\/\/feeds2.feedburner.com\/ElBalonblog\" title=\"\u00bfNo conoces el RSS? Entra y desc\u00fabrelo\">Subscr\u00edbete por RSS<\/a><\/li>\n<\/ul><\/div>\n<div id=\"enlaces\">\n<ul id=\"derecha\">\n<h4>Art\u00edculos relacionados<\/h4>\n<li><A href=\"https:\/\/blogs.larioja.com\/balonblog\/2009\/6\/28\/cosas-pasan-enlaces-28-vi-\" title=\"Lee el art\u00edculo\"> Los enlaces de ayer<\/a><\/li>\n<li><A href=\"https:\/\/blogs.larioja.com\/balonblog\/2009\/6\/27\/cosas-pasan-enlaces-27-vi-\" title=\"Lee el art\u00edculo\">&#8230; Y los del s\u00e1bado<\/a><\/li>\n<\/ul>\n<div style=\"clear:both;\"><\/div>\n<\/div>\n","protected":false},"excerpt":{"rendered":"<p>Villaldea dice que Ristanovic va a ser &#8220;una pieza fundamental&#8221; de su esquema. L\u00f3gico: como dice un compa\u00f1ero, &#8220;es malo jugar sin portero&#8220;. Y teniendo en cuenta que a Svensson lo ech\u00f3 \u00e9l&#8230; Por lo dem\u00e1s, uno dir\u00eda que en Ademar llevan un siglo de elecciones. Hasta a ellos se les hace largo. La prensa [&hellip;]<\/p>\n","protected":false},"author":16,"featured_media":0,"comment_status":"open","ping_status":"closed","sticky":false,"template":"","format":"standard","meta":[],"categories":[19],"tags":[140,165,388],"_links":{"self":[{"href":"https:\/\/blogs.larioja.com\/balonblog\/wp-json\/wp\/v2\/posts\/439"}],"collection":[{"href":"https:\/\/blogs.larioja.com\/balonblog\/wp-json\/wp\/v2\/posts"}],"about":[{"href":"https:\/\/blogs.larioja.com\/balonblog\/wp-json\/wp\/v2\/types\/post"}],"author":[{"embeddable":true,"href":"https:\/\/blogs.larioja.com\/balonblog\/wp-json\/wp\/v2\/users\/16"}],"replies":[{"embeddable":true,"href":"https:\/\/blogs.larioja.com\/balonblog\/wp-json\/wp\/v2\/comments?post=439"}],"version-history":[{"count":0,"href":"https:\/\/blogs.larioja.com\/balonblog\/wp-json\/wp\/v2\/posts\/439\/revisions"}],"wp:attachment":[{"href":"https:\/\/blogs.larioja.com\/balonblog\/wp-json\/wp\/v2\/media?parent=439"}],"wp:term":[{"taxonomy":"category","embeddable":true,"href":"https:\/\/blogs.larioja.com\/balonblog\/wp-json\/wp\/v2\/categories?post=439"},{"taxonomy":"post_tag","embeddable":true,"href":"https:\/\/blogs.larioja.com\/balonblog\/wp-json\/wp\/v2\/tags?post=439"}],"curies":[{"name":"wp","href":"https:\/\/api.w.org\/{rel}","templated":true}]}}