{"id":550,"date":"2009-09-06T20:48:00","date_gmt":"2009-09-06T20:48:00","guid":{"rendered":"http:\/\/blogs.larioja.com\/balonblog\/?p=550"},"modified":"2009-09-06T20:48:00","modified_gmt":"2009-09-06T20:48:00","slug":"el-primer-campeon","status":"publish","type":"post","link":"https:\/\/blogs.larioja.com\/balonblog\/2009\/09\/06\/el-primer-campeon\/","title":{"rendered":"El primer campe\u00f3n"},"content":{"rendered":"<p><IMG style=\"width: 135px; height: 101px;\" src=\"\/balonblog\/wp-content\/uploads\/sites\/13\/peris.jpg\" id=\"img_0\" vspace=\"10\" align=\"right\" hspace=\"10\"><big>Pues el Bar\u00e7a ha dado primero, y ha dado sorprendetemente fuerte: <strong>se ha llevado la Supercopa<\/strong> por un contundente 33-27. Una paliza de principio a final. Por lo dem\u00e1s, unos cuantos amistosos, con victorias claras de Granollers, Antequera y Alcobendas. Y el Ademar que todav\u00eda se lo tiene que pelear esta noche. Y <strong>un par de curiosidades<\/strong> period\u00edsticas. Primero, en la cr\u00f3nica del Diario de Navarra no se menciona para nada a <strong>los lesionados del Naturhouse<\/strong>. Y era un dato importante. Y dos, en Cuenca ya se vuelven a quejar de las exclusiones, y todav\u00eda no ha empezado la temporada. \u00bfTodav\u00eda no se han dado cuenta de que si te excluyen mucho durante todo el a\u00f1o ser\u00e1 por algo? En fin.<\/big><\/p>\n<style type=\"text\/css\">\nul#navlist {\nwidth: 570px;\n\\width: 572px;\nw\\idth: 570px;\npadding: 0px;\n\/* border: 1px solid #808080;\nborder-top: 0px; *\/\nmargin: 0px;\nfont: \/*bold*\/ 12px verdana,helvetica,arial,sans-serif;\nbackground: #808080;\n}<\/p>\n<p>ul#navlist li {\nlist-style: none;\nmargin: 0px;\n\/* border: 0px;\nborder-top: 1px solid #808080;*\/\n}<\/p>\n<p>ul#navlist li a {\ndisplay: block;\nwidth: 534px; \/*122*\/\n\\width: 580px;\nw\\idth: 534px;\npadding: 4px 8px 4px 8px;\nborder: 0px;\nborder-left: 20px solid #aaaabb;\nbackground: #FFFFFF;\/*#ccccdd*\/\ntext-decoration: none;\ntext-align: left;\n}<\/p>\n<p>ul#navlist li a:link { color: #000000; }\ndiv#navcontainer li a:visited { color: #c6c6c6; }<\/p>\n<p>ul#navlist li a:hover\n{\nborder-color: #ff9000;\ncolor: #ff9000;\nbackground: #fff3ed; \/*#000d33*\/\n}\n<\/style>\n<h2><span style=\"color: rgb(255, 102, 0);\">La prensa<\/span><\/h2>\n<div id=\"navcontainer\">\n<ul id=\"navlist\">\n<li id=\"active\"><A href=\"http:\/\/www.elcorreo.com\/vizcaya\/prensa\/20090906\/deportes\/la-rioja\/lesiones-frustran-gran-partido-20090906.html\"><strong>El Correo: <\/strong> Las lesiones frustran un gran partido del Naturhouse<\/a><\/li>\n<li><A href=\"http:\/\/www.diariodenavarra.es\/20090906\/deportes\/el-san-antonio-cierra-triunfo-pretemporada.html?not=2009090602025827&#038;idnot=2009090602025827&#038;dia=20090906&#038;seccion=deportes&#038;seccion2=portlandBalonmano&#038;chnl=20\"><strong>Diario de Navarra: <\/strong> El San Antonio cierra con triunfo la pretemporada<\/a><\/li>\n<li><A href=\"http:\/\/www.diariodeleon.es\/noticias\/noticia.asp?pkid=475655#\"><strong>Diario de Le\u00f3n: <\/strong> El Ademar deja la Champions para hoy<\/a><\/li>\n<li><A href=\"http:\/\/www.lavozdegalicia.es\/deportes\/2009\/09\/06\/0003_7952768.htm\"><strong>La Voz de Galicia: <\/strong> La final de la Copa Xunta ante el Teucro, \u00faltimo ensayo del Octavio<\/a><\/li>\n<li><A href=\"http:\/\/www.sport.es\/default.asp?idpublicacio_PK=44&#038;idioma=CAS&#038;idnoticia_PK=642787&#038;idseccio_PK=809\"><strong>Sport: <\/strong> El Granollers se adjudica su trofeo<\/a><\/li>\n<li><A href=\"http:\/\/www.eldiadevalladolid.com\/noticia.cfm\/Deportes\/20090906\/amistoso\/muy\/amistoso\/2924\/8C09F67C-1A64-968D-5980AC1D4702246E\"><strong>El D\u00eda de Valladolid: <\/strong> Un amistoso muy amistoso (29-24)<\/a><\/li>\n<li><A href=\"http:\/\/www.eldiaencastillalamancha.com\/cu\/noticia.php\/15533\"><strong>El D\u00eda de Cuenca: <\/strong> El Cuenca 2016, a punto de aguar la presentaci\u00f3n del BM Valladolid<\/a><\/li>\n<li><A href=\"http:\/\/www.marca.com\/2009\/09\/06\/balonmano\/1252250701.html\"><strong>Marca: <\/strong> El Balonmano Alcobendas cierra una pretemporada brillante<\/a><\/li>\n<\/ul>\n<\/div>\n<h2><span style=\"color: rgb(255, 102, 0);\">Los blogs<\/span><\/h2>\n<div id=\"navcontainer\">\n<ul id=\"navlist\">\n<li id=\"active\"><A href=\"http:\/\/balonmanoconfidencial.blogspot.com\/2009\/09\/los-doce-primeros-minutos-le-dan-el.html\"><strong>Balonmano Confidencial: <\/strong> Los doce primeros minutos le dan el t\u00edtulo al FC Barcelona<\/a><\/li>\n<li><A href=\"http:\/\/artillerianaranja.blogspot.com\/2009\/09\/trata-de-arrancarlo-mariano.html\"><strong>Artiller\u00eda Naranja: <\/strong> &#8216;Trata de arrancarlo, Mariano!<\/a><\/li>\n<\/ul>\n<\/div>\n<p>&nbsp;<\/p>\n<style type=\"text\/css\">\n#suscribe {\nmargin-left: 20px;\nmargin-right: 30px;\n}\n#enlaces {\nmargin-right: 20px;\nmargin-left: 30px;\n}\nul#izquierda {\nfloat: left;\nmargin-bottom: 20px;\n}\nul#derecha {\nfloat: right;\nmargin-bottom: 20px;\n}\n#izquierda, li {\nmargin-top: 0px;\nmargin-bottom: 4px;\n}\n#derecha, li {\nmargin-top: 0px;\nmargin-bottom: 4px;\n}\nh4 {\nmargin-bottom: 8px;\n}\n<\/style>\n<p>&nbsp;<br \/>\n&nbsp;<\/p>\n<hr size=1 width=100% noshade color: #7F7F7F>\n<div>\n<div id=\"suscribe\">\n<ul id=\"izquierda\">\n<h4>Si esto te gusta&#8230;.<\/h4>\n<li><A href=\"http:\/\/feedburner.google.com\/fb\/a\/mailverify?uri=ElBalonblog&#038;loc=es_ES\" title=\"Recibe un correo diario con las actualizaciones de ElBalonblog\"> Sigue ElBalonblog por e-mail<\/a><\/li>\n<li><A href=\"http:\/\/feeds2.feedburner.com\/ElBalonblog\" title=\"\u00bfNo conoces el RSS? Entra y desc\u00fabrelo\">Subscr\u00edbete por RSS<\/a><\/li>\n<\/ul><\/div>\n<div id=\"enlaces\">\n<ul id=\"derecha\">\n<h4>Art\u00edculos relacionados<\/h4>\n<li><A href=\"https:\/\/blogs.larioja.com\/balonblog\/2009\/9\/5\/lecumberri-cierra-verano\" title=\"Lee el art\u00edculo\">Noticias de ayer<\/a><\/li>\n<li><A href=\"https:\/\/blogs.larioja.com\/balonblog\/2009\/9\/3\/-una-seleccion-quiebra-\" title=\"Lee el art\u00edculo\">Y de anteayer<\/a><\/li>\n<\/ul>\n<div style=\"clear:both;\"><\/div>\n<\/div>\n","protected":false},"excerpt":{"rendered":"<p>Pues el Bar\u00e7a ha dado primero, y ha dado sorprendetemente fuerte: se ha llevado la Supercopa por un contundente 33-27. Una paliza de principio a final. Por lo dem\u00e1s, unos cuantos amistosos, con victorias claras de Granollers, Antequera y Alcobendas. Y el Ademar que todav\u00eda se lo tiene que pelear esta noche. Y un par [&hellip;]<\/p>\n","protected":false},"author":16,"featured_media":0,"comment_status":"open","ping_status":"closed","sticky":false,"template":"","format":"standard","meta":[],"categories":[19],"tags":[63,77,105,150,371,459,649,762],"_links":{"self":[{"href":"https:\/\/blogs.larioja.com\/balonblog\/wp-json\/wp\/v2\/posts\/550"}],"collection":[{"href":"https:\/\/blogs.larioja.com\/balonblog\/wp-json\/wp\/v2\/posts"}],"about":[{"href":"https:\/\/blogs.larioja.com\/balonblog\/wp-json\/wp\/v2\/types\/post"}],"author":[{"embeddable":true,"href":"https:\/\/blogs.larioja.com\/balonblog\/wp-json\/wp\/v2\/users\/16"}],"replies":[{"embeddable":true,"href":"https:\/\/blogs.larioja.com\/balonblog\/wp-json\/wp\/v2\/comments?post=550"}],"version-history":[{"count":0,"href":"https:\/\/blogs.larioja.com\/balonblog\/wp-json\/wp\/v2\/posts\/550\/revisions"}],"wp:attachment":[{"href":"https:\/\/blogs.larioja.com\/balonblog\/wp-json\/wp\/v2\/media?parent=550"}],"wp:term":[{"taxonomy":"category","embeddable":true,"href":"https:\/\/blogs.larioja.com\/balonblog\/wp-json\/wp\/v2\/categories?post=550"},{"taxonomy":"post_tag","embeddable":true,"href":"https:\/\/blogs.larioja.com\/balonblog\/wp-json\/wp\/v2\/tags?post=550"}],"curies":[{"name":"wp","href":"https:\/\/api.w.org\/{rel}","templated":true}]}}