{"id":633,"date":"2009-11-02T09:57:00","date_gmt":"2009-11-02T09:57:00","guid":{"rendered":"http:\/\/blogs.larioja.com\/balonblog\/?p=633"},"modified":"2009-11-02T09:57:00","modified_gmt":"2009-11-02T09:57:00","slug":"11-900-viendo-balonmano","status":"publish","type":"post","link":"https:\/\/blogs.larioja.com\/balonblog\/2009\/11\/02\/11-900-viendo-balonmano\/","title":{"rendered":"11.900 viendo balonmano"},"content":{"rendered":"<p><big><\/p>\n<p>Espectadores: <strong>11.900<\/strong>.<\/p>\n<p>Dicho as\u00ed, parece un titular de <\/p>\n<ul>\n<li><strong>a)<\/strong> F\u00fatbol<\/li>\n<li><strong>b)<\/strong> Alemania<\/li>\n<li><strong>c)<\/strong> Error de imprenta. <\/li>\n<\/ul>\n<p>Pero no: <strong>es balonmano<\/strong>, la selecci\u00f3n, y Madrid.<\/p>\n<p>El Espa\u00f1a-Francia trajo dos buenas noticias. Una, el <strong>subid\u00f3n competitivo<\/strong> de los chicos de Valero, que pudieron (o casi) con una Francia que vino con todo. Otra, el tremendo <strong>\u00e9xito de p\u00fablico<\/strong>, r\u00e9cord para una selecci\u00f3n de balonmano.<\/p>\n<p><center><IMG src='\/balonblog\/wp-content\/uploads\/sites\/13\/gentemadrid.jpg' id='img_0'><\/center><\/p>\n<p>Lo pod\u00e9is ver en la foto, que he sacado de la estupenda web <A href=\"http:\/\/www.muchobalonmano.es\/web\/triunfabalonmano.html\" title=\"http:\/\/www.muchobalonmano.es\/web\/triunfabalonmano.html\" id=link_0>Mucho balonmano<\/a>. A ver si, con suerte, este domingo es el <strong>presagio de un nuevo buen ciclo<\/strong> de la selecci\u00f3n. Por calidad no ser\u00e1.<\/p>\n<p><\/big><\/p>\n<hr size=1 width=100% noshade color: #7F7F7F>\n<IMG style=\"width: 135px; height: 101px;\" src=\"\/balonblog\/wp-content\/uploads\/sites\/13\/peris.jpg\" id=\"img_0\" vspace=\"10\" align=\"right\" hspace=\"10\"><big>\u00bfQu\u00e9 hay en la prensa de hoy? Pues aparte de la selecci\u00f3n, casi n\u00e1. Lo \u00fanico, que parece que al <strong>entrenador austriaco <\/strong>aficionado a los placajes se le va a caer el pelo. Algo es algo. <\/big><\/p>\n<style type=\"text\/css\">\nul#navlist {\nwidth: 570px;\n\\width: 572px;\nw\\idth: 570px;\npadding: 0px;\n\/* border: 1px solid #808080;\nborder-top: 0px; *\/\nmargin: 0px;\nfont: \/*bold*\/ 12px verdana,helvetica,arial,sans-serif;\nbackground: #808080;\n}<\/p>\n<p>ul#navlist li {\nlist-style: none;\nmargin: 0px;\n\/* border: 0px;\nborder-top: 1px solid #808080;*\/\n}<\/p>\n<p>ul#navlist li a {\ndisplay: block;\nwidth: 534px; \/*122*\/\n\\width: 580px;\nw\\idth: 534px;\npadding: 4px 8px 4px 8px;\nborder: 0px;\nborder-left: 20px solid #aaaabb;\nbackground: #FFFFFF;\/*#ccccdd*\/\ntext-decoration: none;\ntext-align: left;\n}<\/p>\n<p>ul#navlist li a:link { color: #000000; }\ndiv#navcontainer li a:visited { color: #c6c6c6; }<\/p>\n<p>ul#navlist li a:hover\n{\nborder-color: #ff9000;\ncolor: #ff9000;\nbackground: #fff3ed; \/*#000d33*\/\n}\n<\/style>\n<h2><span style=\"color: rgb(255, 102, 0);\">La prensa<\/span><\/h2>\n<div id=\"navcontainer\">\n<ul id=\"navlist\">\n<li id=\"active\"><A href=\"http:\/\/www.as.com\/mas-deporte\/articulo\/balonmano-sobresaliente-debut-sterbik-espana\/dasmasbmn\/20091102dasdaimas_2\/Tes\"><strong>As: <\/strong> Sobresaliente debut de Sterbik con Espa\u00f1a<\/a><\/li>\n<li><A href=\"http:\/\/www.as.com\/mas-deporte\/articulo\/balonmano-record-publico-seleccion\/dasmasbmn\/20091102dasdaimas_3\/Tes\"><strong>As: <\/strong> R\u00e9cord de p\u00fablico para la selecci\u00f3n<\/a><\/li>\n<li><A href=\"http:\/\/www.marca.com\/2009\/11\/01\/balonmano\/1257084368.html\"><strong>Marca: <\/strong> Espa\u00f1a vuelve al nivel que se le espera<\/a><\/li>\n<li><A href=\"http:\/\/www.marca.com\/2009\/11\/01\/balonmano\/1257089991.html\"><strong>Marca: <\/strong> Rivera: &#8220;Hemos tenido opciones de ganar a la mejor selecci\u00f3n del mundo&#8221;<\/a><\/li>\n<li><A href=\"http:\/\/www.larioja.com\/20091102\/deportes\/balonmano\/espana-rehabilita-20091102.html\"><strong>La Rioja: <\/strong> Espa\u00f1a se rehabilita<\/a><\/li>\n<li><A href=\"http:\/\/www.latribunadeciudadreal.net\/noticia.cfm\/Deportes\/20091102\/sterbik\/da\/lustre\/espa%C3%B1a\/B0CE3526-1A64-968D-5936FDB1946A3A71\"><strong>La Tribuna de Ciudad Real: <\/strong> Sterbik da lustre a Espa\u00f1a<\/a><\/li>\n<li><A href=\"http:\/\/www.diariodeleon.es\/noticias\/noticia.asp?pkid=487186\"><strong>Diario de Le\u00f3n: <\/strong> El Ademar retoma la competici\u00f3n<\/a><\/li>\n<li><A href=\"http:\/\/www.adn.es\/deportes\/20091101\/NWS-1247-Abren-disciplinario-procedimiento-derrota-tecnico.html\"><strong>ADN: <\/strong> Abren procedimiento disciplinario a t\u00e9cnico que invadi\u00f3 pista para evitar derrota<\/a><\/li>\n<\/ul>\n<\/div>\n<h2><span style=\"color: rgb(255, 102, 0);\">Los blogs<\/span><\/h2>\n<div id=\"navcontainer\">\n<ul id=\"navlist\">\n<li id=\"active\"><A href=\"http:\/\/www.muchobalonmano.es\/web\/triunfabalonmano.html\"><strong>Mucho balonmano: <\/strong> Triunf\u00f3 el balonmano<\/a><\/li>\n<\/ul>\n<\/div>\n<style type=\"text\/css\">\n#suscribe {\nmargin-left: 20px;\nmargin-right: 30px;\n}\n#enlaces {\nmargin-right: 20px;\nmargin-left: 30px;\n}\nul#izquierda {\nfloat: left;\nmargin-bottom: 20px;\n}\nul#derecha {\nfloat: right;\nmargin-bottom: 20px;\n}\n#izquierda, li {\nmargin-top: 0px;\nmargin-bottom: 4px;\n}\n#derecha, li {\nmargin-top: 0px;\nmargin-bottom: 4px;\n}\nh4 {\nmargin-bottom: 8px;\n}\n<\/style>\n<p>&nbsp;<br \/>\n&nbsp;<\/p>\n<hr size=1 width=100% noshade color: #7F7F7F>\n<div>\n<div id=\"suscribe\">\n<ul id=\"izquierda\">\n<h4>Si esto te gusta&#8230;.<\/h4>\n<li><A href=\"http:\/\/feedburner.google.com\/fb\/a\/mailverify?uri=ElBalonblog&#038;loc=es_ES\" title=\"Recibe un correo diario con las actualizaciones de ElBalonblog\"> Sigue ElBalonblog por e-mail<\/a><\/li>\n<li><A href=\"http:\/\/feeds2.feedburner.com\/ElBalonblog\" title=\"\u00bfNo conoces el RSS? Entra y desc\u00fabrelo\">Subscr\u00edbete por RSS<\/a><\/li>\n<\/ul><\/div>\n<div id=\"enlaces\">\n<ul id=\"derecha\">\n<h4>Art\u00edculos relacionados<\/h4>\n<li><A href=\"https:\/\/blogs.larioja.com\/balonblog\/2009\/10\/31\/un-entrenador-para-contraataque\" title=\"Lee el art\u00edculo\">El entrenador del placaje<\/a><\/li>\n<li><A href=\"https:\/\/blogs.larioja.com\/balonblog\/2009\/10\/29\/isaias-se-lesiona\" title=\"Lee el art\u00edculo\">Isa\u00edas no estuvo<\/a><\/li>\n<\/ul>\n<div style=\"clear:both;\"><\/div>\n<\/div>\n","protected":false},"excerpt":{"rendered":"<p>Espectadores: 11.900. Dicho as\u00ed, parece un titular de a) F\u00fatbol b) Alemania c) Error de imprenta. Pero no: es balonmano, la selecci\u00f3n, y Madrid. El Espa\u00f1a-Francia trajo dos buenas noticias. Una, el subid\u00f3n competitivo de los chicos de Valero, que pudieron (o casi) con una Francia que vino con todo. Otra, el tremendo \u00e9xito de [&hellip;]<\/p>\n","protected":false},"author":16,"featured_media":0,"comment_status":"open","ping_status":"closed","sticky":false,"template":"","format":"standard","meta":[],"categories":[31],"tags":[140,309,347,720],"_links":{"self":[{"href":"https:\/\/blogs.larioja.com\/balonblog\/wp-json\/wp\/v2\/posts\/633"}],"collection":[{"href":"https:\/\/blogs.larioja.com\/balonblog\/wp-json\/wp\/v2\/posts"}],"about":[{"href":"https:\/\/blogs.larioja.com\/balonblog\/wp-json\/wp\/v2\/types\/post"}],"author":[{"embeddable":true,"href":"https:\/\/blogs.larioja.com\/balonblog\/wp-json\/wp\/v2\/users\/16"}],"replies":[{"embeddable":true,"href":"https:\/\/blogs.larioja.com\/balonblog\/wp-json\/wp\/v2\/comments?post=633"}],"version-history":[{"count":0,"href":"https:\/\/blogs.larioja.com\/balonblog\/wp-json\/wp\/v2\/posts\/633\/revisions"}],"wp:attachment":[{"href":"https:\/\/blogs.larioja.com\/balonblog\/wp-json\/wp\/v2\/media?parent=633"}],"wp:term":[{"taxonomy":"category","embeddable":true,"href":"https:\/\/blogs.larioja.com\/balonblog\/wp-json\/wp\/v2\/categories?post=633"},{"taxonomy":"post_tag","embeddable":true,"href":"https:\/\/blogs.larioja.com\/balonblog\/wp-json\/wp\/v2\/tags?post=633"}],"curies":[{"name":"wp","href":"https:\/\/api.w.org\/{rel}","templated":true}]}}