{"id":636,"date":"2009-11-04T13:18:00","date_gmt":"2009-11-04T13:18:00","guid":{"rendered":"http:\/\/blogs.larioja.com\/balonblog\/?p=636"},"modified":"2009-11-04T13:18:00","modified_gmt":"2009-11-04T13:18:00","slug":"pues-peor-aun","status":"publish","type":"post","link":"https:\/\/blogs.larioja.com\/balonblog\/2009\/11\/04\/pues-peor-aun\/","title":{"rendered":"Pues peor a\u00fan"},"content":{"rendered":"<p><big><\/p>\n<p>Pues nada bueno, y todo malo. Isa\u00edas Guardiola tendr\u00e1 una recuperaci\u00f3n m\u00e1s larga de lo previsto: 10 semanas, porque <strong>ten\u00eda otro ligamento (el lateral interno) tambi\u00e9n roto<\/strong>. Lo cual, a efectos del Naturhouse, no tiene demasiada influencia, porque la segunda vuelta no comienza hasta principios de febrero.<\/p>\n<p><center><IMG src='\/balonblog\/wp-content\/uploads\/sites\/13\/isaotra.jpg' id='img_0'><\/center><\/p>\n<p>En fin, que habr\u00e1 que esperar m\u00e1s, y a Isa\u00edas le costar\u00e1 m\u00e1s estar en forma. A ver si a partir de <strong>ahora empiezan ya las buenas noticias.<\/strong><\/p>\n<p><\/big><\/p>\n<div style=\"text-align:right\"><small>FOTO: Fernando D\u00edaz<\/small><\/div>\n<hr size=1 width=100% noshade color: #7F7F7F>\n<IMG style=\"width: 135px; height: 101px;\" src=\"\/balonblog\/wp-content\/uploads\/sites\/13\/peris.jpg\" id=\"img_0\" vspace=\"10\" align=\"right\" hspace=\"10\"><big>A todo esto, hoy hay liga, con <strong>unos cuantos partidazos<\/strong>. Sobre todo, el San Antonio-Bar\u00e7a (20.30, Sportmania) y el Ciudad Real- CAI (21.00, Teledeporte). De lo mejor que se podr\u00e1 ver en toda la liga.<\/big><\/p>\n<style type=\"text\/css\">\nul#navlist {\nwidth: 570px;\n\\width: 572px;\nw\\idth: 570px;\npadding: 0px;\n\/* border: 1px solid #808080;\nborder-top: 0px; *\/\nmargin: 0px;\nfont: \/*bold*\/ 12px verdana,helvetica,arial,sans-serif;\nbackground: #808080;\n}<\/p>\n<p>ul#navlist li {\nlist-style: none;\nmargin: 0px;\n\/* border: 0px;\nborder-top: 1px solid #808080;*\/\n}<\/p>\n<p>ul#navlist li a {\ndisplay: block;\nwidth: 534px; \/*122*\/\n\\width: 580px;\nw\\idth: 534px;\npadding: 4px 8px 4px 8px;\nborder: 0px;\nborder-left: 20px solid #aaaabb;\nbackground: #FFFFFF;\/*#ccccdd*\/\ntext-decoration: none;\ntext-align: left;\n}<\/p>\n<p>ul#navlist li a:link { color: #000000; }\ndiv#navcontainer li a:visited { color: #c6c6c6; }<\/p>\n<p>ul#navlist li a:hover\n{\nborder-color: #ff9000;\ncolor: #ff9000;\nbackground: #fff3ed; \/*#000d33*\/\n}\n<\/style>\n<h2><span style=\"color: rgb(255, 102, 0);\">La prensa<\/span><\/h2>\n<div id=\"navcontainer\">\n<ul id=\"navlist\">\n<li id=\"active\"><A href=\"http:\/\/www.larioja.com\/20091104\/deportes\/balonmano\/previsto-20091104.html\"><strong>La Rioja: <\/strong> M\u00e1s de lo previsto<\/a><\/li>\n<li><A href=\"http:\/\/www.elcorreo.com\/vizcaya\/prensa\/20091104\/deportes\/la-rioja\/guardiola-operado-exito-volvera-20091104.html\"><strong>El Correo: <\/strong> Guardiola es operado con \u00e9xito y volver\u00e1 en la segunda vuelta<\/a><\/li>\n<li><A href=\"http:\/\/www.elcorreo.com\/vizcaya\/prensa\/20091104\/deportes\/la-rioja\/dias-naturhouse-rioja-20091104.html\"><strong>El Correo: <\/strong> Los 36 d\u00edas del Naturhouse La Rioja<\/a><\/li>\n<li><A href=\"http:\/\/www.lavozdegalicia.es\/vigo\/2009\/11\/04\/0003_8083032.htm\"><strong>La Voz de Galicia: <\/strong> El Octavio empieza en Le\u00f3n un mes ante rivales grandes<\/a><\/li>\n<li><A href=\"http:\/\/www.farodevigo.es\/deportes\/2009\/11\/04\/costa-alonso-dejan-cojo-pilotes-leon\/383291.html\"><strong>Faro de Vigo: <\/strong> Costa y Alonso dejan cojo al Pilotes en Le\u00f3n<\/a><\/li>\n<li><A href=\"http:\/\/www.la-cronica.net\/2009\/11\/04\/deportes\/sin-prce-ni-castresana-y-doder-55947.htm\"><strong>La Cr\u00f3nica de Le\u00f3n: <\/strong> Sin Prce ni Castresana&#8230; \u00bfni Doder?<\/a><\/li>\n<li><A href=\"http:\/\/www.diarioequipo.com\/noticias\/noticia.asp?pkid=30886\"><strong>Equipo: <\/strong> La \u00faltima frontera naranja<\/a><\/li>\n<li><A href=\"http:\/\/www.as.com\/mas-deporte\/articulo\/balonmano-ortega-amenaza-amigo-dujsebaev\/dasmasbmn\/20091104dasdaimas_6\/Tes\"><strong>As: <\/strong> Ortega amenaza a su amigo Dujshebaev<\/a><\/li>\n<li><A href=\"http:\/\/www.latribunadeciudadreal.net\/noticia.cfm\/Deportes\/20091104\/duelo\/liderato\/liga\/juego\/BBAE0949-1A64-968D-597D5F47EA039464\"><strong>La Tribuna de Ciudad Real: <\/strong> Un duelo con el liderato de la liga en juego<\/a><\/li>\n<li><A href=\"http:\/\/www.eldiadevalladolid.com\/noticia.cfm\/Deportes\/20091104\/liga\/ya\/no\/descansa\/BBA68EF4-1A64-968D-5900EE43C76F006F\"><strong>El D\u00eda de Valladolid: <\/strong> La liga ya no descansa<\/a><\/li>\n<li><A href=\"http:\/\/www.latribunadetoledo.es\/noticia.cfm\/Deportes\/20091104\/rival\/champions\/BB7F33FA-1A64-968D-592CA4DE6310992C\"><strong>La Tribuna de Toledo: <\/strong> A por un rival de Champions<\/a><\/li>\n<li><A href=\"http:\/\/www.eldiaencastillalamancha.com\/cu\/noticia.php\/17069\"><strong>El D\u00eda de Cuenca: <\/strong> Grosas y Sabonis siguen de baja por gripe; Markovic ya entren\u00f3<\/a><\/li>\n<li><A href=\"http:\/\/www.elmundodeportivo.es\/gen\/20091104\/53816900952\/noticia\/el-barsa-visita-su-pista-maldita.html\"><strong>El Mundo Deportivo: <\/strong> El Bar\u00e7a visita su pista &#8216;maldita&#8217;<\/a><\/li>\n<li><A href=\"http:\/\/www.sport.es\/default.asp?idpublicacio_PK=44&#038;idioma=CAS&#038;idnoticia_PK=658940&#038;idseccio_PK=809\"><strong>Sport: <\/strong> El Bar\u00e7a perder\u00e1 a Barrufet cuatro semanas por lesi\u00f3n<\/a><\/li>\n<li><A href=\"http:\/\/www.diariodenavarra.es\/20091104\/deportes\/con-razones-sonar.html?not=2009110402045893&#038;idnot=2009110402045893&#038;dia=20091104&#038;seccion=deportes&#038;seccion2=portlandBalonmano&#038;chnl=20\"><strong>Diario de Navarra: <\/strong> Con razones para so\u00f1ar<\/a><\/li>\n<li><A href=\"http:\/\/www.diariodenavarra.es\/videos\/index.asp?sec=2&#038;id=2009110316511084&#038;vId=aHR0cDovL3d3dy5kaXJlY3RhLnR2L0RETl9BY3R1YWxpZGFkLzIwMDkxMTAzLzIwMDkxMTAzXzEwQmFsb25tYW5vLmZsdg--&#038;pId=\"><strong>Diario de Navarra: <\/strong> En v\u00eddeo: El San Antonio se mide al Bar\u00e7a<\/a><\/li>\n<\/ul>\n<\/div>\n<h2><span style=\"color: rgb(255, 102, 0);\">Los blogs<\/span><\/h2>\n<div id=\"navcontainer\">\n<ul id=\"navlist\">\n<li id=\"active\"><A href=\"http:\/\/artillerianaranja.blogspot.com\/2009\/11\/bienvenidos-al-mundo-real_03.html\"><strong>Artiller\u00eda Naranja: <\/strong> Bienvenidos al mundo real<\/a><\/li>\n<li><A href=\"http:\/\/blogs.cope.es\/derosca\/2009\/11\/04\/el-nuevo-presidente-del-bmgranollers-sera-jose-luis-canas\/\"><strong>De Rosca: <\/strong> El nuevo presidente del BM Granollers ser\u00e1 Jos\u00e9 Luis Ca\u00f1as<\/a><\/li>\n<\/ul>\n<\/div>\n<style type=\"text\/css\">\n#suscribe {\nmargin-left: 20px;\nmargin-right: 30px;\n}\n#enlaces {\nmargin-right: 20px;\nmargin-left: 30px;\n}\nul#izquierda {\nfloat: left;\nmargin-bottom: 20px;\n}\nul#derecha {\nfloat: right;\nmargin-bottom: 20px;\n}\n#izquierda, li {\nmargin-top: 0px;\nmargin-bottom: 4px;\n}\n#derecha, li {\nmargin-top: 0px;\nmargin-bottom: 4px;\n}\nh4 {\nmargin-bottom: 8px;\n}\n<\/style>\n<p>&nbsp;<br \/>\n&nbsp;<\/p>\n<hr size=1 width=100% noshade color: #7F7F7F>\n<div>\n<div id=\"suscribe\">\n<ul id=\"izquierda\">\n<h4>Si esto te gusta&#8230;.<\/h4>\n<li><A href=\"http:\/\/feedburner.google.com\/fb\/a\/mailverify?uri=ElBalonblog&#038;loc=es_ES\" title=\"Recibe un correo diario con las actualizaciones de ElBalonblog\"> Sigue ElBalonblog por e-mail<\/a><\/li>\n<li><A href=\"http:\/\/feeds2.feedburner.com\/ElBalonblog\" title=\"\u00bfNo conoces el RSS? Entra y desc\u00fabrelo\">Subscr\u00edbete por RSS<\/a><\/li>\n<\/ul><\/div>\n<div id=\"enlaces\">\n<ul id=\"derecha\">\n<h4>Art\u00edculos relacionados<\/h4>\n<li><A href=\"https:\/\/blogs.larioja.com\/balonblog\/2009\/11\/3\/isaias-vaya-bien\" title=\"Lee el art\u00edculo\">Isa\u00edas, que vaya bien<\/a><\/li>\n<li><A href=\"https:\/\/blogs.larioja.com\/balonblog\/2009\/10\/30\/isaias-sera-operado\" title=\"Lee el art\u00edculo\">La lesi\u00f3n que cre\u00edamos que ten\u00eda<\/a><\/li>\n<\/ul>\n<div style=\"clear:both;\"><\/div>\n<\/div>\n","protected":false},"excerpt":{"rendered":"<p>Pues nada bueno, y todo malo. Isa\u00edas Guardiola tendr\u00e1 una recuperaci\u00f3n m\u00e1s larga de lo previsto: 10 semanas, porque ten\u00eda otro ligamento (el lateral interno) tambi\u00e9n roto. Lo cual, a efectos del Naturhouse, no tiene demasiada influencia, porque la segunda vuelta no comienza hasta principios de febrero. En fin, que habr\u00e1 que esperar m\u00e1s, y [&hellip;]<\/p>\n","protected":false},"author":16,"featured_media":0,"comment_status":"open","ping_status":"closed","sticky":false,"template":"","format":"standard","meta":[],"categories":[18],"tags":[121,140,421,479,551],"_links":{"self":[{"href":"https:\/\/blogs.larioja.com\/balonblog\/wp-json\/wp\/v2\/posts\/636"}],"collection":[{"href":"https:\/\/blogs.larioja.com\/balonblog\/wp-json\/wp\/v2\/posts"}],"about":[{"href":"https:\/\/blogs.larioja.com\/balonblog\/wp-json\/wp\/v2\/types\/post"}],"author":[{"embeddable":true,"href":"https:\/\/blogs.larioja.com\/balonblog\/wp-json\/wp\/v2\/users\/16"}],"replies":[{"embeddable":true,"href":"https:\/\/blogs.larioja.com\/balonblog\/wp-json\/wp\/v2\/comments?post=636"}],"version-history":[{"count":0,"href":"https:\/\/blogs.larioja.com\/balonblog\/wp-json\/wp\/v2\/posts\/636\/revisions"}],"wp:attachment":[{"href":"https:\/\/blogs.larioja.com\/balonblog\/wp-json\/wp\/v2\/media?parent=636"}],"wp:term":[{"taxonomy":"category","embeddable":true,"href":"https:\/\/blogs.larioja.com\/balonblog\/wp-json\/wp\/v2\/categories?post=636"},{"taxonomy":"post_tag","embeddable":true,"href":"https:\/\/blogs.larioja.com\/balonblog\/wp-json\/wp\/v2\/tags?post=636"}],"curies":[{"name":"wp","href":"https:\/\/api.w.org\/{rel}","templated":true}]}}