{"id":1008,"date":"2016-04-11T07:30:03","date_gmt":"2016-04-11T05:30:03","guid":{"rendered":"http:\/\/blogs.larioja.com\/eltiempo\/?p=1008"},"modified":"2016-04-11T07:30:03","modified_gmt":"2016-04-11T05:30:03","slug":"semana-revuelta-ventosa-y-variable-con-temperaturas-suaves-vamos-primavera","status":"publish","type":"post","link":"https:\/\/blogs.larioja.com\/eltiempo\/2016\/04\/11\/semana-revuelta-ventosa-y-variable-con-temperaturas-suaves-vamos-primavera\/","title":{"rendered":"Semana revuelta, ventosa y variable con temperaturas suaves&#8230;vamos&#8230;.primavera."},"content":{"rendered":"<div style=\"text-align: left;\" dir=\"ltr\">\n<div style=\"text-align: center;\">\n<p><span style=\"color: blue;\"><span style=\"font-size: large;\">TENDENCIAS SEMANALES<\/span><\/span><\/p>\n<div class=\"separator\" style=\"clear: both; text-align: center;\"><a style=\"margin-left: 1em; margin-right: 1em;\" href=\"https:\/\/1.bp.blogspot.com\/--88fDpmowKE\/VwrglsjaIfI\/AAAAAAAAww8\/pIysUlpX8xcRHww0EaloHRFg3O9IOnKkQ\/s1600\/TENDENCIA%2BSEMANA1104.jpg\"><img loading=\"lazy\" src=\"https:\/\/1.bp.blogspot.com\/--88fDpmowKE\/VwrglsjaIfI\/AAAAAAAAww8\/pIysUlpX8xcRHww0EaloHRFg3O9IOnKkQ\/s640\/TENDENCIA%2BSEMANA1104.jpg\" alt=\"\" width=\"640\" height=\"480\" border=\"0\" \/><\/a><\/div>\n<p>&nbsp;<\/p>\n<div class=\"separator\" style=\"clear: both; text-align: center;\"><a style=\"margin-left: 1em; margin-right: 1em;\" href=\"https:\/\/4.bp.blogspot.com\/-jKFuyIC33Bw\/VwrglxBqw2I\/AAAAAAAAwxA\/bJC-lMaTLjICj7afzOTxBH2mmHBG_j4Ng\/s1600\/TENDENCIAS%2BSEMANA%2B1104%2B.jpg\"><img loading=\"lazy\" src=\"https:\/\/4.bp.blogspot.com\/-jKFuyIC33Bw\/VwrglxBqw2I\/AAAAAAAAwxA\/bJC-lMaTLjICj7afzOTxBH2mmHBG_j4Ng\/s640\/TENDENCIAS%2BSEMANA%2B1104%2B.jpg\" alt=\"\" width=\"640\" height=\"480\" border=\"0\" \/><\/a><\/div>\n<div class=\"separator\" style=\"clear: both; text-align: center;\"><\/div>\n<\/div>\n<div style=\"text-align: center;\"><\/div>\n<div style=\"text-align: center;\"><span style=\"color: blue;\"><span style=\"font-size: large;\">COMO HA SIDO EL TIEMPO&#8230;.QUE ESPERAMOS&#8230;&#8230;<\/span><\/span><\/div>\n<p><span style=\"color: blue;\"><span style=\"font-size: large;\"><span style=\"color: black;\">Seguimos con fines de semana t\u00edpicamente primaverales, con alternancia de cielos nubosos,\u00a0 con algunas precipitaciones d\u00e9biles, con otros momentos m\u00e1s soleados.<\/span><\/span><\/span><\/p>\n<p><span style=\"color: blue;\"><span style=\"font-size: large;\"><span style=\"color: black;\">Y es que la presencia de una <strong>potente borrasca<\/strong> en el Atl\u00e1ntico de nombre <strong>ORTRUN<\/strong>&#8230;<\/span><\/span><\/span><\/p>\n<div class=\"separator\" style=\"clear: both; text-align: center;\"><a style=\"margin-left: 1em; margin-right: 1em;\" href=\"https:\/\/3.bp.blogspot.com\/-eYLb6KsidYw\/VwqhekWaJcI\/AAAAAAAAwq4\/3pUOaeB4SegrzRdvWZwdVXFXCuZPegvZQ\/s1600\/87ee3285ecbd87a4bdd3c6a58917ca22.jpg\"><img loading=\"lazy\" src=\"https:\/\/3.bp.blogspot.com\/-eYLb6KsidYw\/VwqhekWaJcI\/AAAAAAAAwq4\/3pUOaeB4SegrzRdvWZwdVXFXCuZPegvZQ\/s400\/87ee3285ecbd87a4bdd3c6a58917ca22.jpg\" alt=\"\" width=\"400\" height=\"283\" border=\"0\" \/><\/a><\/div>\n<p><span style=\"color: blue;\"><span style=\"font-size: large;\"><span style=\"color: black;\"> ha estado generando frentes que llegaban debilitados ha nuestra regi\u00f3n dejando m\u00e1s nubosidad que precipitaci\u00f3n.<\/span><\/span><\/span><\/p>\n<p><span style=\"color: blue;\"><span style=\"font-size: large;\"><span style=\"color: black;\">As\u00ed lo podemos ver en las im\u00e1genes del sat\u00e9lite Meteosat..<\/span><\/span><\/span><\/p>\n<p><span style=\"color: blue;\"><span style=\"font-size: large;\"><span style=\"color: black;\">como ya sab\u00e9is los colores m\u00e1s rojizos son aire fr\u00edo en altura. <\/span><\/span><\/span><\/p>\n<div class=\"separator\" style=\"clear: both; text-align: center;\"><a style=\"margin-left: 1em; margin-right: 1em;\" href=\"https:\/\/4.bp.blogspot.com\/-cWnraYP9mp4\/VwqQxDtbdrI\/AAAAAAAAwqY\/yTIHB7vfDIUMBJdPtft1hXKZdVYoEWemg\/s1600\/anigif.gif\"><img loading=\"lazy\" src=\"https:\/\/4.bp.blogspot.com\/-cWnraYP9mp4\/VwqQxDtbdrI\/AAAAAAAAwqY\/yTIHB7vfDIUMBJdPtft1hXKZdVYoEWemg\/s400\/anigif.gif\" alt=\"\" width=\"400\" height=\"353\" border=\"0\" \/><\/a><\/div>\n<div class=\"separator\" style=\"clear: both; text-align: center;\"><\/div>\n<p><span style=\"font-size: large;\">Quiz\u00e1s lo m\u00e1s significativo ha sido el <strong>ascenso de temperaturas<\/strong> y los <strong>vientos fuertes del Sw<\/strong> que han soplado el domingo, con rachas que han alcanzado los <strong>107,6 km\/h en Aguilar<\/strong>&#8230;.<\/span><\/p>\n<div class=\"separator\" style=\"clear: both; text-align: center;\"><a style=\"margin-left: 1em; margin-right: 1em;\" href=\"https:\/\/3.bp.blogspot.com\/-S5oH3E_j3fk\/Vwqlfs4IL_I\/AAAAAAAAwrE\/w88oKvyRHfkm2KAOW08Mbb7CWMX5M182g\/s1600\/vientos1004.jpg\"><img loading=\"lazy\" src=\"https:\/\/3.bp.blogspot.com\/-S5oH3E_j3fk\/Vwqlfs4IL_I\/AAAAAAAAwrE\/w88oKvyRHfkm2KAOW08Mbb7CWMX5M182g\/s640\/vientos1004.jpg\" alt=\"\" width=\"640\" height=\"480\" border=\"0\" \/><\/a><\/div>\n<p><span style=\"font-size: large;\">Y en los cielos&#8230;abundante nubosidad de tipo medio-bajo, <strong>estratoc\u00famulos<\/strong>, como podemos ver en estas fotos de&#8230;..<\/span><\/p>\n<p><span style=\"font-size: large;\">Sa\u00fal L\u00f3pez Solanas desde el Pico del Aguila&#8230;.<\/span><\/p>\n<div class=\"separator\" style=\"clear: both; text-align: center;\"><a style=\"margin-left: 1em; margin-right: 1em;\" href=\"https:\/\/1.bp.blogspot.com\/-BU82SwOU79c\/VwqtDDiwMhI\/AAAAAAAAwrw\/YzKX4HINm2YNa23oK2v_IoP6YieKroGxw\/s1600\/saul2.jpg\"><img loading=\"lazy\" src=\"https:\/\/1.bp.blogspot.com\/-BU82SwOU79c\/VwqtDDiwMhI\/AAAAAAAAwrw\/YzKX4HINm2YNa23oK2v_IoP6YieKroGxw\/s640\/saul2.jpg\" alt=\"\" width=\"640\" height=\"360\" border=\"0\" \/><\/a><\/div>\n<p>&nbsp;<\/p>\n<div class=\"separator\" style=\"clear: both; text-align: center;\"><\/div>\n<p><span style=\"font-size: large;\">Carol Vozmediano desde Logro\u00f1o<\/span><\/p>\n<div class=\"separator\" style=\"clear: both; text-align: center;\"><a style=\"margin-left: 1em; margin-right: 1em;\" href=\"https:\/\/1.bp.blogspot.com\/-_6h1_dD61vs\/Vwqr7yLjUCI\/AAAAAAAAwrg\/2kdqZLhSk54wYuZdehlTeSye5a8huhZXA\/s1600\/carol4.jpg\"><img loading=\"lazy\" src=\"https:\/\/1.bp.blogspot.com\/-_6h1_dD61vs\/Vwqr7yLjUCI\/AAAAAAAAwrg\/2kdqZLhSk54wYuZdehlTeSye5a8huhZXA\/s640\/carol4.jpg\" alt=\"\" width=\"640\" height=\"480\" border=\"0\" \/><\/a><\/div>\n<p><span style=\"font-size: large;\">Y Madi D\u00edaz desde Lardero&#8230;<\/span><\/p>\n<div class=\"separator\" style=\"clear: both; text-align: center;\"><a style=\"margin-left: 1em; margin-right: 1em;\" href=\"https:\/\/1.bp.blogspot.com\/-SpHwOO89bss\/Vwqr8A4lF8I\/AAAAAAAAwrc\/p1yPgQAzLC87KfKlfqwV4RKPPRgayRu2Q\/s1600\/madi3.jpg\"><img loading=\"lazy\" src=\"https:\/\/1.bp.blogspot.com\/-SpHwOO89bss\/Vwqr8A4lF8I\/AAAAAAAAwrc\/p1yPgQAzLC87KfKlfqwV4RKPPRgayRu2Q\/s640\/madi3.jpg\" alt=\"\" width=\"640\" height=\"358\" border=\"0\" \/><\/a><\/div>\n<p><span style=\"font-size: large;\">Nubosidad que se intercalaba con claros sobre todo en las horas centrales.<\/span><\/p>\n<p><span style=\"font-size: large;\">Ah!! ..sin olvidarnos que el viernes volvi\u00f3 a nevar en la Ib\u00e9rica, cuajando entorno a los 1000m. As\u00ed estaba el Rasillo. Foto de Agnieszka Misztela.<\/span><\/p>\n<div class=\"separator\" style=\"clear: both; text-align: center;\"><a style=\"margin-left: 1em; margin-right: 1em;\" href=\"https:\/\/3.bp.blogspot.com\/-FmCdAh8fvcA\/Vwqs1vOWqaI\/AAAAAAAAwro\/Qh9r562Z2twZYiLBf4XuplZJ5aC-3lRZA\/s1600\/ag1.jpg\"><img loading=\"lazy\" src=\"https:\/\/3.bp.blogspot.com\/-FmCdAh8fvcA\/Vwqs1vOWqaI\/AAAAAAAAwro\/Qh9r562Z2twZYiLBf4XuplZJ5aC-3lRZA\/s640\/ag1.jpg\" alt=\"\" width=\"640\" height=\"360\" border=\"0\" \/><\/a><\/div>\n<p><span style=\"font-size: large;\"><br \/>\n<\/span><\/p>\n<div class=\"separator\" style=\"clear: both; text-align: center;\"><\/div>\n<p><span style=\"color: blue;\"><span style=\"font-size: large;\"><span style=\"color: black;\"><br \/>\n<\/span><\/span><\/span><\/p>\n<div style=\"text-align: left;\"><\/div>\n<div style=\"text-align: left;\"><span style=\"color: blue;\"><span style=\"font-size: large;\"><span style=\"color: black;\"><strong>Y qu\u00e9 esperamos para esta semana&#8230;.?<\/strong><\/span><\/span><\/span><\/div>\n<div style=\"text-align: left;\"><\/div>\n<div style=\"text-align: left;\"><span style=\"color: blue;\"><span style=\"font-size: large;\"><span style=\"color: black;\">Seg\u00fan los modelos de<strong> Anomal\u00edas de AEMET<\/strong> (aquellos en los que se valora la situaci\u00f3n actual repecto a unos valores promedios) se espera una\u00a0 <strong>Anomal\u00eda c\u00e1lida <\/strong>respecto a temperatura y<strong> normal <\/strong>respecto a precipitaci\u00f3n.<\/span><\/span><\/span><\/div>\n<div class=\"separator\" style=\"clear: both; text-align: center;\"><a style=\"margin-left: 1em; margin-right: 1em;\" href=\"https:\/\/1.bp.blogspot.com\/-eQEJCnGk26I\/VwqtXOyHrNI\/AAAAAAAAwr0\/_IADPCbQTdMhRe3eQ5Vl244gZ4S1Jx_mA\/s1600\/anomalias1004.png\"><img loading=\"lazy\" src=\"https:\/\/1.bp.blogspot.com\/-eQEJCnGk26I\/VwqtXOyHrNI\/AAAAAAAAwr0\/_IADPCbQTdMhRe3eQ5Vl244gZ4S1Jx_mA\/s640\/anomalias1004.png\" alt=\"\" width=\"640\" height=\"358\" border=\"0\" \/><\/a><\/div>\n<div class=\"separator\" style=\"clear: both; text-align: center;\"><\/div>\n<div style=\"text-align: left;\">\n<p><span style=\"color: blue;\"><span style=\"font-size: large;\"><span style=\"color: black;\">\u00a0es decir, que las <strong>temperaturas<\/strong> ser\u00e1n <strong>superiores<\/strong> y las <strong>precipitaciones<\/strong> normales respecto a lo que suele ser habitual en esta \u00e9poca.\u00a0<\/span><\/span><\/span><\/p>\n<p><span style=\"color: blue;\"><span style=\"font-size: large;\"><span style=\"color: black;\">Fijaos de todas formas en el marcado contraste entre la <strong>zona oeste<\/strong> y la<strong> zona este<\/strong> del pa\u00eds, encontr\u00e1ndonos nosotros justo en medio. Esto se debe a la influencia de la borrasca que nos afectar\u00e1.<\/span><\/span><\/span><\/p>\n<p><span style=\"color: blue;\"><span style=\"font-size: large;\"><span style=\"color: black;\">Habr\u00e1 que estar atentos porque ligeras variaciones en su posici\u00f3n pueden influir en lo que ocurra los pr\u00f3ximos d\u00edas. <\/span><\/span><\/span><\/p>\n<p><span style=\"color: blue;\"><span style=\"font-size: large;\"><span style=\"color: black;\">No cabe duda que lo que va a marcar el tiempo esta semana va a ser la profunda <strong>borrasca Ortrun<\/strong>, situada en el Atl\u00e1ntico y &#8220;encerrada&#8221; entre anticiclones, por lo que vamos a estar bajo su influencia pr\u00e1cticamente toda la semana&#8230;<\/span><\/span><\/span><\/p>\n<div class=\"separator\" style=\"clear: both; text-align: center;\"><a style=\"clear: left; float: left; margin-bottom: 1em; margin-right: 1em;\" href=\"https:\/\/1.bp.blogspot.com\/-KBFSRBrhYQc\/VwqdmuGLPoI\/AAAAAAAAwqo\/fGmPTvAxvysjI-evxKUFkLy26dimkr9lw\/s1600\/ORTRUNGIF1.gif\"><img loading=\"lazy\" src=\"https:\/\/1.bp.blogspot.com\/-KBFSRBrhYQc\/VwqdmuGLPoI\/AAAAAAAAwqo\/fGmPTvAxvysjI-evxKUFkLy26dimkr9lw\/s640\/ORTRUNGIF1.gif\" alt=\"\" width=\"550\" height=\"465\" \/><\/a><\/div>\n<p><span style=\"color: blue;\"><span style=\"font-size: large;\"><span style=\"color: black;\"><br \/>\n<\/span><\/span><\/span><\/p>\n<\/div>\n<p><span style=\"font-size: large;\">Si observamos los <strong>mapas de altura<\/strong> (500hPa-5500m),vemos ese embolsamiento de aire bastante fr\u00edo que origina la <strong>borrasca en superficie.<\/strong><\/span><\/p>\n<div class=\"separator\" style=\"clear: both; text-align: center;\"><a style=\"margin-left: 1em; margin-right: 1em;\" href=\"https:\/\/2.bp.blogspot.com\/-AO0CcTNm5JA\/VwquDFQUMzI\/AAAAAAAAwr4\/c28otb-b8BsdifBGmRzUMzJBkoVMU9lOg\/s1600\/anomal%25C3%25ADas1004.jpg\"><img loading=\"lazy\" src=\"https:\/\/2.bp.blogspot.com\/-AO0CcTNm5JA\/VwquDFQUMzI\/AAAAAAAAwr4\/c28otb-b8BsdifBGmRzUMzJBkoVMU9lOg\/s640\/anomal%25C3%25ADas1004.jpg\" alt=\"\" width=\"640\" height=\"426\" border=\"0\" \/><\/a><\/div>\n<div class=\"separator\" style=\"clear: both; text-align: center;\"><\/div>\n<p><span style=\"font-size: large;\">Favorece en esa posici\u00f3n la llegada de <strong>vientos c\u00e1lidos del S-Sw<\/strong>, que no suelen dejar mucha precipitaci\u00f3n en nuestra regi\u00f3n<\/span><span style=\"font-size: large;\">.<\/span><\/p>\n<p><span style=\"font-size: large;\">Son situaciones dif\u00edciles de modelizar , por que si los frentes generados por la borrasca son activos, s\u00ed que puede precipitar de forma m\u00e1s abundante, sobre todo en la zona Sw de la Ib\u00e9rica que es la zona m\u00e1s expuesta a estos vientos dominantes.<\/span><\/p>\n<div style=\"text-align: left;\">\n<div class=\"separator\" style=\"clear: both; text-align: center;\"><\/div>\n<div class=\"separator\" style=\"clear: both; text-align: center;\"><span style=\"color: blue;\"><span style=\"font-size: large;\"><span style=\"color: black;\"><a style=\"margin-left: 1em; margin-right: 1em;\" href=\"https:\/\/4.bp.blogspot.com\/-imkt46Ngk7U\/Vwq2shaW8cI\/AAAAAAAAwsM\/2QXPK4VgFUEOrvyqLkHGUjHkWaSbQMgag\/s1600\/PRECI1004.png\"><img loading=\"lazy\" src=\"https:\/\/4.bp.blogspot.com\/-imkt46Ngk7U\/Vwq2shaW8cI\/AAAAAAAAwsM\/2QXPK4VgFUEOrvyqLkHGUjHkWaSbQMgag\/s640\/PRECI1004.png\" alt=\"\" width=\"640\" height=\"322\" border=\"0\" \/><\/a><\/span><\/span><\/span><\/div>\n<\/div>\n<div style=\"text-align: left;\"><span style=\"color: blue;\"><span style=\"font-size: large;\"><span style=\"color: black;\">\u00a0Fijaos como pr\u00e1cticamente toda la semana estamos bajo la influencia de esa borrasca y sus frentes asociados<\/span><\/span><\/span><span style=\"color: blue;\"><span style=\"font-size: large;\"><span style=\"color: black;\">En los mapas de <strong>precipitaci\u00f3n acumulada<\/strong>&#8230;..(hasta el pr\u00f3ximo domingo)&#8230;&#8230;observamos cantidades que pueden oscilar entre<br \/>\nlos 40-60 litros, en la Ib\u00e9rica y 5-10 litros en el valle.<\/span><\/span><\/span><\/div>\n<div class=\"separator\" style=\"clear: both; text-align: center;\"><a style=\"margin-left: 1em; margin-right: 1em;\" href=\"https:\/\/3.bp.blogspot.com\/-t0cLVoCjqDY\/Vwq2xzsQ3KI\/AAAAAAAAwsQ\/OnO18Vs81R4wB_BCqGs5NceEpfaILJKaA\/s1600\/PRECIACUM1004.GIF\"><img loading=\"lazy\" src=\"https:\/\/3.bp.blogspot.com\/-t0cLVoCjqDY\/Vwq2xzsQ3KI\/AAAAAAAAwsQ\/OnO18Vs81R4wB_BCqGs5NceEpfaILJKaA\/s640\/PRECIACUM1004.GIF\" alt=\"\" width=\"640\" height=\"640\" border=\"0\" \/><\/a><\/div>\n<div class=\"separator\" style=\"clear: both; text-align: center;\"><\/div>\n<div style=\"text-align: left;\"><\/div>\n<div style=\"text-align: left;\">\n<p><span style=\"color: blue;\"><span style=\"font-size: large;\"><span style=\"color: black;\">Os dejo una animaci\u00f3n con mapas diarios de Meteored. Secuencia cada 6 horas donde se observa, nubosidad, vientos, precipitaci\u00f3n..etc . Aqu\u00ed pod\u00e9is observar como pr\u00e1cticamente toda la semana estaremos bajo la influencia de los frentes generados por esa profunda borrasca&#8230;<\/span><\/span><\/span><\/p>\n<\/div>\n<div class=\"separator\" style=\"clear: both; text-align: center;\"><a style=\"margin-left: 1em; margin-right: 1em;\" href=\"https:\/\/3.bp.blogspot.com\/-cmtstWOguJ0\/Vwq6s8WpmzI\/AAAAAAAAwsg\/dOkKsEmLHxUz-m4p-HWLkOV2yRElDbwgw\/s1600\/anigif1004.gif\"><img loading=\"lazy\" src=\"https:\/\/3.bp.blogspot.com\/-cmtstWOguJ0\/Vwq6s8WpmzI\/AAAAAAAAwsg\/dOkKsEmLHxUz-m4p-HWLkOV2yRElDbwgw\/s640\/anigif1004.gif\" alt=\"\" width=\"640\" height=\"464\" border=\"0\" \/><\/a><\/div>\n<div class=\"separator\" style=\"clear: both; text-align: center;\"><\/div>\n<p><span style=\"color: blue;\"><span style=\"font-size: large;\"><span style=\"color: black;\">Con la llegada de los frentes nubosidad y precipitaci\u00f3n&#8230;..tras su paso cielos menos nubosos<\/span><\/span><\/span><\/p>\n<p><span style=\"background-color: #cccccc;\"><strong><span style=\"font-size: large;\">.- Configuraci\u00f3n Atmosf\u00e9rica<\/span><\/strong><\/span><\/p>\n<div style=\"text-align: left;\">\n<p><span style=\"color: blue;\"><span style=\"font-size: large;\"><span style=\"color: black;\">A nivel de superficie observamos como se refleja la situaci\u00f3n en altura.<\/span><\/span><\/span><\/p>\n<p><span style=\"color: blue;\"><span style=\"font-size: large;\"><span style=\"color: black;\"><strong>Centros de alta presi\u00f3n retirados<\/strong> y la vaguada de aire fr\u00edo generando esa <strong>profunda borrasca con sus frentes<\/strong> asociados que atravesar\u00e1n la pen\u00ednsula.<\/span><\/span><\/span><\/p>\n<\/div>\n<div style=\"text-align: left;\"><\/div>\n<div class=\"separator\" style=\"clear: both; text-align: center;\"><a style=\"margin-left: 1em; margin-right: 1em;\" href=\"https:\/\/3.bp.blogspot.com\/-0xu_phpg3Dc\/Vwq8lW7aIMI\/AAAAAAAAwss\/5J099wX4BCkASuQ8iLBHaeRHzXqEDbbZQ\/s1600\/mp1004.jpg\"><img loading=\"lazy\" src=\"https:\/\/3.bp.blogspot.com\/-0xu_phpg3Dc\/Vwq8lW7aIMI\/AAAAAAAAwss\/5J099wX4BCkASuQ8iLBHaeRHzXqEDbbZQ\/s640\/mp1004.jpg\" alt=\"\" width=\"640\" height=\"526\" border=\"0\" \/><\/a><\/div>\n<div class=\"separator\" style=\"clear: both; text-align: center;\"><\/div>\n<div style=\"text-align: left;\">\n<div class=\"separator\" style=\"clear: both; text-align: center;\"><\/div>\n<p><span style=\"color: blue;\"><span style=\"font-size: large;\"><span style=\"color: black;\">Los <strong>vientos<\/strong> dominantes se mantendr\u00e1n del <strong>S-Sw<\/strong> toda la semana con peque\u00f1as variaciones.<\/span><\/span><\/span><\/p>\n<p><span style=\"color: blue;\"><span style=\"font-size: large;\"><span style=\"color: black;\">Esta configuraci\u00f3n se mantendr\u00e1 innalterable, pr\u00e1cticamente toda la semana <\/span><\/span><\/span><\/p>\n<\/div>\n<div style=\"text-align: left;\"><span style=\"color: blue;\"><span style=\"font-size: large;\"><span style=\"color: black;\"><br \/>\n<\/span><\/span><\/span><\/div>\n<div style=\"text-align: left;\">\n<p><span style=\"background-color: #cccccc;\"><strong><span style=\"font-size: large;\">.- Mapa Significativo <\/span><\/strong><\/span><\/p>\n<\/div>\n<div style=\"text-align: left;\"><span style=\"color: blue;\"><span style=\"font-size: large;\"><span style=\"color: black;\">Posibilidad de <strong>brumas y nieblas matinales.<\/strong><\/span><\/span><\/span><\/div>\n<div style=\"text-align: left;\"><span style=\"color: blue;\"><span style=\"font-size: large;\"><span style=\"color: black;\">En los<strong> cielos<\/strong> alternar\u00e1n per\u00edodos de cielos<strong> nubosos o muy nuboso<\/strong>s con otros<strong> poco nubosos<\/strong> incluso despejados, todo ello asociado a la llegada y paso de los frentes.<\/span><\/span><\/span><\/div>\n<div style=\"text-align: left;\"><span style=\"color: blue;\"><span style=\"font-size: large;\"><span style=\"color: black;\">Lo mismo ocurrir\u00e1 con las<strong> precipitaciones<\/strong><br \/>\nque como suele ser habitual ser\u00e1n m\u00e1s intensas\u00a0 y persistentes en la<br \/>\nIb\u00e9rica, sobre todo en las laderas orientadas a los vientos dominantes.<\/span><\/span><\/span><\/div>\n<div style=\"text-align: left;\"><span style=\"color: blue;\"><span style=\"font-size: large;\"><span style=\"color: black;\">Las <strong>cotas de nieve <\/strong>rondar\u00e1n los 1300-1800m, en dependencia de vientos y aire fr\u00edo en altura<\/span><\/span><\/span><\/div>\n<div style=\"text-align: left;\"><span style=\"color: blue;\"><span style=\"font-size: large;\"><span style=\"color: black;\">Como ya hemos comentado, los <strong>vientos<\/strong> predominantes ser\u00e1n del <strong>S-Sw<\/strong>, soplando con rachas moderadas en zonas altas y del <strong>Se<\/strong>, m\u00e1s flojos en el valle<\/span><\/span><\/span><\/div>\n<div style=\"text-align: left;\">\n<p><span style=\"color: blue;\"><span style=\"font-size: large;\"><span style=\"color: black;\"><strong>Temperaturas <\/strong>suaves.<\/span><\/span><\/span><\/p>\n<p><span style=\"color: blue;\"><span style=\"font-size: large;\"><span style=\"color: black;\">Se mantiene el riesgo de <strong>heladas d\u00e9biles<\/strong> en zonas altas. <\/span><\/span><\/span><\/p>\n<\/div>\n<div style=\"text-align: left;\"><span style=\"color: blue;\"><span style=\"font-size: large;\"><span style=\"color: black;\"><br \/>\n<\/span><\/span><\/span><\/div>\n<div style=\"text-align: left;\"><span style=\"color: blue;\"><span style=\"font-size: large;\"><span style=\"color: black;\">As\u00ed que os pongo un mapa que muestra esa variabilidad&#8230;<\/span><\/span><\/span><\/div>\n<div class=\"separator\" style=\"clear: both; text-align: center;\"><a style=\"margin-left: 1em; margin-right: 1em;\" href=\"https:\/\/2.bp.blogspot.com\/-maAYjOvP1ro\/Vwq95EC75qI\/AAAAAAAAws4\/zmSesCjNRsAtknlIZzZpIkUQHY0TaYHgw\/s1600\/VALLE%2BDEL%2BEBRO%2B1010.jpg\"><img loading=\"lazy\" src=\"https:\/\/2.bp.blogspot.com\/-maAYjOvP1ro\/Vwq95EC75qI\/AAAAAAAAws4\/zmSesCjNRsAtknlIZzZpIkUQHY0TaYHgw\/s640\/VALLE%2BDEL%2BEBRO%2B1010.jpg\" alt=\"\" width=\"640\" height=\"374\" border=\"0\" \/><\/a><\/div>\n<div class=\"separator\" style=\"clear: both; text-align: center;\"><\/div>\n<div style=\"text-align: left;\"><span style=\"color: blue;\"><span style=\"font-size: large;\"><span style=\"color: black;\"><br \/>\n<\/span><\/span><\/span><\/div>\n<div style=\"text-align: left;\">\n<p><span style=\"color: blue;\"><span style=\"font-size: large;\"><span style=\"color: black;\">Vamos a verlo con detalle&#8230;<\/span><\/span><\/span><\/p>\n<\/div>\n<div style=\"text-align: left;\"><\/div>\n<div style=\"text-align: left;\"><\/div>\n<div style=\"text-align: left;\"><\/div>\n<div style=\"text-align: left;\"><span style=\"color: blue;\"><span style=\"font-size: large;\"><span style=\"color: black;\"><span style=\"color: red;\"><strong>LUNES 11 DE ABRIL: TIEMPO ALGO REVUELTO. CIELOS ALTERNANDO NUBOSOS Y CON NUBES Y CLAROS. PRECIPITACIONES EN LA IBERICA.VIENTOS DEL SW-SE Y TEMPERATURAS UN POCO MAS BAJAS<\/strong><\/span><\/span> <\/span><\/span><\/div>\n<div style=\"text-align: center;\">\n<div class=\"separator\" style=\"clear: both; text-align: center;\"><a style=\"margin-left: 1em; margin-right: 1em;\" href=\"https:\/\/1.bp.blogspot.com\/-zmPiMYZ2wsE\/VwrlTJZdqUI\/AAAAAAAAwxM\/0oFxrppghSY0hSBy5rMOof6UW63YOSJ6A\/s1600\/lunes11041.png\"><img loading=\"lazy\" src=\"https:\/\/1.bp.blogspot.com\/-zmPiMYZ2wsE\/VwrlTJZdqUI\/AAAAAAAAwxM\/0oFxrppghSY0hSBy5rMOof6UW63YOSJ6A\/s640\/lunes11041.png\" alt=\"\" width=\"640\" height=\"100\" border=\"0\" \/><\/a><\/div>\n<div class=\"separator\" style=\"clear: both; text-align: center;\"><\/div>\n<\/div>\n<div style=\"text-align: left;\"><span style=\"color: blue;\"><span style=\"font-size: large;\"><span style=\"color: black;\">Nos atraviesan frentes generados por la borrasca atl\u00e1ntica<\/span><br \/>\n<\/span><\/span><\/div>\n<div style=\"text-align: left;\"><span style=\"color: blue;\"><span style=\"font-size: large;\">\u00a0<\/span><\/span><span style=\"background-color: #cccccc;\"><strong><span style=\"font-size: large;\">.- Estado del cielo <\/span><\/strong><\/span><\/div>\n<div style=\"text-align: left;\"><span style=\"font-size: large;\"><span style=\"color: blue;\"><span style=\"color: black;\">Posibilidad de algunas <strong>brumas o nieblas matinales<\/strong>.<\/span><\/span><\/span><\/div>\n<div style=\"text-align: left;\"><span style=\"font-size: large;\"><span style=\"color: blue;\"><span style=\"color: black;\">Los cielos estar\u00e1n<strong> nubosos o muy nubosos<\/strong>, con la llegada de los frentes, probablemente a primeras horas y con <strong>intervalos de nubes y claros<\/strong> tras su paso. Estar\u00e1n <strong>poco nubosos<\/strong> en el valle y Rioja Baja<\/span><\/span><\/span><\/div>\n<div style=\"text-align: left;\"><span style=\"font-size: large;\"><span style=\"color: blue;\"><span style=\"color: black;\">\u00a0<\/span><\/span><\/span><span style=\"font-size: large;\"><span style=\"color: blue;\"><span style=\"color: black;\"><span style=\"background-color: #cccccc;\"><strong><span style=\"font-size: large;\">.- Precipitaciones<\/span><\/strong><\/span><\/span> <\/span><\/span><\/div>\n<div style=\"text-align: left;\"><span style=\"font-size: large;\"><span style=\"color: blue;\"><span style=\"color: black;\">Se van a producir<strong> precipitaciones <\/strong>con la llegada de los frentes, afectando sobre todo a la Ib\u00e9rica y siendo m\u00e1s intensas en las laderas orientadas a los vientos dominantes del Sw<\/span><\/span><\/span><\/div>\n<div style=\"text-align: left;\"><span style=\"font-size: large;\"><span style=\"color: blue;\"><span style=\"color: black;\"><strong>Cota de nieve <\/strong>entorno a<strong> 1300-1500m<\/strong> <\/span><\/span><\/span><\/div>\n<div style=\"text-align: left;\"><span style=\"font-size: large;\"><span style=\"color: blue;\"><span style=\"color: black;\">Probabilidad media de precipitaci\u00f3n seg\u00fan AEMET.<\/span><\/span><\/span><\/div>\n<div class=\"separator\" style=\"clear: both; text-align: center;\"><a style=\"margin-left: 1em; margin-right: 1em;\" href=\"https:\/\/4.bp.blogspot.com\/-Vk-TPULdeR0\/VwrBE_a_BqI\/AAAAAAAAwtE\/argtBheQc-s3taF5I4ZHvEfDgRDrzV1MQ\/s1600\/probpreci1104.png\"><img loading=\"lazy\" src=\"https:\/\/4.bp.blogspot.com\/-Vk-TPULdeR0\/VwrBE_a_BqI\/AAAAAAAAwtE\/argtBheQc-s3taF5I4ZHvEfDgRDrzV1MQ\/s400\/probpreci1104.png\" alt=\"\" width=\"400\" height=\"316\" border=\"0\" \/><\/a><\/div>\n<div class=\"separator\" style=\"clear: both; text-align: center;\"><\/div>\n<div style=\"text-align: left;\"><span style=\"font-size: large;\"><span style=\"color: blue;\"><span style=\"color: black;\"><span style=\"background-color: #cccccc;\"><strong><span style=\"font-size: large;\">.-Vientos<\/span><\/strong><\/span><\/span><\/span><\/span><\/div>\n<div style=\"text-align: left;\"><span style=\"font-size: large;\"><span style=\"color: blue;\"><span style=\"color: black;\">Vientos predominantes del<strong> Sw<\/strong>, con rachas fuertes en la Ib\u00e9rica y del <strong>Se<\/strong>, m\u00e1s flojos en el valle. <\/span><\/span><\/span><\/div>\n<div style=\"text-align: left;\"><span style=\"font-size: large;\"><span style=\"color: blue;\"><span style=\"color: black;\"><span style=\"font-size: large;\"><span style=\"color: blue;\"><span style=\"color: black;\"><span style=\"background-color: #cccccc;\"><strong><span style=\"font-size: large;\">.-Temperaturas<\/span><\/strong><\/span><\/span><\/span><\/span> <\/span><\/span><\/span><\/div>\n<div style=\"text-align: left;\"><span style=\"font-size: large;\"><span style=\"color: blue;\"><span style=\"color: black;\">\u00a0Temperaturas<strong> <\/strong>un<strong> poco m\u00e1s bajas<\/strong>. Posibilidad de\u00a0 <strong>heladas d\u00e9biles<\/strong> en zonas altas.<\/span><\/span><\/span><\/div>\n<p><span style=\"font-size: large;\"><strong>Valle:<\/strong> M\u00ednimas:<\/span><span style=\"font-size: large;\"><span style=\"color: blue;\"> <strong>4-6\u00baC<\/strong><\/span> y<strong> <\/strong>M\u00e1ximas entre<strong> <span style=\"color: red;\">16-18\u00baC<\/span>.<\/strong> <\/span><\/p>\n<p><span style=\"font-size: large;\"><strong>Monta\u00f1a:\u00a0<\/strong> M\u00ednimas:<span style=\"color: blue;\"> <strong>-2 y 4\u00baC<\/strong><\/span>\u00a0 y M\u00e1ximas entre<strong><span style=\"color: red;\"> 6-10\u00baC<\/span><\/strong><\/span><\/p>\n<p><span style=\"font-size: large;\">La variaci\u00f3n de la m\u00e1xima seg\u00fan\u00a0 AEMET ser\u00e1&#8230;.<\/span><\/p>\n<div class=\"separator\" style=\"clear: both; text-align: center;\"><a style=\"margin-left: 1em; margin-right: 1em;\" href=\"https:\/\/1.bp.blogspot.com\/-tg9y6RPQEQU\/VwrBkoKGT4I\/AAAAAAAAwtI\/ewWwi4SQGws_Ge4_Jyv6TA_wD6uOja9cg\/s1600\/varmax1104.png\"><img loading=\"lazy\" src=\"https:\/\/1.bp.blogspot.com\/-tg9y6RPQEQU\/VwrBkoKGT4I\/AAAAAAAAwtI\/ewWwi4SQGws_Ge4_Jyv6TA_wD6uOja9cg\/s400\/varmax1104.png\" alt=\"\" width=\"400\" height=\"316\" border=\"0\" \/><\/a><\/div>\n<div class=\"separator\" style=\"clear: both; text-align: center;\"><\/div>\n<p><span style=\"font-size: large;\"><span style=\"font-size: large;\"><span style=\"color: blue;\"><span style=\"color: black;\"><span style=\"font-size: large;\"><span style=\"color: blue;\"><span style=\"color: black;\"><span style=\"background-color: #cccccc;\"><strong><span style=\"font-size: large;\">.-Avisos<\/span><\/strong><\/span><\/span><\/span><\/span><\/span><\/span><\/span> <\/span><\/p>\n<div style=\"text-align: left;\">\n<p><span style=\"font-size: large;\"><span style=\"color: blue;\"><span style=\"color: black;\">Estaremos en Aviso Amarillo vientos fuertes en la Ib\u00e9rica.\u00a0<\/span><\/span><\/span><\/p>\n<div class=\"separator\" style=\"clear: both; text-align: center;\"><span style=\"font-size: large;\"><span style=\"color: blue;\"><span style=\"color: black;\">\u00a0<\/span><\/span><\/span><a style=\"margin-left: 1em; margin-right: 1em;\" href=\"https:\/\/1.bp.blogspot.com\/-xS5xyoVaIiY\/VwrB9lZTDbI\/AAAAAAAAwtQ\/Va_NqzNq7CAznuys2gachE5u27kblue8Q\/s1600\/aviso1104.png\"><img loading=\"lazy\" src=\"https:\/\/1.bp.blogspot.com\/-xS5xyoVaIiY\/VwrB9lZTDbI\/AAAAAAAAwtQ\/Va_NqzNq7CAznuys2gachE5u27kblue8Q\/s400\/aviso1104.png\" alt=\"\" width=\"400\" height=\"265\" border=\"0\" \/><\/a><\/div>\n<\/div>\n<p>&nbsp;<\/p>\n<div class=\"separator\" style=\"clear: both; text-align: center;\"><a style=\"margin-left: 1em; margin-right: 1em;\" href=\"https:\/\/4.bp.blogspot.com\/-8BGWMBtubHY\/VwrB9h9Dv7I\/AAAAAAAAwtM\/v5HA-nQK7mgjFT2kp6sTQg67tcU-MzdeA\/s1600\/aviso1104%2B1.png\"><img loading=\"lazy\" src=\"https:\/\/4.bp.blogspot.com\/-8BGWMBtubHY\/VwrB9h9Dv7I\/AAAAAAAAwtM\/v5HA-nQK7mgjFT2kp6sTQg67tcU-MzdeA\/s400\/aviso1104%2B1.png\" alt=\"\" width=\"400\" height=\"157\" border=\"0\" \/><\/a><\/div>\n<p>&nbsp;<\/p>\n<div class=\"separator\" style=\"clear: both; text-align: center;\"><\/div>\n<div style=\"text-align: left;\"><\/div>\n<div style=\"text-align: left;\"><\/div>\n<div style=\"text-align: left;\"><span style=\"color: blue;\"><span style=\"font-size: large;\"><span style=\"color: black;\"><span style=\"color: red;\"><strong>MARTES 12\u00a0 DE ABRIL: SEGUIREMOS CON TIEMPO REVUELTO. CIELOS CON NUBES Y CLAROS Y CON<br \/>\nPRECIPITACIONES DEBILES. VIENTOS DEL SW-SE, MODERADOS. TEMPERATURAS UN POCO MAS ALTAS<\/strong><\/span><\/span> <\/span><\/span><\/div>\n<div style=\"text-align: center;\">\n<div class=\"separator\" style=\"clear: both; text-align: center;\"><a style=\"margin-left: 1em; margin-right: 1em;\" href=\"https:\/\/3.bp.blogspot.com\/-F8jmWeekI9I\/VwrlaVQM5iI\/AAAAAAAAwxQ\/j4vPsd5GGHoeDqqUGEJTsALmZXl23cFsQ\/s1600\/lunes11042.png\"><img loading=\"lazy\" src=\"https:\/\/3.bp.blogspot.com\/-F8jmWeekI9I\/VwrlaVQM5iI\/AAAAAAAAwxQ\/j4vPsd5GGHoeDqqUGEJTsALmZXl23cFsQ\/s640\/lunes11042.png\" alt=\"\" width=\"640\" height=\"94\" border=\"0\" \/><\/a><\/div>\n<div class=\"separator\" style=\"clear: both; text-align: center;\"><\/div>\n<\/div>\n<div style=\"text-align: left;\"><span style=\"color: blue;\"><span style=\"font-size: large;\"><span style=\"color: black;\">Siguen llegando frentes que dejan nubes y precipitaciones d\u00e9biles.<\/span> <\/span><\/span><\/div>\n<div style=\"text-align: left;\"><span style=\"color: blue;\"><span style=\"font-size: large;\">\u00a0<\/span><\/span><span style=\"background-color: #cccccc;\"><strong><span style=\"font-size: large;\">.- Estado del cielo <\/span><\/strong><\/span><\/div>\n<div style=\"text-align: left;\"><span style=\"font-size: large;\"><span style=\"color: blue;\"><span style=\"color: black;\">Posibilidad de algunas <strong>brumas o nieblas matinales<\/strong>.<\/span><\/span><\/span><\/div>\n<div style=\"text-align: left;\"><span style=\"font-size: large;\"><span style=\"color: blue;\"><span style=\"color: black;\">Los cielos continuar\u00e1n muy variables. <strong>Nubosos o muy nubosos<\/strong> con la llegada de los frentes y con <strong>intervalos de nubes y claro, <\/strong>tras su paso.<\/span><\/span><\/span><br \/>\n<span style=\"font-size: large;\"><span style=\"color: blue;\"><span style=\"color: black;\">Tambi\u00e9n como suele ser habitual m\u00e1s nubosos en zonas de monta\u00f1a y Rioja Alta y menos en el valle y Rioja Baja. <\/span><\/span><\/span><\/div>\n<div style=\"text-align: left;\"><span style=\"font-size: large;\"><span style=\"color: blue;\"><span style=\"color: black;\"><span style=\"color: blue;\"><span style=\"font-size: large;\">\u00a0<\/span><\/span><span style=\"background-color: #cccccc;\"><strong><span style=\"font-size: large;\">.- Precipitaciones<\/span><\/strong><\/span><\/span> <\/span><\/span><\/div>\n<div style=\"text-align: left;\"><span style=\"font-size: large;\"><span style=\"color: blue;\"><span style=\"color: black;\">Se van a producir <strong>precipitaciones<\/strong> con la llegada de los frentes, , siendo m\u00e1s intensas y persistentes en \u00e1reas de monta\u00f1a orientadas a los vientos dominantes, y m\u00e1s dispersas en el valle.<\/span><\/span><\/span><\/div>\n<div style=\"text-align: left;\"><span style=\"font-size: large;\"><span style=\"color: blue;\"><span style=\"color: black;\"><strong>Cota de nieve <\/strong>entorno a los <strong>1300-1700 m<\/strong>.<\/span><\/span><\/span><\/div>\n<div style=\"text-align: left;\"><span style=\"font-size: large;\"><span style=\"color: blue;\"><span style=\"color: black;\">Probabilidad media de precipitaci\u00f3n seg\u00fan AEMET.<\/span><\/span><\/span><\/div>\n<div class=\"separator\" style=\"clear: both; text-align: center;\"><a style=\"margin-left: 1em; margin-right: 1em;\" href=\"https:\/\/3.bp.blogspot.com\/-BQIeTWAyspo\/VwrDhdl8L4I\/AAAAAAAAwtc\/N5VTp5Q0kXQPFRoE5lYgxGXs2p1j3k9tA\/s1600\/probpreci1204.png\"><img loading=\"lazy\" src=\"https:\/\/3.bp.blogspot.com\/-BQIeTWAyspo\/VwrDhdl8L4I\/AAAAAAAAwtc\/N5VTp5Q0kXQPFRoE5lYgxGXs2p1j3k9tA\/s400\/probpreci1204.png\" alt=\"\" width=\"400\" height=\"316\" border=\"0\" \/><\/a><\/div>\n<div class=\"separator\" style=\"clear: both; text-align: center;\"><\/div>\n<div style=\"text-align: left;\"><span style=\"font-size: large;\"><span style=\"color: blue;\"><span style=\"color: black;\"><span style=\"background-color: #cccccc;\"><strong><span style=\"font-size: large;\">.-Vientos<\/span><\/strong><\/span><\/span><\/span><\/span><\/div>\n<div style=\"text-align: left;\"><span style=\"font-size: large;\"><span style=\"color: blue;\"><span style=\"color: black;\">Vientos predominantes del<strong> S-Sw<\/strong>,en zonas de monta\u00f1a con rachas fuertes y m\u00e1s flojos del<strong> Se<\/strong> en el valle.<\/span><\/span><\/span><\/div>\n<div style=\"text-align: left;\"><span style=\"font-size: large;\"><span style=\"color: blue;\"><span style=\"color: black;\"><span style=\"font-size: large;\"><span style=\"color: blue;\"><span style=\"color: black;\"><span style=\"background-color: #cccccc;\"><strong><span style=\"font-size: large;\">.-Temperaturas<\/span><\/strong><\/span><\/span><\/span><\/span> <\/span><\/span><\/span><\/div>\n<div style=\"text-align: left;\"><span style=\"font-size: large;\"><span style=\"color: blue;\"><span style=\"color: black;\">\u00a0Temperaturas un <\/span><\/span><\/span><span style=\"font-size: large;\"><span style=\"color: blue;\"><span style=\"color: black;\">poco<strong> <\/strong><\/span><\/span><\/span><span style=\"font-size: large;\"><span style=\"color: blue;\"><span style=\"color: black;\"><strong> m\u00e1s altas<\/strong>. Posibilidad de alguna <strong>helada d\u00e9bil<\/strong> en zonas altas.<\/span><\/span><\/span><\/div>\n<p><span style=\"font-size: large;\"><strong>Valle:<\/strong> M\u00ednimas:<\/span><span style=\"font-size: large;\"><span style=\"color: blue;\"> <strong>4-6\u00baC<\/strong><\/span> y<strong> <\/strong>M\u00e1ximas entre<strong> <span style=\"color: red;\">16-18\u00baC<\/span>.<\/strong> <\/span><\/p>\n<p><span style=\"font-size: large;\"><strong>Monta\u00f1a:\u00a0<\/strong> M\u00ednimas:<span style=\"color: blue;\"> <strong>-2 y 4\u00baC<\/strong><\/span>\u00a0 y M\u00e1ximas entre<strong><span style=\"color: red;\"> 6-10\u00baC<\/span><\/strong><\/span><\/p>\n<p><span style=\"font-size: large;\">La variaci\u00f3n de la m\u00e1xima seg\u00fan\u00a0 AEMET ser\u00e1&#8230;.<\/span><\/p>\n<div class=\"separator\" style=\"clear: both; text-align: center;\"><a style=\"margin-left: 1em; margin-right: 1em;\" href=\"https:\/\/2.bp.blogspot.com\/-ezsQBlKfeDo\/VwrD7_DELTI\/AAAAAAAAwtk\/mw4ymuTvn1oAUYqFjPD6BVAwYAjgZDROA\/s1600\/varmax1204.png\"><img loading=\"lazy\" src=\"https:\/\/2.bp.blogspot.com\/-ezsQBlKfeDo\/VwrD7_DELTI\/AAAAAAAAwtk\/mw4ymuTvn1oAUYqFjPD6BVAwYAjgZDROA\/s400\/varmax1204.png\" alt=\"\" width=\"400\" height=\"316\" border=\"0\" \/><\/a><\/div>\n<div class=\"separator\" style=\"clear: both; text-align: center;\"><\/div>\n<p><span style=\"font-size: large;\"><span style=\"font-size: large;\"><span style=\"color: blue;\"><span style=\"color: black;\"><span style=\"font-size: large;\"><span style=\"color: blue;\"><span style=\"color: black;\"><span style=\"background-color: #cccccc;\"><strong><span style=\"font-size: large;\">.-Avisos<\/span><\/strong><\/span><\/span><\/span><\/span><\/span><\/span><\/span> <\/span><\/p>\n<div style=\"text-align: left;\"><span style=\"font-size: large;\"><span style=\"color: blue;\"><span style=\"color: black;\">Sin avisos.<\/span><\/span><\/span><\/div>\n<div style=\"text-align: left;\"><\/div>\n<div style=\"text-align: left;\">\n<p>&nbsp;<\/p>\n<\/div>\n<div style=\"text-align: left;\">\n<div style=\"text-align: left;\"><span style=\"color: blue;\"><span style=\"font-size: large;\"><span style=\"color: black;\"><span style=\"color: red;\"><strong>MIERCOLES 13 DE ABRIL: POCOS CAMBIOS. TIEMPO VARIABLE CON ALTERNANCIA DE NUBES Y CLAROS. PRECIPITACIONES DEBILES. VIENTOS DEL SW-SE Y TEMPERATURAS SIMILARES<\/strong><\/span><\/span> <\/span><\/span><\/div>\n<div style=\"text-align: center;\">\n<div class=\"separator\" style=\"clear: both; text-align: center;\"><a style=\"margin-left: 1em; margin-right: 1em;\" href=\"https:\/\/2.bp.blogspot.com\/-X52oe8Mvw8w\/VwrlgRWlEBI\/AAAAAAAAwxU\/Y0ihI6uAIsgbDq7aqhv_ZYGUCjI3jeEXg\/s1600\/lunes11043.png\"><img loading=\"lazy\" src=\"https:\/\/2.bp.blogspot.com\/-X52oe8Mvw8w\/VwrlgRWlEBI\/AAAAAAAAwxU\/Y0ihI6uAIsgbDq7aqhv_ZYGUCjI3jeEXg\/s640\/lunes11043.png\" alt=\"\" width=\"640\" height=\"108\" border=\"0\" \/><\/a><\/div>\n<div class=\"separator\" style=\"clear: both; text-align: center;\"><\/div>\n<\/div>\n<div style=\"text-align: left;\"><span style=\"color: blue;\"><span style=\"font-size: large;\"><span style=\"color: black;\">No cambia la configuraci\u00f3n. Llegan frentes generados por la borrasca atl\u00e1ntica.<\/span><br \/>\n<\/span><\/span><\/div>\n<div style=\"text-align: left;\"><span style=\"color: blue;\"><span style=\"font-size: large;\">\u00a0<\/span><\/span><span style=\"background-color: #cccccc;\"><strong><span style=\"font-size: large;\">.- Estado del cielo <\/span><\/strong><\/span><\/div>\n<div style=\"text-align: left;\"><span style=\"font-size: large;\"><span style=\"color: blue;\"><span style=\"color: black;\">Posibilidad de algunas <strong>brumas o nieblas matinales<\/strong>.<\/span><\/span><\/span><\/div>\n<div style=\"text-align: left;\"><span style=\"font-size: large;\"><span style=\"color: blue;\"><span style=\"color: black;\">Los cielos<strong> nubosos<\/strong> en \u00e1reas de monta\u00f1a y zona Occidental y con m\u00e1s<strong> claros<\/strong> m\u00e1s en el valle y Rioja Baja.\u00a0 Es probable que a primeras horas lo cielos est\u00e9n m\u00e1s nubosos y alo largo del d\u00eda vayan quedando menos nubosos.<\/span><\/span><\/span><\/div>\n<div style=\"text-align: left;\"><span style=\"font-size: large;\"><span style=\"color: blue;\"><span style=\"color: black;\"><span style=\"color: blue;\"><span style=\"font-size: large;\">\u00a0<\/span><\/span><span style=\"background-color: #cccccc;\"><strong><span style=\"font-size: large;\">.- Precipitaciones<\/span><\/strong><\/span><\/span> <\/span><\/span><\/div>\n<div style=\"text-align: left;\"><span style=\"font-size: large;\"><span style=\"color: blue;\"><span style=\"color: black;\">Se producir\u00e1n <strong>precipitaciones<\/strong> d\u00e9biles asociadas a los frentes que llegan. <\/span><\/span><\/span><\/div>\n<div style=\"text-align: left;\"><span style=\"font-size: large;\"><span style=\"color: blue;\"><span style=\"color: black;\"><strong>Cota de nieve <\/strong>entorno a los<strong> 1500-1800m<\/strong><\/span><\/span><\/span><\/div>\n<div style=\"text-align: left;\">\n<p><span style=\"font-size: large;\"><span style=\"color: blue;\"><span style=\"color: black;\">Probabilidad media de precipitaci\u00f3n seg\u00fan AEMET.<\/span><\/span><\/span><\/p>\n<div class=\"separator\" style=\"clear: both; text-align: center;\"><a style=\"margin-left: 1em; margin-right: 1em;\" href=\"https:\/\/2.bp.blogspot.com\/-WVKW5MdcndM\/VwrlmZwoAlI\/AAAAAAAAwxY\/qBGLSy_IOY442RTmcl3PPgmGgeYpXVvJw\/s1600\/probpreci1304.png\"><img loading=\"lazy\" src=\"https:\/\/2.bp.blogspot.com\/-WVKW5MdcndM\/VwrlmZwoAlI\/AAAAAAAAwxY\/qBGLSy_IOY442RTmcl3PPgmGgeYpXVvJw\/s400\/probpreci1304.png\" alt=\"\" width=\"400\" height=\"316\" border=\"0\" \/><\/a><\/div>\n<div class=\"separator\" style=\"clear: both; text-align: center;\"><\/div>\n<div style=\"text-align: left;\"><span style=\"font-size: large;\"><span style=\"color: blue;\"><span style=\"color: black;\"><span style=\"background-color: #cccccc;\"><strong><span style=\"font-size: large;\">.-Vientos<\/span><\/strong><\/span><\/span><\/span><\/span><\/div>\n<div style=\"text-align: left;\"><span style=\"font-size: large;\"><span style=\"color: blue;\"><span style=\"color: black;\">Vientos del <strong>Sw<\/strong>, moderados en zonas altas y del <strong>Se <\/strong>m\u00e1s flojos en el valle.<\/span><\/span><\/span><\/div>\n<div style=\"text-align: left;\"><span style=\"font-size: large;\"><span style=\"color: blue;\"><span style=\"color: black;\"><span style=\"font-size: large;\"><span style=\"color: blue;\"><span style=\"color: black;\"><span style=\"background-color: #cccccc;\"><strong><span style=\"font-size: large;\">.-Temperaturas<\/span><\/strong><\/span><\/span><\/span><\/span> <\/span><\/span><\/span><\/div>\n<div style=\"text-align: left;\"><span style=\"font-size: large;\"><span style=\"color: blue;\"><span style=\"color: black;\">Temperaturas con pocos cambios. Posibilidad de alguna <strong>helada d\u00e9bil<\/strong> en zonas altas.<\/span><\/span><\/span><\/div>\n<p><span style=\"font-size: large;\"><strong>Valle:<\/strong> M\u00ednimas:<\/span><span style=\"font-size: large;\"><span style=\"color: blue;\"> <strong>4-6\u00baC<\/strong><\/span> y<strong> <\/strong>M\u00e1ximas entre<strong> <span style=\"color: red;\">16-18\u00baC<\/span>.<\/strong> <\/span><\/p>\n<p><span style=\"font-size: large;\"><strong>Monta\u00f1a:\u00a0<\/strong> M\u00ednimas:<span style=\"color: blue;\"> <strong>-2 y 2\u00baC<\/strong><\/span>\u00a0 y M\u00e1ximas entre<strong><span style=\"color: red;\"> 6-10\u00baC<\/span><\/strong><\/span><\/p>\n<p><span style=\"font-size: large;\">La variaci\u00f3n de la m\u00e1xima seg\u00fan\u00a0 AEMET ser\u00e1&#8230;.<\/span><\/p>\n<div class=\"separator\" style=\"clear: both; text-align: center;\"><a style=\"margin-left: 1em; margin-right: 1em;\" href=\"https:\/\/2.bp.blogspot.com\/-hxRlEkUcuzY\/VwrlvA_LtsI\/AAAAAAAAwxc\/RHTwr3XJz48oZfCasY3s-tAQDiHqbci4w\/s1600\/varma1304.png\"><img loading=\"lazy\" src=\"https:\/\/2.bp.blogspot.com\/-hxRlEkUcuzY\/VwrlvA_LtsI\/AAAAAAAAwxc\/RHTwr3XJz48oZfCasY3s-tAQDiHqbci4w\/s400\/varma1304.png\" alt=\"\" width=\"400\" height=\"316\" border=\"0\" \/><\/a><\/div>\n<div class=\"separator\" style=\"clear: both; text-align: center;\"><\/div>\n<p><span style=\"font-size: large;\"><span style=\"font-size: large;\"><span style=\"color: blue;\"><span style=\"color: black;\"><span style=\"font-size: large;\"><span style=\"color: blue;\"><span style=\"color: black;\"><span style=\"background-color: #cccccc;\"><strong><span style=\"font-size: large;\">.-Avisos<\/span><\/strong><\/span><\/span><\/span><\/span><\/span><\/span><\/span> <\/span><\/p>\n<div style=\"text-align: left;\"><span style=\"font-size: large;\"><span style=\"color: blue;\"><span style=\"color: black;\">Sin avisos.<\/span><\/span><\/span><\/div>\n<\/div>\n<\/div>\n<p>&nbsp;<\/p>\n<div style=\"text-align: left;\"><\/div>\n<div style=\"text-align: left;\">\n<div style=\"text-align: left;\"><span style=\"color: blue;\"><span style=\"font-size: large;\"><span style=\"color: black;\"><span style=\"color: red;\"><strong>JUEVES 14 DE ABRIL : VARIABLE. NUBES Y CLAROS.VIENTOS DEL SW-SE Y TEMPERATURAS MAS ALTAS<\/strong><\/span><\/span> <\/span><\/span><\/div>\n<div style=\"text-align: center;\">\n<div class=\"separator\" style=\"clear: both; text-align: center;\"><a style=\"margin-left: 1em; margin-right: 1em;\" href=\"https:\/\/2.bp.blogspot.com\/-Gs36j91f0Z0\/Vwrl0i6sOQI\/AAAAAAAAwxg\/je6hwMGaeMACYWD5O7kccj7pzSkcohxLw\/s1600\/lunes11044.png\"><img loading=\"lazy\" src=\"https:\/\/2.bp.blogspot.com\/-Gs36j91f0Z0\/Vwrl0i6sOQI\/AAAAAAAAwxg\/je6hwMGaeMACYWD5O7kccj7pzSkcohxLw\/s640\/lunes11044.png\" alt=\"\" width=\"640\" height=\"82\" border=\"0\" \/><\/a><\/div>\n<div class=\"separator\" style=\"clear: both; text-align: center;\"><\/div>\n<\/div>\n<div style=\"text-align: left;\"><span style=\"color: blue;\"><span style=\"font-size: large;\"><span style=\"color: black;\">Sin cambios.La borrascas favorece la llegada de vientos del Sw<\/span><br \/>\n<\/span><\/span><\/div>\n<div style=\"text-align: left;\"><span style=\"color: blue;\"><span style=\"font-size: large;\">\u00a0<\/span><\/span><span style=\"background-color: #cccccc;\"><strong><span style=\"font-size: large;\">.- Estado del cielo <\/span><\/strong><\/span><\/div>\n<div style=\"text-align: left;\"><span style=\"font-size: large;\"><span style=\"color: blue;\"><span style=\"color: black;\">Posibilidad de algunas <strong>brumas o nieblas matinales.<\/strong><\/span><\/span><\/span><\/div>\n<div style=\"text-align: left;\"><span style=\"font-size: large;\"><span style=\"color: blue;\"><span style=\"color: black;\">Cielos con <strong>nubes y claros<\/strong><\/span><\/span><\/span><\/div>\n<div style=\"text-align: left;\"><span style=\"font-size: large;\"><span style=\"color: blue;\"><span style=\"color: black;\"><span style=\"color: blue;\"><span style=\"font-size: large;\">\u00a0<\/span><\/span><span style=\"background-color: #cccccc;\"><strong><span style=\"font-size: large;\">.- Precipitaciones<\/span><\/strong><\/span><\/span> <\/span><\/span><\/div>\n<p><span style=\"font-size: large;\">No se esperan <strong>precipitaciones<\/strong> . Sin descartar alguna muy d\u00e9bil y dispersa.<\/span><\/p>\n<\/div>\n<div style=\"text-align: left;\">\n<div style=\"text-align: left;\"><span style=\"font-size: large;\"><span style=\"color: blue;\"><span style=\"color: black;\"><span style=\"background-color: #cccccc;\"><strong><span style=\"font-size: large;\">.-Vientos<\/span><\/strong><\/span><\/span><\/span><\/span><\/div>\n<div style=\"text-align: left;\"><span style=\"font-size: large;\"><span style=\"color: blue;\"><span style=\"color: black;\">Vientos de componente <strong>Sw,<\/strong> Moderados en zonas altas y del <strong>Se<\/strong>, flojos en el valle.<\/span><\/span><\/span><\/div>\n<div style=\"text-align: left;\"><span style=\"font-size: large;\"><span style=\"color: blue;\"><span style=\"color: black;\"><span style=\"font-size: large;\"><span style=\"color: blue;\"><span style=\"color: black;\"><span style=\"background-color: #cccccc;\"><strong><span style=\"font-size: large;\">.-Temperaturas<\/span><\/strong><\/span><\/span><\/span><\/span> <\/span><\/span><\/span><\/div>\n<div style=\"text-align: left;\"><span style=\"font-size: large;\"><span style=\"color: blue;\"><span style=\"color: black;\">Temperaturas en\u00a0<strong> ascenso<\/strong>, sobre todo las m\u00e1ximas.<br \/>\nPosibilidad de <strong>heladas<\/strong> en zonas altas.<\/span><\/span><\/span><\/div>\n<p><span style=\"font-size: large;\"><strong>Valle:<\/strong> M\u00ednimas:<\/span><span style=\"font-size: large;\"><span style=\"color: blue;\"> <strong>4-6\u00baC<\/strong><\/span> y<strong> <\/strong>M\u00e1ximas entre<strong> <span style=\"color: red;\">18-20\u00baC<\/span>.<\/strong> <\/span><\/p>\n<p><span style=\"font-size: large;\"><strong>Monta\u00f1a:\u00a0<\/strong> M\u00ednimas:<span style=\"color: blue;\"> <strong>-2 y 4\u00baC<\/strong><\/span>\u00a0 y M\u00e1ximas entre<strong><span style=\"color: red;\"> 8-10\u00baC<\/span><\/strong><\/span><\/p>\n<p><span style=\"font-size: large;\"><span style=\"font-size: large;\"><span style=\"color: blue;\"><span style=\"color: black;\"><span style=\"font-size: large;\"><span style=\"color: blue;\"><span style=\"color: black;\"><span style=\"background-color: #cccccc;\"><strong><span style=\"font-size: large;\">.-Avisos<\/span><\/strong><\/span><\/span><\/span><\/span><\/span><\/span><\/span> <\/span><\/p>\n<div style=\"text-align: left;\"><\/div>\n<div style=\"text-align: left;\"><span style=\"font-size: large;\"><span style=\"color: blue;\"><span style=\"color: black;\">Sin avisos<\/span><\/span><\/span><\/div>\n<p><span style=\"color: blue;\"><span style=\"font-size: large;\"><span style=\"color: black;\"><span style=\"color: red;\"><strong>VIERNES 15 DE ABRIL Y TENDENCIA DEL FIN DE SEMANA: CONTINUARA VARIABLE CON VIENTOS DEL SW.<\/strong><\/span><\/span><\/span><\/span><\/p>\n<p><span style=\"font-size: large;\"><span style=\"color: blue;\"><span style=\"color: black;\">Los <\/span><\/span>modelos a d\u00eda de hoy indican que durante el fin de semana apenas se producir\u00edan cambios, en todo caso las temperaturas podr\u00edan ser algo m\u00e1s altas&#8230;..veremos a ver&#8230;<\/span><br \/>\n<span style=\"font-size: large;\"> <span style=\"color: blue;\"><span style=\"color: black;\">As\u00ed que ya v\u00e9is, semanita<strong> variable y algo revuelta<\/strong> con <strong>temperaturas suaves<\/strong>&#8230;..vamos lo que viene a ser denominado&#8230;.<strong>PRIMAVERA<\/strong>&#8230; \ud83d\ude42<\/span><\/span><\/span><\/p>\n<p><span style=\"font-size: large;\"> <span style=\"color: blue;\"><span style=\"color: black;\"><br \/>\n<\/span><\/span><\/span><\/p>\n<p><span style=\"font-size: large;\"> Os recuerdo que pod\u00e9is seguir a Meteosojuela en:<\/span><\/p>\n<div style=\"text-align: left;\"><span style=\"font-size: large;\"><a href=\"https:\/\/www.facebook.com\/Meteosojuela\">FACEBOOK <\/a><\/span><\/div>\n<div style=\"text-align: left;\"><a href=\"https:\/\/twitter.com\/meteosojuela\"><span style=\"font-size: large;\">TWITER<\/span><\/a><\/div>\n<div style=\"text-align: left;\"><a href=\"https:\/\/instagram.com\/meteosojuela\/\"><span style=\"font-size: large;\">INSTAGRAM<\/span><\/a><\/div>\n<p><span style=\"font-size: large;\">Todos los d\u00edas pod\u00e9is tener el tiempo de cada jornada en vuestromuro haciendoos seguidores de Meteosojuela en <\/span><span style=\"font-size: large;\"><a href=\"https:\/\/www.facebook.com\/Meteosojuela\">FACEBOOK\u00a0<\/a><\/span><\/p>\n<p><span style=\"font-size: large;\">Os dejo aqu\u00ed las previsiones en monta\u00f1a teniendo como base la cota m\u00e1s baja (1500m) de la estaci\u00f3n de Valdezcaray&#8230;<\/span><\/p>\n<div class=\"separator\" style=\"clear: both; text-align: center;\"><a style=\"margin-left: 1em; margin-right: 1em;\" href=\"https:\/\/3.bp.blogspot.com\/-RqBqcjV7YIM\/VwrM73qsWuI\/AAAAAAAAwt4\/xl4Ks_QvDKwfEsxsi8n5dpytPGTfvbweg\/s1600\/valdezcaray1004.png\"><img loading=\"lazy\" src=\"https:\/\/3.bp.blogspot.com\/-RqBqcjV7YIM\/VwrM73qsWuI\/AAAAAAAAwt4\/xl4Ks_QvDKwfEsxsi8n5dpytPGTfvbweg\/s640\/valdezcaray1004.png\" alt=\"\" width=\"640\" height=\"394\" border=\"0\" \/><\/a><\/div>\n<div class=\"separator\" style=\"clear: both; text-align: center;\"><\/div>\n<p><span style=\"font-size: large;\">\u00a0..ya v\u00e9is como va a estar un poco revuelto altern\u00e1ndose la nieve y la lluvia.<\/span><\/p>\n<p>&nbsp;<\/p>\n<div class=\"separator\" style=\"clear: both; text-align: center;\"><\/div>\n<div style=\"text-align: center;\"><span style=\"color: blue;\"><span style=\"font-size: large;\">VUESTRA GALERIA<\/span><\/span><\/div>\n<\/div>\n<p><span style=\"font-size: large;\">Espacio dedicado a todas vuestras fotograf\u00edas&#8230;.<\/span><\/p>\n<p><span style=\"font-size: large;\">Pod\u00e9is enviarlas por correo electr\u00f3nico a jocalaz@gmail.com o al buzon de <\/span><span style=\"font-size: large;\"><a href=\"https:\/\/www.facebook.com\/Meteosojuela\">Meteosojuela en FACEBOOK<\/a><\/span><br \/>\n<span style=\"font-size: large;\">Muchas gracias a todos por participar en esta secci\u00f3n.<\/span><\/p>\n<p><span style=\"font-size: large;\">Para ver la GALERIA&#8230;<span style=\"color: #ff0000;\"><strong><a href=\"https:\/\/blogs.larioja.com\/eltiempo\/2016\/04\/11\/galeria-del-lector-fin-de-semana-del-8-10-abril\/\" target=\"_blank\">PINCHAD AQUI<\/a><\/strong><\/span><\/span><\/p>\n<\/div>\n","protected":false},"excerpt":{"rendered":"<p>TENDENCIAS SEMANALES &nbsp; COMO HA SIDO EL TIEMPO&#8230;.QUE ESPERAMOS&#8230;&#8230; Seguimos con fines de semana t\u00edpicamente primaverales, con alternancia de cielos nubosos,\u00a0 con algunas precipitaciones d\u00e9biles, con otros momentos m\u00e1s soleados. Y es que la presencia de una potente borrasca en el Atl\u00e1ntico de nombre ORTRUN&#8230; ha estado generando frentes que llegaban debilitados ha nuestra regi\u00f3n [&hellip;]<\/p>\n","protected":false},"author":41,"featured_media":0,"comment_status":"open","ping_status":"closed","sticky":false,"template":"","format":"standard","meta":[],"categories":[9],"tags":[72,245,491,516,613],"_links":{"self":[{"href":"https:\/\/blogs.larioja.com\/eltiempo\/wp-json\/wp\/v2\/posts\/1008"}],"collection":[{"href":"https:\/\/blogs.larioja.com\/eltiempo\/wp-json\/wp\/v2\/posts"}],"about":[{"href":"https:\/\/blogs.larioja.com\/eltiempo\/wp-json\/wp\/v2\/types\/post"}],"author":[{"embeddable":true,"href":"https:\/\/blogs.larioja.com\/eltiempo\/wp-json\/wp\/v2\/users\/41"}],"replies":[{"embeddable":true,"href":"https:\/\/blogs.larioja.com\/eltiempo\/wp-json\/wp\/v2\/comments?post=1008"}],"version-history":[{"count":0,"href":"https:\/\/blogs.larioja.com\/eltiempo\/wp-json\/wp\/v2\/posts\/1008\/revisions"}],"wp:attachment":[{"href":"https:\/\/blogs.larioja.com\/eltiempo\/wp-json\/wp\/v2\/media?parent=1008"}],"wp:term":[{"taxonomy":"category","embeddable":true,"href":"https:\/\/blogs.larioja.com\/eltiempo\/wp-json\/wp\/v2\/categories?post=1008"},{"taxonomy":"post_tag","embeddable":true,"href":"https:\/\/blogs.larioja.com\/eltiempo\/wp-json\/wp\/v2\/tags?post=1008"}],"curies":[{"name":"wp","href":"https:\/\/api.w.org\/{rel}","templated":true}]}}