{"id":1110,"date":"2016-06-09T07:51:04","date_gmt":"2016-06-09T05:51:04","guid":{"rendered":"http:\/\/blogs.larioja.com\/eltiempo\/?p=1110"},"modified":"2016-06-09T07:51:04","modified_gmt":"2016-06-09T05:51:04","slug":"prevision-especial-fiestas-de-san-bernabe-y-dia-de-la-rioja","status":"publish","type":"post","link":"https:\/\/blogs.larioja.com\/eltiempo\/2016\/06\/09\/prevision-especial-fiestas-de-san-bernabe-y-dia-de-la-rioja\/","title":{"rendered":"Previsi\u00f3n especial fiestas de San Bernab\u00e9 y D\u00eda de La Rioja."},"content":{"rendered":"<div style=\"text-align: left;\" dir=\"ltr\">\n<div style=\"text-align: center;\"><span style=\"color: blue;\"><span style=\"font-size: large;\">ESPECIAL FIESTAS SAN BERNABE<br \/>\n<\/span><\/span><\/p>\n<div class=\"separator\" style=\"clear: both; text-align: center;\"><\/div>\n<div class=\"separator\" style=\"clear: both; text-align: center;\"><a style=\"margin-left: 1em; margin-right: 1em;\" href=\"https:\/\/3.bp.blogspot.com\/-pU6X84TFX6g\/V1i3j3i5O6I\/AAAAAAAAzjw\/r5bpjkRHfAQuMmoKK-nTcX8KNA1mj8THwCLcB\/s1600\/sanbernabe1.jpg\"><img loading=\"lazy\" src=\"https:\/\/3.bp.blogspot.com\/-pU6X84TFX6g\/V1i3j3i5O6I\/AAAAAAAAzjw\/r5bpjkRHfAQuMmoKK-nTcX8KNA1mj8THwCLcB\/s640\/sanbernabe1.jpg\" alt=\"\" width=\"640\" height=\"480\" border=\"0\" \/><\/a><\/div>\n<p>&nbsp;<\/p>\n<div class=\"separator\" style=\"clear: both; text-align: center;\"><a style=\"margin-left: 1em; margin-right: 1em;\" href=\"https:\/\/2.bp.blogspot.com\/-FffGYfWSZVs\/V1i3klPHoAI\/AAAAAAAAzj4\/2GtejkOCqtQFDALsZc_CN3JrAdeTlvmKwCLcB\/s1600\/sanbernabe.jpg\"><img loading=\"lazy\" src=\"https:\/\/2.bp.blogspot.com\/-FffGYfWSZVs\/V1i3klPHoAI\/AAAAAAAAzj4\/2GtejkOCqtQFDALsZc_CN3JrAdeTlvmKwCLcB\/s640\/sanbernabe.jpg\" alt=\"\" width=\"640\" height=\"480\" border=\"0\" \/><\/a><\/div>\n<p>&nbsp;<\/p>\n<div class=\"separator\" style=\"clear: both; text-align: center;\"><\/div>\n<\/div>\n<div style=\"text-align: center;\"><\/div>\n<div style=\"text-align: center;\"><span style=\"color: blue;\"><span style=\"font-size: large;\">COMO A\u00a0 SIDO EL TIEMPO &#8230;QUE NOS ESPERA&#8230;<\/span><\/span><\/div>\n<div style=\"text-align: left;\"><span style=\"font-size: large;\">Adelantamos un poco las previsiones debido a estos d\u00edas de fiesta que se avecinan.\u00a0<\/span><span style=\"font-size: large;\">Semana que comenz\u00f3 revuelta con algunos restos tormentosos que dejaban nubes espectaculares como estos C\u00famulos Congestus y Cumulonimbos&#8230;.<\/span><\/p>\n<div class=\"separator\" style=\"clear: both; text-align: center;\"><a style=\"margin-left: 1em; margin-right: 1em;\" href=\"https:\/\/3.bp.blogspot.com\/-QGd6ZqHXoBU\/V1geHsurFSI\/AAAAAAAAzfc\/CpsIoJy2Y-UJgey38boTFtGEDNw6GALKgCLcB\/s1600\/IMG_37411300.jpg\"><img loading=\"lazy\" src=\"https:\/\/3.bp.blogspot.com\/-QGd6ZqHXoBU\/V1geHsurFSI\/AAAAAAAAzfc\/CpsIoJy2Y-UJgey38boTFtGEDNw6GALKgCLcB\/s640\/IMG_37411300.jpg\" alt=\"\" width=\"640\" height=\"427\" border=\"0\" \/><\/a><\/div>\n<p>&nbsp;<\/p>\n<div class=\"separator\" style=\"clear: both; text-align: center;\"><a style=\"margin-left: 1em; margin-right: 1em;\" href=\"https:\/\/1.bp.blogspot.com\/-xvWamH5nX98\/V1geIAm47PI\/AAAAAAAAzfg\/KW1URpgwIlIbQDgT3ISK5OPU7jBx9R0wQCLcB\/s1600\/IMG_37431300.jpg\"><img loading=\"lazy\" src=\"https:\/\/1.bp.blogspot.com\/-xvWamH5nX98\/V1geIAm47PI\/AAAAAAAAzfg\/KW1URpgwIlIbQDgT3ISK5OPU7jBx9R0wQCLcB\/s640\/IMG_37431300.jpg\" alt=\"\" width=\"640\" height=\"426\" border=\"0\" \/><\/a><\/div>\n<p><span style=\"font-size: large;\">&#8230;pero que apenas dejar\u00f3n precipitaci\u00f3nes.<\/span><\/p>\n<p><span style=\"font-size: large;\">Poco a poco el tiempo se ha ido estabilizando quedando los cielos poco nubosos y con ascenso progresivo de las temperaturas rozando ya los 35 grados.<\/span><\/p>\n<div class=\"separator\" style=\"clear: both; text-align: center;\"><a style=\"margin-left: 1em; margin-right: 1em;\" href=\"https:\/\/3.bp.blogspot.com\/-jJTmX_tHte8\/V1gfYu1W3gI\/AAAAAAAAzfs\/_PIDpmesGwQTLbS2m_kdzXPCr5evcZWJACLcB\/s1600\/IMG_3776.JPG\"><img loading=\"lazy\" src=\"https:\/\/3.bp.blogspot.com\/-jJTmX_tHte8\/V1gfYu1W3gI\/AAAAAAAAzfs\/_PIDpmesGwQTLbS2m_kdzXPCr5evcZWJACLcB\/s640\/IMG_3776.JPG\" alt=\"\" width=\"640\" height=\"426\" border=\"0\" \/><\/a><\/div>\n<p><span style=\"font-size: large;\"><br \/>\n<\/span><br \/>\n<span style=\"font-size: large;\"><br \/>\n<\/span><br \/>\n<span style=\"color: blue;\"><span style=\"font-size: large;\"><span style=\"color: black;\"><strong>Y qu\u00e9 esperamos para estos d\u00edas de San Bernab\u00e9&#8230;.?<\/strong><\/span><\/span><\/span><\/p>\n<\/div>\n<div style=\"text-align: left;\"><\/div>\n<p><span style=\"font-size: large;\">Pues vamos a tener un poco de todo:\u00a0<\/span><\/p>\n<p><span style=\"font-size: large;\"><strong>-. D\u00eda de La Rioja<\/strong>: Calor y bochorno<\/span><\/p>\n<p><span style=\"font-size: large;\"><strong>.- Viernes<\/strong>: Revuelto y tormentoso.<\/span><\/p>\n<p><span style=\"font-size: large;\"><strong>&#8211; San Bernabe<\/strong><\/span><span style=\"font-size: large;\"><strong><\/strong>: M\u00e1s estable y m\u00e1s fresco<\/span><\/p>\n<p><span style=\"font-size: large;\"><strong>.- Domingo<\/strong>: Mejorando<\/span><\/p>\n<p>&nbsp;<\/p>\n<p>&nbsp;<\/p>\n<p><span style=\"font-size: large;\">Vamos a ver que es lo que va a ocurrir y como siempre vemos la configuraci\u00f3n en capas altas..<\/span><\/p>\n<div style=\"text-align: left;\"><span style=\"font-size: large;\"><br \/>\n<\/span><span style=\"font-size: large;\">Analizamos los <strong>modelos de altura<\/strong> donde se observa el estado de la atm\u00f3sfera que luego se va a reflejar en superficie.<\/span><span style=\"font-size: large;\">Estos se denominan<strong> Anomal\u00edas de Geopotencial a 500hPa <\/strong>y lo que significan son las caracter\u00edsticas de la atm\u00f3sfera a 5500m en relaci\u00f3n a un per\u00edodo de unos 30 a\u00f1os de media. Se toma 5500m como referencia por ser una zona sin influencia de factores terrestres<\/span><\/div>\n<p><span style=\"font-size: large;\">Si observamos los <strong>mapas de altura<\/strong> (500hPa-5500m),vemos 3 situaciones perfectamente diferenciadas:<\/span><\/p>\n<p><span style=\"font-size: large;\">.- Jueves: <strong>Dorsal anticicl\u00f3nica<\/strong> sobre la pen\u00ednsula dejando tiempo estable <\/span><\/p>\n<div class=\"separator\" style=\"clear: both; text-align: center;\"><a style=\"margin-left: 1em; margin-right: 1em;\" href=\"https:\/\/2.bp.blogspot.com\/-3pMQuEfvkwA\/V1gnNv9OOhI\/AAAAAAAAzf8\/ytVrSNUfuxESOcpGsaC3HReD2M78c8d0QCLcB\/s1600\/gfs1.png\"><img loading=\"lazy\" src=\"https:\/\/2.bp.blogspot.com\/-3pMQuEfvkwA\/V1gnNv9OOhI\/AAAAAAAAzf8\/ytVrSNUfuxESOcpGsaC3HReD2M78c8d0QCLcB\/s640\/gfs1.png\" alt=\"\" width=\"640\" height=\"426\" border=\"0\" \/><\/a><\/div>\n<p><span style=\"font-size: large;\">Viernes y madrugada del s\u00e1bado: <strong>Aire fr\u00edo<\/strong> en altura que dejar\u00e1 tiempo m\u00e1s inestable<\/span><\/p>\n<div class=\"separator\" style=\"clear: both; text-align: center;\"><a style=\"margin-left: 1em; margin-right: 1em;\" href=\"https:\/\/2.bp.blogspot.com\/-0-I0AfZl9pQ\/V1gnQ7U53KI\/AAAAAAAAzgM\/9ap4CssjlmYKzqX0oTbkjoEEX-FHm3dVwCLcB\/s1600\/gfs-12-60.jpg\"><img loading=\"lazy\" src=\"https:\/\/2.bp.blogspot.com\/-0-I0AfZl9pQ\/V1gnQ7U53KI\/AAAAAAAAzgM\/9ap4CssjlmYKzqX0oTbkjoEEX-FHm3dVwCLcB\/s640\/gfs-12-60.jpg\" alt=\"\" width=\"640\" height=\"426\" border=\"0\" \/><\/a><\/div>\n<p><span style=\"font-size: large;\">Domingo:<strong> Nueva dorsal anticicl\u00f3nica <\/strong>hacia la pen\u00ednsula regresando la estabilidad.<\/span><\/p>\n<div class=\"separator\" style=\"clear: both; text-align: center;\"><a style=\"margin-left: 1em; margin-right: 1em;\" href=\"https:\/\/1.bp.blogspot.com\/-bqRXrwGBIgc\/V1gnPW7zzHI\/AAAAAAAAzgE\/1uGTMM0AzSUSZCcXzBZEEuaSM7g4Tj-VACLcB\/s1600\/gfs-12-102.jpg\"><img loading=\"lazy\" src=\"https:\/\/1.bp.blogspot.com\/-bqRXrwGBIgc\/V1gnPW7zzHI\/AAAAAAAAzgE\/1uGTMM0AzSUSZCcXzBZEEuaSM7g4Tj-VACLcB\/s640\/gfs-12-102.jpg\" alt=\"\" width=\"640\" height=\"426\" border=\"0\" \/><\/a><\/div>\n<div class=\"separator\" style=\"clear: both; text-align: center;\"><\/div>\n<p><span style=\"font-size: large;\">Los vientos van a ser flojos, con variabilidad en la direcci\u00f3n, pero van a predominar del <strong>W-Nw<\/strong><\/span><\/p>\n<p><span style=\"font-size: large;\">As\u00ed que todo parece indicar que nos esperan d\u00edas con mucha variaci\u00f3n.<strong><br \/>\n<\/strong><\/span><br \/>\n<span style=\"font-size: large;\">Si atendemos a los<strong> modelos de precipitaci\u00f3n <\/strong>observamos como el viernes ser\u00eda el d\u00eda m\u00e1s lluvioso con tendencia a ir remitiendo las precipitaciones a lo largo del s\u00e1bado.<\/span><\/p>\n<div style=\"text-align: left;\">\n<div class=\"separator\" style=\"clear: both; text-align: center;\"><\/div>\n<div class=\"separator\" style=\"clear: both; text-align: center;\"><a style=\"margin-left: 1em; margin-right: 1em;\" href=\"https:\/\/3.bp.blogspot.com\/-JMTjhBB60q0\/V1iTmSeHTRI\/AAAAAAAAzhk\/2ujLRTnL7-0njMR2U2ZFBW09MfJRTe6TwCLcB\/s1600\/preci.png\"><img loading=\"lazy\" src=\"https:\/\/3.bp.blogspot.com\/-JMTjhBB60q0\/V1iTmSeHTRI\/AAAAAAAAzhk\/2ujLRTnL7-0njMR2U2ZFBW09MfJRTe6TwCLcB\/s640\/preci.png\" alt=\"\" width=\"640\" height=\"320\" border=\"0\" \/><\/a><\/div>\n<div class=\"separator\" style=\"clear: both; text-align: center;\"><\/div>\n<\/div>\n<div style=\"text-align: left;\">\n<p><span style=\"color: blue;\"><span style=\"font-size: large;\"><span style=\"color: black;\">En los mapas de <strong>precipitaci\u00f3n acumulada <\/strong>observamos que se puede producir algunas precipitaci\u00f3nes asociadas a la formaci\u00f3n de tormentas, m\u00e1s probable en la Ib\u00e9rica con acumulados que pueden rondar los 5-10 litros. En el valle ser\u00e1n m\u00e1s puntuales.<\/span><\/span><\/span><\/p>\n<div class=\"separator\" style=\"clear: both; text-align: center;\"><a style=\"margin-left: 1em; margin-right: 1em;\" href=\"https:\/\/3.bp.blogspot.com\/-XqT7PC_NwRA\/V1i4lgdeJ_I\/AAAAAAAAzkE\/2zZhqDR-L8oUTL9GShcfZDA8J4GQGOL_ACLcB\/s1600\/96-777SP.GIF\"><img loading=\"lazy\" src=\"https:\/\/3.bp.blogspot.com\/-XqT7PC_NwRA\/V1i4lgdeJ_I\/AAAAAAAAzkE\/2zZhqDR-L8oUTL9GShcfZDA8J4GQGOL_ACLcB\/s640\/96-777SP.GIF\" alt=\"\" width=\"640\" height=\"640\" border=\"0\" \/><\/a><\/div>\n<div class=\"separator\" style=\"clear: both; text-align: center;\"><\/div>\n<p><span style=\"color: blue;\"><span style=\"font-size: large;\"><span style=\"color: black;\">Os dejo una animaci\u00f3n con mapas diarios de Meteored. Secuencia cada 6 horas donde se observa, nubosidad, vientos, precipitaci\u00f3n..etc<\/span><\/span><\/span><\/p>\n<\/div>\n<div style=\"text-align: left;\"><\/div>\n<div style=\"text-align: left;\"><span style=\"color: blue; font-size: large;\"><span style=\"color: blue;\"><span style=\"color: black;\">Aqu\u00ed <\/span><\/span><\/span><span style=\"font-size: large;\">pod\u00e9is observar como el jueves se mantiene un tiempo tranquilo con algo de nubosidad alta. Viernes revuelto con nubosidad y precipitaci\u00f3n, rolando los vientos al Nw. S\u00e1bado de cierzo disminuyendo la nubosidad y domingo tranquilo<\/span><\/div>\n<div class=\"separator\" style=\"clear: both; text-align: center;\"><a style=\"margin-left: 1em; margin-right: 1em;\" href=\"https:\/\/4.bp.blogspot.com\/-eh7PaGLCFLU\/V1iVhBVGdwI\/AAAAAAAAzhw\/YoVto5LKeEsBm-wigQ0Y_juDS7lm3RzLACLcB\/s1600\/anigif.gif\"><img loading=\"lazy\" src=\"https:\/\/4.bp.blogspot.com\/-eh7PaGLCFLU\/V1iVhBVGdwI\/AAAAAAAAzhw\/YoVto5LKeEsBm-wigQ0Y_juDS7lm3RzLACLcB\/s640\/anigif.gif\" alt=\"\" width=\"640\" height=\"464\" border=\"0\" \/><\/a><\/div>\n<div class=\"separator\" style=\"clear: both; text-align: center;\"><\/div>\n<p><span style=\"background-color: #cccccc;\"><strong><span style=\"font-size: large;\">.- Configuraci\u00f3n Atmosf\u00e9rica<\/span><\/strong><\/span><\/p>\n<div style=\"text-align: left;\"><span style=\"color: blue;\"><span style=\"font-size: large;\"><span style=\"color: black;\">A nivel de superficie observamos como se refleja la situaci\u00f3n en altura.<\/span><\/span><\/span><span style=\"font-size: large;\">Lo m\u00e1s significativo es esa peque\u00f1a<strong> baja<\/strong> que se va a situar en la pen\u00ednsula a partir del viernes y que dejar\u00e1 ese importante cambio de tiempo con tormentas y descenso de las temperaturas<\/span><\/div>\n<div style=\"text-align: left;\"><\/div>\n<div class=\"separator\" style=\"clear: both; text-align: center;\"><a style=\"margin-left: 1em; margin-right: 1em;\" href=\"https:\/\/4.bp.blogspot.com\/-rswkSyA5BaY\/V1gp6dLbqGI\/AAAAAAAAzgc\/LXKRbMaZLbwkxwF5-nbuoFJU9n1zLV2jACLcB\/s1600\/23.jpg\"><img loading=\"lazy\" src=\"https:\/\/4.bp.blogspot.com\/-rswkSyA5BaY\/V1gp6dLbqGI\/AAAAAAAAzgc\/LXKRbMaZLbwkxwF5-nbuoFJU9n1zLV2jACLcB\/s640\/23.jpg\" alt=\"\" width=\"640\" height=\"526\" border=\"0\" \/><\/a><\/div>\n<p><span style=\"font-size: large;\">..aunque ser\u00e1 transitorio porque el <strong>anticicl\u00f3n de las Azores<\/strong> penetrar\u00e1 en la pen\u00ednsula a partir del s\u00e1bado regresando la estabilidad aunque con <strong>viento predominantes del Nw<\/strong>, m\u00e1s frescos<\/span><\/p>\n<div class=\"separator\" style=\"clear: both; text-align: center;\"><a style=\"margin-left: 1em; margin-right: 1em;\" href=\"https:\/\/1.bp.blogspot.com\/-huxaDkSKPfo\/V1gp5_pGp6I\/AAAAAAAAzgY\/zv2rBhY64toqzumJgMe91ocb0tlxacQYgCLcB\/s1600\/38.jpg\"><img loading=\"lazy\" src=\"https:\/\/1.bp.blogspot.com\/-huxaDkSKPfo\/V1gp5_pGp6I\/AAAAAAAAzgY\/zv2rBhY64toqzumJgMe91ocb0tlxacQYgCLcB\/s640\/38.jpg\" alt=\"\" width=\"640\" height=\"526\" border=\"0\" \/><\/a><\/div>\n<div class=\"separator\" style=\"clear: both; text-align: center;\"><\/div>\n<div style=\"text-align: left;\">\n<p><span style=\"background-color: #cccccc;\"><strong><span style=\"font-size: large;\">.- Mapa Significativo <\/span><\/strong><\/span><\/p>\n<\/div>\n<div style=\"text-align: left;\"><span style=\"color: blue;\"><span style=\"font-size: large;\"><span style=\"color: black;\">Posibilidad de <strong>brumas matinales.<\/strong><\/span><\/span><\/span><\/div>\n<div style=\"text-align: left;\"><span style=\"color: blue;\"><span style=\"font-size: large;\"><span style=\"color: black;\">En los<strong> cielos<\/strong> gran variabilidad. <strong>Nubes medias-alta<\/strong>s el jueves. Viernes de <strong>cumulonimbos<\/strong>. S\u00e1bado de <strong>estratoc\u00famulos<\/strong>, <strong>nubes medias-bajas<\/strong>, mejorando hasta quedar <strong>poco nuboso<\/strong> el domingo<\/span><\/span><\/span><\/div>\n<div style=\"text-align: left;\"><span style=\"color: blue;\"><span style=\"font-size: large;\"><span style=\"color: black;\">Se pueden producir <strong>precipitaciones<\/strong> durante el viernes en forma de <strong>tormenta<\/strong> asociadas al aire fr\u00edo en altura y residuales el S\u00e1bado m\u00e1s probables en \u00e1reas de monta\u00f1a<\/span><\/span><\/span><\/div>\n<div style=\"text-align: left;\"><span style=\"color: blue;\"><span style=\"font-size: large;\"><span style=\"color: black;\">Los <strong>vientos<\/strong>\u00a0 dominantes ser\u00e1n del <strong>W-Nw<\/strong><\/span><\/span><\/span><\/div>\n<div style=\"text-align: left;\"><span style=\"color: blue;\"><span style=\"font-size: large;\"><span style=\"color: black;\"><strong>Temperaturas altas <\/strong>al principio, con <strong>descenso<\/strong> importante el viernes, que se mantendr\u00e1 el resto de los d\u00edas pudendo despuntar el domingo<\/span><\/span><\/span><\/div>\n<p><span style=\"font-size: large;\">As\u00ed que comienzo tranquilo<\/span><\/p>\n<div class=\"separator\" style=\"clear: both; text-align: center;\"><a style=\"margin-left: 1em; margin-right: 1em;\" href=\"https:\/\/3.bp.blogspot.com\/-pC8YeUXBogw\/V1gqobvRT0I\/AAAAAAAAzgo\/sj2vMWZenkM8aavuCnMSkF0XSK5_m-mDQCLcB\/s1600\/VALLE%2BDEL%2BEBRO%2BBASE0512.jpg\"><img loading=\"lazy\" src=\"https:\/\/3.bp.blogspot.com\/-pC8YeUXBogw\/V1gqobvRT0I\/AAAAAAAAzgo\/sj2vMWZenkM8aavuCnMSkF0XSK5_m-mDQCLcB\/s640\/VALLE%2BDEL%2BEBRO%2BBASE0512.jpg\" alt=\"\" width=\"640\" height=\"374\" border=\"0\" \/><\/a><\/div>\n<p><span style=\"font-size: large;\">Viernes revuelto<\/span><\/p>\n<div class=\"separator\" style=\"clear: both; text-align: center;\"><a style=\"margin-left: 1em; margin-right: 1em;\" href=\"https:\/\/2.bp.blogspot.com\/-i5doQPP76XI\/V1gqzB_BfJI\/AAAAAAAAzg0\/0ankyBhp27QqeaPiqC197wHGKll5q9HfgCLcB\/s1600\/VALLE%2BDEL%2BEBRO%2BBASE%2B2109.jpg\"><img loading=\"lazy\" src=\"https:\/\/2.bp.blogspot.com\/-i5doQPP76XI\/V1gqzB_BfJI\/AAAAAAAAzg0\/0ankyBhp27QqeaPiqC197wHGKll5q9HfgCLcB\/s640\/VALLE%2BDEL%2BEBRO%2BBASE%2B2109.jpg\" alt=\"\" width=\"640\" height=\"374\" border=\"0\" \/><\/a><\/div>\n<p><span style=\"font-size: large;\">S\u00e1bado de transici\u00f3n con algo de cierzo, mejorando m\u00e1s a lo largo del domingo.<\/span><\/p>\n<div class=\"separator\" style=\"clear: both; text-align: center;\"><a style=\"margin-left: 1em; margin-right: 1em;\" href=\"https:\/\/4.bp.blogspot.com\/-qYBGrNlV93k\/V1gsE5gFpdI\/AAAAAAAAzhI\/ez-YYfsKDx8HpPBkQGXWIVN_70ML0kGawCLcB\/s1600\/VALLE%2BDEL%2BEBRO%2BBASE0404.jpg\"><img loading=\"lazy\" src=\"https:\/\/4.bp.blogspot.com\/-qYBGrNlV93k\/V1gsE5gFpdI\/AAAAAAAAzhI\/ez-YYfsKDx8HpPBkQGXWIVN_70ML0kGawCLcB\/s640\/VALLE%2BDEL%2BEBRO%2BBASE0404.jpg\" alt=\"\" width=\"640\" height=\"374\" border=\"0\" \/><\/a><\/div>\n<p>&nbsp;<\/p>\n<div class=\"separator\" style=\"clear: both; text-align: center;\"><\/div>\n<p>&nbsp;<\/p>\n<div style=\"text-align: left;\">\n<p><span style=\"color: blue;\"><span style=\"font-size: large;\"><span style=\"color: black;\">Vamos a verlo con detalle&#8230;<\/span><\/span><\/span><\/p>\n<p>&nbsp;<\/p>\n<p>&nbsp;<\/p>\n<div style=\"text-align: left;\">\n<div style=\"text-align: left;\"><span style=\"color: blue;\"><span style=\"font-size: large;\"><span style=\"color: black;\"><span style=\"color: red;\"><strong>JUEVES 09 DE JUNIO. DIA DE LA RIOJA : DIA VERANIEGO Y BOCHORNOSO.\u00a0 CIELOS CON ALGUNAS NUBES MEDIAS-ALTAS Y DE EVOLUCION POR LA TARDE.\u00a0 VIENTOS DEL W-NW FLOJOS Y TEMPERATURAS SIMILARES.<\/strong><\/span><\/span> <\/span><\/span><\/div>\n<div style=\"text-align: center;\">\n<div class=\"separator\" style=\"clear: both; text-align: center;\"><a style=\"margin-left: 1em; margin-right: 1em;\" href=\"https:\/\/1.bp.blogspot.com\/-pnFJujuTBNE\/V1i6LwM78aI\/AAAAAAAAzkQ\/mdoCdm75MrUfsQQqx3ijRAzY1PQOI5JQACLcB\/s1600\/1.png\"><img loading=\"lazy\" src=\"https:\/\/1.bp.blogspot.com\/-pnFJujuTBNE\/V1i6LwM78aI\/AAAAAAAAzkQ\/mdoCdm75MrUfsQQqx3ijRAzY1PQOI5JQACLcB\/s640\/1.png\" alt=\"\" width=\"640\" height=\"72\" border=\"0\" \/><\/a><\/div>\n<div class=\"separator\" style=\"clear: both; text-align: center;\"><\/div>\n<\/div>\n<div style=\"text-align: left;\"><span style=\"color: blue;\"><span style=\"font-size: large;\"><span style=\"color: black;\">Seguiremos bajo la influencia de las altas presiones<\/span><br \/>\n<\/span><\/span><\/div>\n<div style=\"text-align: left;\"><span style=\"color: blue;\"><span style=\"font-size: large;\">\u00a0<\/span><\/span><span style=\"background-color: #cccccc;\"><strong><span style=\"font-size: large;\">.- Estado del cielo <\/span><\/strong><\/span><\/div>\n<div style=\"text-align: left;\"><span style=\"font-size: large;\"><span style=\"color: blue;\"><span style=\"color: black;\">Posibilidad de algunas <strong>brumas\u00a0 matinales.<\/strong><\/span><\/span><\/span><\/div>\n<div style=\"text-align: left;\"><span style=\"font-size: large;\"><span style=\"color: blue;\"><span style=\"color: black;\">Cielos<strong> poco nubosos <\/strong>al principio, con tendencia a irse velando con <strong>nubes medias-altas<\/strong>. Por la tarde se pueden desarrollar <strong>nubes de evolucion<\/strong> el a Ib\u00e9rica<\/span><\/span><\/span><\/div>\n<div style=\"text-align: left;\"><span style=\"font-size: large;\"><span style=\"color: blue;\"><span style=\"color: black;\"><span style=\"color: blue;\"><span style=\"font-size: large;\">\u00a0<\/span><\/span><span style=\"background-color: #cccccc;\"><strong><span style=\"font-size: large;\">.- Precipitaciones<\/span><\/strong><\/span><\/span> <\/span><\/span><\/div>\n<div style=\"text-align: left;\"><span style=\"font-size: large;\">No se esperan.<\/span><\/div>\n<\/div>\n<div style=\"text-align: left;\"><span style=\"font-size: large;\"><span style=\"color: blue;\"><span style=\"color: black;\"><span style=\"background-color: #cccccc;\"><strong><span style=\"font-size: large;\">.-Vientos<\/span><\/strong><\/span><\/span><\/span><\/span><\/div>\n<div style=\"text-align: left;\"><span style=\"font-size: large;\"><span style=\"color: blue;\"><span style=\"color: black;\">Vientos\u00a0 del<strong> W-Nw. <\/strong>flojitos<\/span><\/span><\/span><br \/>\n<span style=\"font-size: large;\"><span style=\"color: blue;\"><span style=\"color: black;\"><span style=\"font-size: large;\"><span style=\"color: blue;\"><span style=\"color: black;\"><span style=\"background-color: #cccccc;\"><strong><span style=\"font-size: large;\">.-Temperaturas<\/span><\/strong><\/span><\/span><\/span><\/span><\/span><\/span><\/span><\/div>\n<div style=\"text-align: left;\"><span style=\"font-size: large;\"><span style=\"color: blue;\"><span style=\"color: black;\">Temperaturas<strong>\u00a0\u00a0similares<\/strong><\/span><\/span><\/span><\/div>\n<p><span style=\"font-size: large;\"><strong>Valle:<\/strong> M\u00ednimas:<\/span><span style=\"font-size: large;\"><span style=\"color: blue;\"> <strong>14-16\u00baC<\/strong><\/span> y<strong> <\/strong>M\u00e1ximas entre<strong> <span style=\"color: red;\">28-32<\/span><span style=\"color: red;\">\u00baC<\/span>.<\/strong> <\/span><\/p>\n<p><span style=\"font-size: large;\"><strong>Monta\u00f1a:\u00a0<\/strong> M\u00ednimas:<span style=\"color: blue;\"> <strong>10-12\u00baC<\/strong><\/span>\u00a0 y M\u00e1ximas entre<strong><span style=\"color: red;\"> 18-22\u00baC<\/span><\/strong><\/span><\/p>\n<p><span style=\"font-size: large;\">La variaci\u00f3n de la m\u00e1xima seg\u00fan\u00a0 AEMET ser\u00e1&#8230;.<\/span><\/p>\n<div class=\"separator\" style=\"clear: both; text-align: center;\"><a style=\"margin-left: 1em; margin-right: 1em;\" href=\"https:\/\/3.bp.blogspot.com\/-3l5Y2Qd6LXo\/V1iknOdkqQI\/AAAAAAAAziA\/HwSc16uzoPcNd4l9KYm5teCzwkYZlBKGgCLcB\/s1600\/0906.png\"><img loading=\"lazy\" src=\"https:\/\/3.bp.blogspot.com\/-3l5Y2Qd6LXo\/V1iknOdkqQI\/AAAAAAAAziA\/HwSc16uzoPcNd4l9KYm5teCzwkYZlBKGgCLcB\/s400\/0906.png\" alt=\"\" width=\"400\" height=\"316\" border=\"0\" \/><\/a><\/div>\n<p><span style=\"font-size: large;\"><span style=\"font-size: large;\"><span style=\"color: blue;\"><span style=\"color: black;\"><span style=\"font-size: large;\"><span style=\"color: blue;\"><span style=\"color: black;\"><span style=\"background-color: #cccccc;\"><strong><span style=\"font-size: large;\">.-Avisos<\/span><\/strong><\/span><\/span><\/span><\/span><\/span><\/span><\/span> <\/span><\/p>\n<p><span style=\"font-size: large;\"><span style=\"color: blue;\"><span style=\"color: black;\">Sin avisos.<\/span><\/span><\/span><\/p>\n<p>&nbsp;<\/p>\n<p>&nbsp;<\/p>\n<\/div>\n<p><span style=\"color: blue;\"><span style=\"font-size: large;\"><span style=\"color: black;\"><span style=\"color: red;\"><strong>VIERNES 10 DE JUNIO:\u00a0 CAMBIO RADICAL. CIELOS CADA VEZ MAS NUBOSOS CON NUBES DE EVOLUCION EN LA IBERICA. CHUBASCOS Y TORMENTAS DE DISTRIBUCION IRREGULAR. VIENTOS ROLANDO AL NW Y TEMPERATURAS EN ACUSADO DESCENSO<\/strong><\/span><\/span> <\/span><\/span><\/p>\n<div style=\"text-align: left;\">\n<div class=\"separator\" style=\"clear: both; text-align: center;\"><a style=\"margin-left: 1em; margin-right: 1em;\" href=\"https:\/\/3.bp.blogspot.com\/-e8ZJjdpjGsY\/V1i6VJHjKbI\/AAAAAAAAzkY\/TKC0VlWeDVUaGm7sxX3ugqz3QKK0NllsgCLcB\/s1600\/2.png\"><img loading=\"lazy\" src=\"https:\/\/3.bp.blogspot.com\/-e8ZJjdpjGsY\/V1i6VJHjKbI\/AAAAAAAAzkY\/TKC0VlWeDVUaGm7sxX3ugqz3QKK0NllsgCLcB\/s640\/2.png\" alt=\"\" width=\"640\" height=\"72\" border=\"0\" \/><\/a><\/div>\n<p><span style=\"color: blue;\"><span style=\"font-size: large;\"><span style=\"color: black;\">Nos atraviesa una l\u00ednea de inestabilidad que deja tiempo algo revuelto y tormentoso.<\/span><br \/>\n<\/span><\/span><\/p>\n<\/div>\n<div style=\"text-align: left;\"><span style=\"color: blue;\"><span style=\"font-size: large;\">\u00a0<\/span><\/span><span style=\"background-color: #cccccc;\"><strong><span style=\"font-size: large;\">.- Estado del cielo <\/span><\/strong><\/span><\/div>\n<div style=\"text-align: left;\"><span style=\"font-size: large;\"><span style=\"color: blue;\"><span style=\"color: black;\">Posibilidad de algunas <strong>brumas\u00a0 matinales<\/strong> .<\/span><\/span><\/span><\/div>\n<div style=\"text-align: left;\"><span style=\"font-size: large;\">Cielos <strong>poco nubosos<\/strong> al amanecer, ir\u00e1n quedando m\u00e1s cubiertos y enmara\u00f1ados de<strong> nubes medias-altas<\/strong> .Por la tarde se ir\u00e1n desarrollando <strong>nubes de evoluci\u00f3n <\/strong>sobre todo en \u00e1reas de monta\u00f1a<\/span><span style=\"font-size: large;\">\u00a0<\/span><span style=\"font-size: large;\"><span style=\"color: blue;\"><span style=\"color: black;\"><span style=\"background-color: #cccccc;\"><strong><span style=\"font-size: large;\">Precipitaciones<\/span><\/strong><\/span><\/span> <\/span><\/span><\/div>\n<div style=\"text-align: left;\"><span style=\"font-size: large;\"><span style=\"color: blue;\"><span style=\"color: black;\">Se pueden producir <strong>precipitaciones<\/strong>,m\u00e1s probables por la tarde y en \u00e1reas de monta\u00f1a que ser\u00e1n en forma de <strong>tormentas<\/strong>, localmente intensas.Puntualmente tambi\u00e9n afectar\u00e1 al valle<\/span><\/span><\/span><br \/>\n<span style=\"font-size: large;\"><span style=\"color: blue;\"><span style=\"color: black;\">Precipitaci\u00f3n media seg\u00fan AEMET.<\/span><\/span><\/span><\/p>\n<div class=\"separator\" style=\"clear: both; text-align: center;\"><a style=\"margin-left: 1em; margin-right: 1em;\" href=\"https:\/\/2.bp.blogspot.com\/-7IuGPgWDP3Y\/V1inoNCd8VI\/AAAAAAAAziM\/aSQEuQ8CH4k3HmCcu5lyemNMhSMVEZiTACLcB\/s1600\/PREVI1006.png\"><img loading=\"lazy\" src=\"https:\/\/2.bp.blogspot.com\/-7IuGPgWDP3Y\/V1inoNCd8VI\/AAAAAAAAziM\/aSQEuQ8CH4k3HmCcu5lyemNMhSMVEZiTACLcB\/s400\/PREVI1006.png\" alt=\"\" width=\"400\" height=\"316\" border=\"0\" \/><\/a><\/div>\n<div class=\"separator\" style=\"clear: both; text-align: center;\"><\/div>\n<\/div>\n<div style=\"text-align: left;\"><span style=\"font-size: large;\"><span style=\"color: blue;\"><span style=\"color: black;\"><span style=\"background-color: #cccccc;\"><strong><span style=\"font-size: large;\">.-Vientos<\/span><\/strong><\/span><\/span><\/span><\/span><\/div>\n<div style=\"text-align: left;\"><span style=\"font-size: large;\"><span style=\"color: blue;\"><span style=\"color: black;\">Vientos <strong>rolando al W-Nw, <\/strong>soplando con rachas fuertes en \u00e1reas de tormenta<\/span><\/span><\/span><\/div>\n<div style=\"text-align: left;\"><span style=\"font-size: large;\"><span style=\"color: blue;\"><span style=\"color: black;\"><span style=\"font-size: large;\"><span style=\"color: blue;\"><span style=\"color: black;\"><span style=\"background-color: #cccccc;\"><strong><span style=\"font-size: large;\">.-Temperaturas<\/span><\/strong><\/span><\/span><\/span><\/span> <\/span><\/span><\/span><\/div>\n<div style=\"text-align: left;\"><span style=\"font-size: large;\"><span style=\"color: blue;\"><span style=\"color: black;\">Temperaturas<strong> en acusado descenso<\/strong><\/span><\/span><\/span><\/div>\n<p><span style=\"font-size: large;\"><strong>Valle:<\/strong> M\u00ednimas:<\/span><span style=\"font-size: large;\"><span style=\"color: blue;\"> <strong>10-12\u00baC<\/strong><\/span> y<strong> <\/strong>M\u00e1ximas entre<strong> <span style=\"color: red;\">22-24<\/span><span style=\"color: red;\">\u00baC<\/span>.<\/strong> <\/span><\/p>\n<p><span style=\"font-size: large;\"><strong>Monta\u00f1a:\u00a0<\/strong> M\u00ednimas:<span style=\"color: blue;\"> <strong>6 y 8\u00baC<\/strong><\/span>\u00a0 y M\u00e1ximas entre<strong><span style=\"color: red;\"> 10-14\u00baC<\/span><\/strong><\/span><\/p>\n<p><span style=\"font-size: large;\">La variaci\u00f3n de la m\u00e1xima seg\u00fan\u00a0 AEMET ser\u00e1&#8230;.<\/span><\/p>\n<div class=\"separator\" style=\"clear: both; text-align: center;\"><a style=\"margin-left: 1em; margin-right: 1em;\" href=\"https:\/\/4.bp.blogspot.com\/-MZIhHTi2DAc\/V1ioI1V3gII\/AAAAAAAAziU\/37UHZHCQmrUYa2Q6E6KeyfUaemBINVBVACLcB\/s1600\/1006.png\"><img loading=\"lazy\" src=\"https:\/\/4.bp.blogspot.com\/-MZIhHTi2DAc\/V1ioI1V3gII\/AAAAAAAAziU\/37UHZHCQmrUYa2Q6E6KeyfUaemBINVBVACLcB\/s400\/1006.png\" alt=\"\" width=\"400\" height=\"316\" border=\"0\" \/><\/a><\/div>\n<div class=\"separator\" style=\"clear: both; text-align: center;\"><\/div>\n<p><span style=\"font-size: large;\"><span style=\"font-size: large;\"><span style=\"color: blue;\"><span style=\"color: black;\"><span style=\"font-size: large;\"><span style=\"color: blue;\"><span style=\"color: black;\"><span style=\"background-color: #cccccc;\"><strong><span style=\"font-size: large;\">.-Avisos<\/span><\/strong><\/span><\/span><\/span><\/span><\/span><\/span><\/span> <\/span><\/p>\n<div style=\"text-align: left;\"><span style=\"font-size: large;\"><span style=\"color: blue;\"><span style=\"color: black;\">Sin avisos.\u00a0<\/span><\/span><\/span><\/div>\n<div style=\"text-align: left;\"><\/div>\n<div style=\"text-align: left;\"><\/div>\n<div style=\"text-align: left;\">\n<p><span style=\"color: blue;\"><span style=\"font-size: large;\"><span style=\"color: black;\"><span style=\"color: red;\"><strong>SABADO 11 DE JUNIO. SAN BERNABE : TIPICA SITUACION DE VIENTOS DEL NW, CON NUBOSIDAD RETENIDA AL PRINCIPIO Y ALGUNA PRECIPITACION DEBIL EN MONTA\u00d1A. TEMPERATURAS MAS BAJAS. TENDENCIA A MEJORAR<\/strong><\/span><\/span> <\/span><\/span><\/p>\n<\/div>\n<div style=\"text-align: center;\">\n<div class=\"separator\" style=\"clear: both; text-align: center;\"><a style=\"margin-left: 1em; margin-right: 1em;\" href=\"https:\/\/1.bp.blogspot.com\/-gRSV7tFG8No\/V1i6e3pFzrI\/AAAAAAAAzkg\/iE8dIVxm7HkO473ixWzUeiczRnyvz9U4QCLcB\/s1600\/3.png\"><img loading=\"lazy\" src=\"https:\/\/1.bp.blogspot.com\/-gRSV7tFG8No\/V1i6e3pFzrI\/AAAAAAAAzkg\/iE8dIVxm7HkO473ixWzUeiczRnyvz9U4QCLcB\/s640\/3.png\" alt=\"\" width=\"640\" height=\"82\" border=\"0\" \/><\/a><\/div>\n<div class=\"separator\" style=\"clear: both; text-align: center;\"><\/div>\n<\/div>\n<div style=\"text-align: left;\"><span style=\"color: blue;\"><span style=\"font-size: large;\"><span style=\"color: black;\">Poco a poco va entrando la dorsal anticicl\u00f3nica que deja estabilidad, aunque con vientos del Nw.<\/span><br \/>\n<\/span><\/span><\/div>\n<div style=\"text-align: left;\"><span style=\"color: blue;\"><span style=\"font-size: large;\">\u00a0<\/span><\/span><span style=\"background-color: #cccccc;\"><strong><span style=\"font-size: large;\">.- Estado del cielo <\/span><\/strong><\/span><\/div>\n<div style=\"text-align: left;\"><span style=\"font-size: large;\"><span style=\"color: blue;\"><span style=\"color: black;\">Posibilidad de algunas <strong>brumas o neblinas matinales<\/strong> .<\/span><\/span><\/span><\/div>\n<p><span style=\"font-size: large;\"><span style=\"color: blue;\"><span style=\"color: black;\"><strong>Nubes retenidas<\/strong> (estratoc\u00famulos) a primeras horas, sobre todo en monta\u00f1a y Rioja Alta, en el resto <strong>intervalos de nubes y claros<\/strong> con tendencia a quedar cielos <strong>poco nubosos<\/strong><\/span><\/span><\/span><\/p>\n<div style=\"text-align: left;\"><span style=\"font-size: large;\"><span style=\"color: blue;\"><span style=\"color: black;\"><span style=\"color: blue;\"><span style=\"font-size: large;\">\u00a0<\/span><\/span><span style=\"background-color: #cccccc;\"><strong><span style=\"font-size: large;\">.- Precipitaciones<\/span><\/strong><\/span><\/span> <\/span><\/span><\/div>\n<p><span style=\"font-size: large;\"><span style=\"color: blue;\"><span style=\"color: black;\">Aunque no se esperan <strong>precipitaciones<\/strong>, no se puede descartar alguna muy d\u00e9bil asociada a las nubes retenidas <\/span><\/span><\/span><\/p>\n<p><span style=\"font-size: large;\"><span style=\"color: blue;\"><span style=\"color: black;\">Precipitaci\u00f3n media seg\u00fan AEMET.<\/span><\/span><\/span><\/p>\n<div class=\"separator\" style=\"clear: both; text-align: center;\"><a style=\"margin-left: 1em; margin-right: 1em;\" href=\"https:\/\/1.bp.blogspot.com\/-jUxXCnbkagw\/V1ipmdROuKI\/AAAAAAAAzik\/zIs3Iqal2jUe7NsUNaJ0twz7doMeJpweQCLcB\/s1600\/PRECI1106.png\"><img loading=\"lazy\" src=\"https:\/\/1.bp.blogspot.com\/-jUxXCnbkagw\/V1ipmdROuKI\/AAAAAAAAzik\/zIs3Iqal2jUe7NsUNaJ0twz7doMeJpweQCLcB\/s400\/PRECI1106.png\" alt=\"\" width=\"400\" height=\"316\" border=\"0\" \/><\/a><\/div>\n<div style=\"text-align: left;\"><span style=\"font-size: large;\"><span style=\"color: blue;\"><span style=\"color: black;\"><span style=\"background-color: #cccccc;\"><strong><span style=\"font-size: large;\">.-Vientos<\/span><\/strong><\/span><\/span><\/span><\/span><\/div>\n<div style=\"text-align: left;\"><span style=\"font-size: large;\"><span style=\"color: blue;\"><span style=\"color: black;\">Vientos del <strong>Nw<\/strong> con alguna racha moderada.<\/span><\/span><\/span><\/div>\n<div style=\"text-align: left;\"><span style=\"font-size: large;\"><span style=\"color: blue;\"><span style=\"color: black;\"><span style=\"font-size: large;\"><span style=\"color: blue;\"><span style=\"color: black;\"><span style=\"background-color: #cccccc;\"><strong><span style=\"font-size: large;\">.-Temperaturas<\/span><\/strong><\/span><\/span><\/span><\/span> <\/span><\/span><\/span><\/div>\n<div style=\"text-align: left;\"><span style=\"font-size: large;\"><span style=\"color: blue;\"><span style=\"color: black;\">Temperaturas\u00a0<\/span><\/span><\/span><span style=\"font-size: large;\"><span style=\"color: blue;\"><span style=\"color: black;\"><strong> similares o un poco m\u00e1s bajas<\/strong><\/span><\/span><\/span><\/div>\n<p><span style=\"font-size: large;\"><strong>Valle:<\/strong> M\u00ednimas:<\/span><span style=\"font-size: large;\"><span style=\"color: blue;\"> <strong>10-12\u00baC<\/strong><\/span> y<strong> <\/strong>M\u00e1ximas entre<strong> <span style=\"color: red;\">20-22\u00baC<\/span>.<\/strong> <\/span><\/p>\n<p><span style=\"font-size: large;\"><strong>Monta\u00f1a:\u00a0<\/strong> M\u00ednimas:<span style=\"color: blue;\"> <strong>6-8\u00baC<\/strong><\/span>\u00a0 y M\u00e1ximas entre<strong><span style=\"color: red;\"> 10-14\u00baC<\/span><\/strong><\/span><\/p>\n<p><span style=\"font-size: large;\">La variaci\u00f3n de la m\u00e1xima seg\u00fan\u00a0 AEMET ser\u00e1&#8230;.<\/span><\/p>\n<div class=\"separator\" style=\"clear: both; text-align: center;\"><a style=\"margin-left: 1em; margin-right: 1em;\" href=\"https:\/\/3.bp.blogspot.com\/-zMddbmADEC4\/V1iq0dKTUgI\/AAAAAAAAziw\/KqahUeM9Hj0IMT5_IJpAR25RhRLEKAd8wCLcB\/s1600\/1106.png\"><img loading=\"lazy\" src=\"https:\/\/3.bp.blogspot.com\/-zMddbmADEC4\/V1iq0dKTUgI\/AAAAAAAAziw\/KqahUeM9Hj0IMT5_IJpAR25RhRLEKAd8wCLcB\/s400\/1106.png\" alt=\"\" width=\"400\" height=\"316\" border=\"0\" \/><\/a><\/div>\n<div class=\"separator\" style=\"clear: both; text-align: center;\"><\/div>\n<p><span style=\"font-size: large;\"><span style=\"font-size: large;\"><span style=\"color: blue;\"><span style=\"color: black;\"><span style=\"font-size: large;\"><span style=\"color: blue;\"><span style=\"color: black;\"><span style=\"background-color: #cccccc;\"><strong><span style=\"font-size: large;\">.-Avisos<\/span><\/strong><\/span><\/span><\/span><\/span><\/span><\/span><\/span> <\/span><\/p>\n<div style=\"text-align: left;\"><span style=\"font-size: large;\"><span style=\"color: blue;\"><span style=\"color: black;\">Sin avisos.<\/span><\/span><\/span><\/div>\n<div style=\"text-align: left;\"><\/div>\n<div style=\"text-align: left;\">\n<p>&nbsp;<\/p>\n<\/div>\n<div style=\"text-align: left;\">\n<div style=\"text-align: left;\"><span style=\"color: blue;\"><span style=\"font-size: large;\"><span style=\"color: black;\"><span style=\"color: red;\"><strong>DOMINGO 12 DE JUNIO:\u00a0 TIEMPO TRANQUILO. NUBES Y CLAROS, CON VIENTOS DEL NW Y TEMPERATURAS MAS ALTAS<\/strong><\/span><\/span> <\/span><\/span><\/div>\n<div style=\"text-align: center;\">\n<div class=\"separator\" style=\"clear: both; text-align: center;\"><a style=\"margin-left: 1em; margin-right: 1em;\" href=\"https:\/\/3.bp.blogspot.com\/-7twrgASWOkQ\/V1i6wp6UK6I\/AAAAAAAAzks\/21RDzuJ3frwesDiBsZMWYZQ1j0MyCipcACLcB\/s1600\/4.png\"><img loading=\"lazy\" src=\"https:\/\/3.bp.blogspot.com\/-7twrgASWOkQ\/V1i6wp6UK6I\/AAAAAAAAzks\/21RDzuJ3frwesDiBsZMWYZQ1j0MyCipcACLcB\/s640\/4.png\" alt=\"\" width=\"640\" height=\"74\" border=\"0\" \/><\/a><\/div>\n<div class=\"separator\" style=\"clear: both; text-align: center;\"><\/div>\n<\/div>\n<div style=\"text-align: left;\"><span style=\"color: blue;\"><span style=\"font-size: large;\"><span style=\"color: black;\">Se empieza a notar la influencia del anticicl\u00f3n<\/span><br \/>\n<\/span><\/span><\/div>\n<div style=\"text-align: left;\"><span style=\"color: blue;\"><span style=\"font-size: large;\">\u00a0<\/span><\/span><span style=\"background-color: #cccccc;\"><strong><span style=\"font-size: large;\">.- Estado del cielo <\/span><\/strong><\/span><\/div>\n<div style=\"text-align: left;\"><span style=\"font-size: large;\"><span style=\"color: blue;\"><span style=\"color: black;\">Posibilidad de algunas <strong>brumas\u00a0 matinales<\/strong> .<\/span><\/span><\/span><\/div>\n<p><span style=\"font-size: large;\"><span style=\"color: blue;\"><span style=\"color: black;\">Los cielos <strong>poco nubosos <\/strong>con algunas <strong>nubes medias-altas.<\/strong><\/span><\/span><\/span><\/p>\n<div style=\"text-align: left;\"><span style=\"font-size: large;\"><span style=\"color: blue;\"><span style=\"color: black;\"><span style=\"color: blue;\"><span style=\"font-size: large;\">\u00a0<\/span><\/span><span style=\"background-color: #cccccc;\"><strong><span style=\"font-size: large;\">.- Precipitaciones<\/span><\/strong><\/span><\/span> <\/span><\/span><\/div>\n<p><span style=\"font-size: large;\">No se esperan<\/span><\/p>\n<div style=\"text-align: left;\">\n<div style=\"text-align: left;\"><span style=\"font-size: large;\"><span style=\"color: blue;\"><span style=\"color: black;\"><span style=\"background-color: #cccccc;\"><strong><span style=\"font-size: large;\">.-Vientos<\/span><\/strong><\/span><\/span><\/span><\/span><\/div>\n<div style=\"text-align: left;\"><span style=\"font-size: large;\"><span style=\"color: blue;\"><span style=\"color: black;\">Se mantienen los vientos del <strong>N-Nw<\/strong><\/span><\/span><\/span><\/div>\n<div style=\"text-align: left;\"><span style=\"font-size: large;\"><span style=\"color: blue;\"><span style=\"color: black;\"><span style=\"font-size: large;\"><span style=\"color: blue;\"><span style=\"color: black;\"><span style=\"background-color: #cccccc;\"><strong><span style=\"font-size: large;\">.-Temperaturas<\/span><\/strong><\/span><\/span><\/span><\/span> <\/span><\/span><\/span><\/div>\n<div style=\"text-align: left;\"><span style=\"font-size: large;\"><span style=\"color: blue;\"><span style=\"color: black;\">Temperaturas\u00a0<strong> m\u00e1s altas<\/strong><\/span><\/span><\/span><\/div>\n<p><span style=\"font-size: large;\"><strong>Valle:<\/strong> M\u00ednimas:<\/span><span style=\"font-size: large;\"><span style=\"color: blue;\"> <strong>10-12\u00baC<\/strong><\/span> y<strong> <\/strong>M\u00e1ximas entre<strong><span style=\"color: red;\"> 22-24<\/span><span style=\"color: red;\">\u00baC<\/span>.<\/strong> <\/span><\/p>\n<p><span style=\"font-size: large;\"><strong>Monta\u00f1a:\u00a0<\/strong> M\u00ednimas:<span style=\"color: blue;\"> <strong>6-8\u00baC<\/strong><\/span>\u00a0 y M\u00e1ximas entre<strong><span style=\"color: red;\"> 14-18\u00baC<\/span><\/strong><\/span><\/p>\n<p><span style=\"font-size: large;\"><span style=\"font-size: large;\"><span style=\"color: blue;\"><span style=\"color: black;\"><span style=\"font-size: large;\"><span style=\"color: blue;\"><span style=\"color: black;\"><span style=\"background-color: #cccccc;\"><strong><span style=\"font-size: large;\">.-Avisos<\/span><\/strong><\/span><\/span><\/span><\/span><\/span><\/span><\/span> <\/span><\/p>\n<div style=\"text-align: left;\"><\/div>\n<div style=\"text-align: left;\"><span style=\"font-size: large;\"><span style=\"color: blue;\"><span style=\"color: black;\">Sin avisos.<\/span><\/span><\/span><\/div>\n<\/div>\n<\/div>\n<p>&nbsp;<\/p>\n<div style=\"text-align: left;\">\n<p><span style=\"font-size: large;\"><span style=\"color: black;\">As\u00ed <\/span>que ya v\u00e9is, nos esperan unos d\u00edas de fiestas con <strong>tiempo bastante variable<\/strong><\/span><\/p>\n<p><span style=\"font-size: large;\">Os recuerdo que pod\u00e9is seguir a Meteosojuela en:<\/span><\/p>\n<div style=\"text-align: left;\"><span style=\"font-size: large;\"><a href=\"https:\/\/www.facebook.com\/Meteosojuela\">FACEBOOK <\/a><\/span><\/div>\n<div style=\"text-align: left;\"><a href=\"https:\/\/twitter.com\/meteosojuela\"><span style=\"font-size: large;\">TWITER<\/span><\/a><\/div>\n<div style=\"text-align: left;\"><a href=\"https:\/\/instagram.com\/meteosojuela\/\"><span style=\"font-size: large;\">INSTAGRAM<\/span><\/a><\/div>\n<p><span style=\"font-size: large;\">Todos los d\u00edas pod\u00e9is tener el tiempo de cada jornada en vuestromuro haciendoos seguidores de Meteosojuela en <\/span><span style=\"font-size: large;\"><a href=\"https:\/\/www.facebook.com\/Meteosojuela\">FACEBOOK\u00a0<\/a><\/span><\/p>\n<p><span style=\"font-size: large;\">Os dejo aqu\u00ed las previsiones en monta\u00f1a teniendo como base la cota m\u00e1s baja (1500m) de la estaci\u00f3n de Valdezcaray&#8230;<\/span><\/p>\n<div class=\"separator\" style=\"clear: both; text-align: center;\"><a style=\"margin-left: 1em; margin-right: 1em;\" href=\"https:\/\/3.bp.blogspot.com\/-WsOXhez8E7Q\/V1itYgxuXlI\/AAAAAAAAzi8\/JkdCeEdjFHQUi542YRYk6fooLFrKtgZDwCLcB\/s1600\/valdezcaray.png\"><img loading=\"lazy\" src=\"https:\/\/3.bp.blogspot.com\/-WsOXhez8E7Q\/V1itYgxuXlI\/AAAAAAAAzi8\/JkdCeEdjFHQUi542YRYk6fooLFrKtgZDwCLcB\/s640\/valdezcaray.png\" alt=\"\" width=\"640\" height=\"530\" border=\"0\" \/><\/a><\/div>\n<div class=\"separator\" style=\"clear: both; text-align: center;\"><\/div>\n<p><span style=\"font-size: large;\">Tiempo variable para estos dias&#8230;<\/span><\/p>\n<p><span style=\"font-size: large;\">Hoy os dejo una de las fotos que m\u00e1s exito ha tenido en las televisiones. TVE1, A3 y Cuatro se han hecho eco de ella..<\/span><\/p>\n<div class=\"separator\" style=\"clear: both; text-align: center;\"><a style=\"margin-left: 1em; margin-right: 1em;\" href=\"https:\/\/2.bp.blogspot.com\/-LrqLhSWkntk\/V1it-bhkOTI\/AAAAAAAAzjI\/mTTIzvwAeWYrXEgQ1_fbYyhINE5kvBWZwCLcB\/s1600\/IMG_37411300.jpg\"><img loading=\"lazy\" src=\"https:\/\/2.bp.blogspot.com\/-LrqLhSWkntk\/V1it-bhkOTI\/AAAAAAAAzjI\/mTTIzvwAeWYrXEgQ1_fbYyhINE5kvBWZwCLcB\/s640\/IMG_37411300.jpg\" alt=\"\" width=\"640\" height=\"426\" border=\"0\" \/><\/a><\/div>\n<p><span style=\"font-size: large;\">TVE1<\/span><\/p>\n<div class=\"separator\" style=\"clear: both; text-align: center;\"><a style=\"margin-left: 1em; margin-right: 1em;\" href=\"https:\/\/2.bp.blogspot.com\/-ERoH7Lx36ik\/V1iuG76DsII\/AAAAAAAAzjQ\/pX8uBTmr6VEAqhKG2oBOGe2y3Co5gQuZACLcB\/s1600\/tve10606.JPG\"><img loading=\"lazy\" src=\"https:\/\/2.bp.blogspot.com\/-ERoH7Lx36ik\/V1iuG76DsII\/AAAAAAAAzjQ\/pX8uBTmr6VEAqhKG2oBOGe2y3Co5gQuZACLcB\/s640\/tve10606.JPG\" alt=\"\" width=\"640\" height=\"358\" border=\"0\" \/><\/a><\/div>\n<p><span style=\"font-size: large;\">Cuatro<\/span><\/p>\n<div class=\"separator\" style=\"clear: both; text-align: center;\"><a style=\"margin-left: 1em; margin-right: 1em;\" href=\"https:\/\/2.bp.blogspot.com\/-rwyN6i48aPw\/V1iuHAquAYI\/AAAAAAAAzjY\/-bZxxNxU13Qga00D1N8tgYJHWeyO_W-kQCLcB\/s1600\/tve40606.jpg\"><img loading=\"lazy\" src=\"https:\/\/2.bp.blogspot.com\/-rwyN6i48aPw\/V1iuHAquAYI\/AAAAAAAAzjY\/-bZxxNxU13Qga00D1N8tgYJHWeyO_W-kQCLcB\/s640\/tve40606.jpg\" alt=\"\" width=\"640\" height=\"358\" border=\"0\" \/><\/a><\/div>\n<p><span style=\"font-size: large;\">A3 <\/span><\/p>\n<div class=\"separator\" style=\"clear: both; text-align: center;\"><a style=\"margin-left: 1em; margin-right: 1em;\" href=\"https:\/\/1.bp.blogspot.com\/-aI_p7w09uSY\/V1iuHFe_aJI\/AAAAAAAAzjU\/cVMiU-5dT_4KFn81SheszVZ4Dae3DsixwCLcB\/s1600\/tvea30606.jpg\"><img loading=\"lazy\" src=\"https:\/\/1.bp.blogspot.com\/-aI_p7w09uSY\/V1iuHFe_aJI\/AAAAAAAAzjU\/cVMiU-5dT_4KFn81SheszVZ4Dae3DsixwCLcB\/s640\/tvea30606.jpg\" alt=\"\" width=\"640\" height=\"358\" border=\"0\" \/><\/a><\/div>\n<div style=\"text-align: center;\"><\/div>\n<div style=\"text-align: center;\"><span style=\"font-size: large;\"><span style=\"font-size: large;\">\u00a0<\/span> <\/span><\/div>\n<p>&nbsp;<\/p>\n<div style=\"text-align: center;\"><span style=\"color: blue;\"><span style=\"font-size: large;\">VUESTRA GALERIA<\/span><\/span><\/div>\n<p><span style=\"font-size: large;\">Espacio dedicado a todas vuestras fotograf\u00edas&#8230;.<\/span><\/p>\n<p><span style=\"font-size: large;\">Pod\u00e9is enviarlas por correo electr\u00f3nico a jocalaz@gmail.com o al buzon de <\/span><span style=\"font-size: large;\"><a href=\"https:\/\/www.facebook.com\/Meteosojuela\">Meteosojuela en FACEBOOK <\/a><\/span><br \/>\n<span style=\"font-size: large;\">Muchas gracias a todos por participar en esta secci\u00f3n.<\/span><\/p>\n<\/div>\n<div style=\"text-align: left;\"><span style=\"font-size: large;\">\u00a1Este jueves renovaremos la galer\u00eda&#8230;&#8230;.!<\/span><\/div>\n<div style=\"text-align: left;\"><\/div>\n<div style=\"text-align: left;\"><\/div>\n<div style=\"text-align: left;\">\n<div style=\"text-align: left;\"><span style=\"font-size: large;\">Os recuerdo que pod\u00e9is seguir a Meteosojuela en:<\/span><\/div>\n<div style=\"text-align: left;\"><span style=\"font-size: large;\"><a href=\"https:\/\/www.facebook.com\/Meteosojuela\">FACEBOOK <\/a><\/span><\/div>\n<div style=\"text-align: left;\"><a href=\"https:\/\/twitter.com\/meteosojuela\"><span style=\"font-size: large;\">TWITER<\/span><\/a><\/div>\n<div style=\"text-align: left;\"><a href=\"https:\/\/instagram.com\/meteosojuela\/\"><span style=\"font-size: large;\">INSTAGRAM<\/span><\/a><\/div>\n<p><span style=\"font-size: large;\"><br \/>\n<\/span><br \/>\n<strong><span style=\"font-size: small;\">TENEIS TODAS LAS FOTOS ACTUALES Y MAS ANTIGUAS EN LA GALER\u00cdA DEL PERIODICO LARIOJA.<\/span><\/strong><\/p>\n<p><span style=\"font-size: large;\">SI QUEREIS ACCEDER A ELLA<a href=\"https:\/\/blogs.larioja.com\/eltiempo\/2016\/06\/06\/fotogaleria-del-lector-fotografias-del-tiempo-fin-de-semana-03-05-de-junio\/\" target=\"_blank\"><span style=\"color: red;\"><strong>PINCHAD AQUI<\/strong><\/span><\/a><\/span><\/p>\n<\/div>\n<p>&nbsp;<\/p>\n<\/div>\n","protected":false},"excerpt":{"rendered":"<p>ESPECIAL FIESTAS SAN BERNABE &nbsp; &nbsp; COMO A\u00a0 SIDO EL TIEMPO &#8230;QUE NOS ESPERA&#8230; Adelantamos un poco las previsiones debido a estos d\u00edas de fiesta que se avecinan.\u00a0Semana que comenz\u00f3 revuelta con algunos restos tormentosos que dejaban nubes espectaculares como estos C\u00famulos Congestus y Cumulonimbos&#8230;. &nbsp; &#8230;pero que apenas dejar\u00f3n precipitaci\u00f3nes. Poco a poco el [&hellip;]<\/p>\n","protected":false},"author":41,"featured_media":1111,"comment_status":"open","ping_status":"closed","sticky":false,"template":"","format":"standard","meta":[],"categories":[9,12],"tags":[208,257,530,613],"_links":{"self":[{"href":"https:\/\/blogs.larioja.com\/eltiempo\/wp-json\/wp\/v2\/posts\/1110"}],"collection":[{"href":"https:\/\/blogs.larioja.com\/eltiempo\/wp-json\/wp\/v2\/posts"}],"about":[{"href":"https:\/\/blogs.larioja.com\/eltiempo\/wp-json\/wp\/v2\/types\/post"}],"author":[{"embeddable":true,"href":"https:\/\/blogs.larioja.com\/eltiempo\/wp-json\/wp\/v2\/users\/41"}],"replies":[{"embeddable":true,"href":"https:\/\/blogs.larioja.com\/eltiempo\/wp-json\/wp\/v2\/comments?post=1110"}],"version-history":[{"count":0,"href":"https:\/\/blogs.larioja.com\/eltiempo\/wp-json\/wp\/v2\/posts\/1110\/revisions"}],"wp:featuredmedia":[{"embeddable":true,"href":"https:\/\/blogs.larioja.com\/eltiempo\/wp-json\/wp\/v2\/media\/1111"}],"wp:attachment":[{"href":"https:\/\/blogs.larioja.com\/eltiempo\/wp-json\/wp\/v2\/media?parent=1110"}],"wp:term":[{"taxonomy":"category","embeddable":true,"href":"https:\/\/blogs.larioja.com\/eltiempo\/wp-json\/wp\/v2\/categories?post=1110"},{"taxonomy":"post_tag","embeddable":true,"href":"https:\/\/blogs.larioja.com\/eltiempo\/wp-json\/wp\/v2\/tags?post=1110"}],"curies":[{"name":"wp","href":"https:\/\/api.w.org\/{rel}","templated":true}]}}