{"id":2107,"date":"2017-11-20T13:51:55","date_gmt":"2017-11-20T12:51:55","guid":{"rendered":"http:\/\/blogs.larioja.com\/eltiempo\/?p=2107"},"modified":"2017-11-20T13:52:37","modified_gmt":"2017-11-20T12:52:37","slug":"semana-calida-y-seca-atisbo-de-esperanza-el-fin-de-semana","status":"publish","type":"post","link":"https:\/\/blogs.larioja.com\/eltiempo\/2017\/11\/20\/semana-calida-y-seca-atisbo-de-esperanza-el-fin-de-semana\/","title":{"rendered":"Semana c\u00e1lida y seca. Atisbo de esperanza el fin de semana"},"content":{"rendered":"<div style=\"text-align: center;\">\n<p style=\"text-align: center;\"><span style=\"font-size: large; color: #0000ff;\"><span style=\"background-color: #ebfcfc;\"> ASI SERA LA SEMANA<\/span><\/span><\/p>\n<p style=\"text-align: left;\">No pod\u00edamos imaginar, tras las \u00faltimas precipitaciones, que volver\u00edamos a ese tan odiado vero\u00f1o, y es que los pron\u00f3sticos de la semana indican que ser\u00e1<strong> seca y c\u00e1lida,<\/strong> debido a que seguiremos bajo la influencia de las <strong>altas presione<\/strong>s, aunque un halo de esperanza tenemos hacia el final. Los cielos <strong>poco nubosos o despejados<\/strong>, con algunas <strong>nubes altas<\/strong> ser\u00e1 lo predominante los primeros d\u00edas con temperaturas<strong> m\u00ednimas fr\u00edas<\/strong> y <strong>heladas,<\/strong> y m\u00e1ximas muy<strong> agradables<\/strong>. A tener en cuenta tambi\u00e9n la<strong> inversi\u00f3n t\u00e9rmica<\/strong> en los valles asociada o no a la aparici\u00f3n de <strong>brumas\/nieblas matinales<\/strong> y la marcada<strong> amplitud t\u00e9rmica<\/strong>. A finales de semana parece que empezar\u00edan a afectarnos algunos<strong> frentes<\/strong> que dejar\u00edan <strong>m\u00e1s nubosidad<\/strong> y alguna <strong>precipitaci\u00f3n d\u00e9bi<\/strong>l, todav\u00eda esta por ver la entidad de ese cambio pero la esperanza es lo \u00faltimo que se pierde.<\/p>\n<p style=\"text-align: left;\"><img loading=\"lazy\" class=\"alignnone size-full wp-image-27363\" src=\"https:\/\/www.meteosojuela.es\/wp-content\/uploads\/2017\/11\/TENDENCIA-SEMANA2011.jpg\" alt=\"TENDENCIA SEMANA tiempo,larioja,josecalvo,meteo,meteosojuela\" width=\"960\" height=\"720\" \/><img loading=\"lazy\" class=\"alignnone size-full wp-image-27364\" src=\"https:\/\/www.meteosojuela.es\/wp-content\/uploads\/2017\/11\/TENDENCIA-SEMANA-2011.jpg\" alt=\"TENDENCIA SEMANA tiempo,larioja,josecalvo,meteo,meteosojuela\" width=\"960\" height=\"720\" \/><\/p>\n<p style=\"text-align: left;\">La configuraci\u00f3n atmosf\u00e9rica de d\u00edas pasados se mantiene buena parte de la semana as\u00ed que muy poco cambiar\u00e1n las cosas estos primeros d\u00edas donde lo m\u00e1s destacable ser\u00eda que no se espera ninguna precipitaci\u00f3n. Fijaos en este modelo de precipitaci\u00f3n acumulada hasta el s\u00e1bado&#8230;<img loading=\"lazy\" class=\"aligncenter wp-image-2108 size-full\" src=\"https:\/\/static-blogs.larioja.com\/wp-content\/uploads\/sites\/39\/2017\/11\/MP1911.jpg\" alt=\"josecalvo,meteosojuela,tiempo,larioja\" width=\"960\" height=\"720\" srcset=\"https:\/\/static-blogs.larioja.com\/wp-content\/uploads\/sites\/39\/2017\/11\/MP1911.jpg 960w, https:\/\/static-blogs.larioja.com\/wp-content\/uploads\/sites\/39\/2017\/11\/MP1911-650x488.jpg 650w, https:\/\/static-blogs.larioja.com\/wp-content\/uploads\/sites\/39\/2017\/11\/MP1911-768x576.jpg 768w\" sizes=\"(max-width: 960px) 100vw, 960px\" \/>&#8230;y es que a partir de ese d\u00eda pododr\u00edan cambiar las cosas con la llegada de algunos frentes, pero no os hag\u00e1is muchas ilusiones porque no parecen muy activos y adem\u00e1s llegan empujados por vientos del SW&#8230;&#8230;&#8230;.<\/p>\n<p style=\"text-align: left;\">\n<\/div>\n<div style=\"text-align: center;\"><a href=\"https:\/\/www.meteosojuela.es\/el-tiempo-de-la-semana-en-la-rioja-prevision-20112017-calida-y-seca\/\"><span style=\"color: #ff0000;\"><strong><span style=\"font-size: 24pt;\">LEER MAS<\/span><\/strong><\/span><\/a><\/div>\n<div style=\"text-align: center;\"><\/div>\n<p>Os recuerdo que pod\u00e9is seguir a Meteosojuela en<\/p>\n<p><a href=\"https:\/\/www.facebook.com\/Meteosojuela\"><strong><span style=\"color: #000080;\">FACEBOOK<\/span><\/strong><\/a><\/p>\n<p><a href=\"https:\/\/twitter.com\/meteosojuela\"><strong><span style=\"color: #000080;\">TWITER<\/span><\/strong><\/a><\/p>\n<p><a href=\"https:\/\/www.instagram.com\/meteosojuela.larioja\/\"><strong><span style=\"color: #000080;\">INSTAGRAM<\/span><\/strong><\/a><\/p>\n<p>Adem\u00e1s pod\u00e9is tener la informaci\u00f3n diaria del tiempo en vuestro muro de <a href=\"https:\/\/www.facebook.com\/Meteosojuela\"><span style=\"color: #000080;\"><strong>FACEBOOK<\/strong><\/span><\/a> o de <a href=\"https:\/\/twitter.com\/meteosojuela\"><span style=\"color: #000080;\"><strong>TWITER<\/strong><\/span><\/a><\/p>\n","protected":false},"excerpt":{"rendered":"<p>ASI SERA LA SEMANA No pod\u00edamos imaginar, tras las \u00faltimas precipitaciones, que volver\u00edamos a ese tan odiado vero\u00f1o, y es que los pron\u00f3sticos de la semana indican que ser\u00e1 seca y c\u00e1lida, debido a que seguiremos bajo la influencia de las altas presiones, aunque un halo de esperanza tenemos hacia el final. Los cielos poco [&hellip;]<\/p>\n","protected":false},"author":41,"featured_media":2109,"comment_status":"open","ping_status":"closed","sticky":false,"template":"","format":"standard","meta":[],"categories":[9],"tags":[105,662,236,661],"_links":{"self":[{"href":"https:\/\/blogs.larioja.com\/eltiempo\/wp-json\/wp\/v2\/posts\/2107"}],"collection":[{"href":"https:\/\/blogs.larioja.com\/eltiempo\/wp-json\/wp\/v2\/posts"}],"about":[{"href":"https:\/\/blogs.larioja.com\/eltiempo\/wp-json\/wp\/v2\/types\/post"}],"author":[{"embeddable":true,"href":"https:\/\/blogs.larioja.com\/eltiempo\/wp-json\/wp\/v2\/users\/41"}],"replies":[{"embeddable":true,"href":"https:\/\/blogs.larioja.com\/eltiempo\/wp-json\/wp\/v2\/comments?post=2107"}],"version-history":[{"count":2,"href":"https:\/\/blogs.larioja.com\/eltiempo\/wp-json\/wp\/v2\/posts\/2107\/revisions"}],"predecessor-version":[{"id":2111,"href":"https:\/\/blogs.larioja.com\/eltiempo\/wp-json\/wp\/v2\/posts\/2107\/revisions\/2111"}],"wp:featuredmedia":[{"embeddable":true,"href":"https:\/\/blogs.larioja.com\/eltiempo\/wp-json\/wp\/v2\/media\/2109"}],"wp:attachment":[{"href":"https:\/\/blogs.larioja.com\/eltiempo\/wp-json\/wp\/v2\/media?parent=2107"}],"wp:term":[{"taxonomy":"category","embeddable":true,"href":"https:\/\/blogs.larioja.com\/eltiempo\/wp-json\/wp\/v2\/categories?post=2107"},{"taxonomy":"post_tag","embeddable":true,"href":"https:\/\/blogs.larioja.com\/eltiempo\/wp-json\/wp\/v2\/tags?post=2107"}],"curies":[{"name":"wp","href":"https:\/\/api.w.org\/{rel}","templated":true}]}}