{"id":3312,"date":"2019-11-25T16:16:26","date_gmt":"2019-11-25T15:16:26","guid":{"rendered":"https:\/\/blogs.larioja.com\/eltiempo\/?p=3312"},"modified":"2019-11-25T16:16:26","modified_gmt":"2019-11-25T15:16:26","slug":"semana-variable-y-calida","status":"publish","type":"post","link":"https:\/\/blogs.larioja.com\/eltiempo\/2019\/11\/25\/semana-variable-y-calida\/","title":{"rendered":"Semana variable y c\u00e1lida"},"content":{"rendered":"<p><a href=\"http:\/\/www.clinicadentalcalvoazpeitia.es\/\" target=\"_blank\" rel=\"noopener\"><img loading=\"lazy\" class=\"alignleft wp-image-41227 size-full\" src=\"https:\/\/www.meteosojuela.es\/wp-content\/uploads\/2018\/11\/anigif.gif3_.gif\" alt=\"\" width=\"400\" height=\"100\" \/><\/a><\/p>\n<h3><em><strong>El tiempo de La Rioja en larioja.com <\/strong><\/em><\/h3>\n<h3><em><strong><a href=\"http:\/\/www.clinicadentalcalvoazpeitia.es\/\">Jose Calvo<\/a>. <a href=\"http:\/\/www.meteosojuela.es\">Meteosojuela<\/a><\/strong><\/em><\/h3>\n<p>&nbsp;<\/p>\n<p>Pas\u00f3 durante el fin de semana la borrasca Cecilia dejando en nuestra regi\u00f3n tiempo revuelto con fuertes rachas de viento que llegar\u00f3n a superar los 100 km\/h en zonas altas de a Comunidad<\/p>\n<div id=\"attachment_53068\" style=\"width: 740px\" class=\"wp-caption aligncenter\"><img aria-describedby=\"caption-attachment-53068\" loading=\"lazy\" class=\"size-full wp-image-53068\" src=\"https:\/\/www.meteosojuela.es\/wp-content\/uploads\/2019\/11\/Animaci\u00f3n-im\u00e1genes-de-sat\u00e9lite.-Borrasca-Cecilia.-Meteosojuela-La-Rioja.gif\" alt=\"Animaci\u00f3n im\u00e1genes de sat\u00e9lite. Borrasca Cecilia. Meteosojuela La Rioja\" width=\"730\" height=\"390\" \/><p id=\"caption-attachment-53068\" class=\"wp-caption-text\">Animaci\u00f3n im\u00e1genes de sat\u00e9lite. Borrasca Cecilia.<\/p><\/div>\n<p>y a la espera estamos de la evoluci\u00f3n de la Tormenta Tropical Sebastien que se trasnformar\u00e1 en profunda borrasca conforme ascienda de latitud<\/p>\n<div id=\"attachment_53121\" style=\"width: 1152px\" class=\"wp-caption aligncenter\"><a href=\"http:\/\/www.meteosojuela.es\"><img aria-describedby=\"caption-attachment-53121\" loading=\"lazy\" class=\"size-full wp-image-53121\" src=\"https:\/\/www.meteosojuela.es\/wp-content\/uploads\/2019\/11\/Tormenta-Tropical-Sebastien.png\" alt=\"Tormenta Tropical Sebastien\" width=\"1142\" height=\"677\" \/><\/a><p id=\"caption-attachment-53121\" class=\"wp-caption-text\">Tormenta Tropical Sebastien<\/p><\/div>\n<p>y cuyos efectos notaremos a lo largo de la semana con la llegada de sucesivos frentes con vientos que el martes soplar\u00e1n con intensidad..\u00e7<\/p>\n<p>Vamos a resumirlo<\/p>\n<p>En <strong>capas altas<\/strong> alternar\u00e1n per\u00edodos con presencia de<strong> aire fr\u00edo e inestabl<\/strong>e con otros de aire <strong>m\u00e1s c\u00e1lido y estable<\/strong>. En <strong>superficie<\/strong> predomina el ambiente depresionario, con una <strong>profunda borrasca <\/strong>gest\u00e1ndose en el Atl\u00e1ntico a partir de la <strong>Tormenta Tropical Sebastien<\/strong> , y que durante los pr\u00f3ximos d\u00edas originar\u00e1 <strong>frentes asociado <\/strong>los cuales uno tras otro ir\u00e1n alcanzando la regi\u00f3n.<\/p>\n<p>Por lo tanto esperamos d\u00edas <strong>revueltos y variables<\/strong> en los que se alternar\u00e1n per\u00edodos de <strong>cielos nubosos con precipitaciones<\/strong> en la llegada de los frentes y con predominio de <strong>claros<\/strong> tras su paso.<\/p>\n<p>Los<strong> vientos<\/strong> ser\u00e1n <strong>c\u00e1lidos y templados<\/strong> de procedencia atl\u00e1ntica predominando la componenente <strong> WSW. <\/strong>Soplar\u00e1n con intensidad<strong><br \/>\n<\/strong><\/p>\n<p>Las <strong>temperaturas<\/strong> <strong>altas<\/strong> con <strong>valores por encima de lo habitual.<\/strong><\/p>\n<p>Parece que los cambios hacia un<strong> tiempo m\u00e1s invernal vendr\u00edan el fin de semana<\/strong> con el cambio de mes<\/p>\n<p>Vamos a verlo<a href=\"http:\/\/www.meteosojuela.es\"><img loading=\"lazy\" class=\"aligncenter size-full wp-image-53116\" src=\"https:\/\/www.meteosojuela.es\/wp-content\/uploads\/2019\/11\/Tendencia-del-tiempo-en-La-Rioja-2511-Meteosojuela-La-Rioja.-Jose-Calvo-2.jpg\" alt=\"Tendencia del tiempo en La Rioja 2511 Meteosojuela La Rioja. Jose Calvo\" width=\"960\" height=\"720\" \/><\/a><a href=\"http:\/\/www.clinicadentalcalvoazpeitia.es\/\" target=\"_blank\" rel=\"noopener\"><img loading=\"lazy\" class=\"aligncenter wp-image-41227 size-full\" src=\"https:\/\/www.meteosojuela.es\/wp-content\/uploads\/2018\/11\/anigif.gif3_.gif\" alt=\"\" width=\"500\" height=\"100\" \/><\/a><a href=\"http:\/\/www.meteosojuela.es\"><img loading=\"lazy\" class=\"aligncenter size-full wp-image-53103\" src=\"https:\/\/www.meteosojuela.es\/wp-content\/uploads\/2019\/11\/Tendencia-del-tiempo-en-La-Rioja-2511-Meteosojuela-La-Rioja.-Jose-Calvo-1.jpg\" alt=\"Tendencia del tiempo en La Rioja 2511 Meteosojuela La Rioja. Jose Calvo\" width=\"960\" height=\"720\" \/><\/a><\/p>\n<p style=\"text-align: center;\">\n<h1 style=\"text-align: center;\"><a href=\"https:\/\/www.meteosojuela.es\/el-tiempo-de-la-semana-en-la-rioja-25112019-variable-y-otonal-pero-del-calido\/\"><span style=\"color: #ff0000;\">LEER MAS<\/span><\/a><\/h1>\n<p>&nbsp;<\/p>\n<p>Como siempre seguiremos la situaci\u00f3n de forma diaria en <a href=\"http:\/\/www.meteosojuela.es\"><strong><span style=\"font-size: 18pt;\">www.meteosojuela.es<\/span><\/strong><\/a><br \/>\nTodas las ma\u00f1anas el tiempo en tu muro<\/p>\n<p>Puede recibir todas las ma\u00f1anas el tiempo en tu muro y por GUASAP enviando vuestro numero de telefono al correo electr\u00f3nico <a href=\"jocalaz@gmail.com\"><strong><span style=\"font-size: 18pt;\">jocalaz@gmail.com<\/span><\/strong><\/a><\/p>\n<p><b>La informaci\u00f3n del tiempo en La Rioja en el momento<\/b><a href=\"https:\/\/www.meteosojuela.es\/\" target=\"_blank\" rel=\"noopener\"> <img class=\"aligncenter\" style=\"visibility: visible;\" src=\"https:\/\/www.meteosojuela.es\/logrowebcam2_TVL.jpg?1524236842986\" alt=\"Webcam Logro\u00f1o\" \/><\/a><\/p>\n<p>Datos de Estaciones Meteorol\u00f3gicas con Webcams en tiempo real 24h.<\/p>\n<p>Previsiones diarias, semanales, fin de semana, mensuales y estacionales. Seguimiento de situaciones, fotos, videos y mucho m\u00e1s en:<\/p>\n<p><a href=\"http:\/\/www.meteosojuela.es\/\" target=\"_blank\" rel=\"noopener\"><b>www.meteosojuela.es<\/b><\/a><\/p>\n<p>Os recuerdo que pod\u00e9is seguir a Meteosojuela en:<\/p>\n<div style=\"text-align: center;\"><i class=\"voc-icons facebook\"><\/i><br style=\"display: none;\" \/><i class=\"voc-icons twitter\"><\/i><br style=\"display: none;\" \/><i class=\"voc-icons instagram\"><\/i><\/div>\n<p>&nbsp;<\/p>\n<p><a href=\"https:\/\/www.facebook.com\/Meteosojuela\/\"><span style=\"color: #0000ff;\"><strong>FACEBOOK<\/strong><\/span><\/a><\/p>\n<p><a href=\"https:\/\/twitter.com\/meteosojuela\"><span style=\"color: #0000ff;\"><strong>TWITER<\/strong><\/span><\/a><\/p>\n<p><span style=\"color: #0000ff;\"><a style=\"color: #0000ff;\" href=\"https:\/\/www.instagram.com\/meteosojuela.larioja\/\"><strong>INSTAGRAM<\/strong><\/a><\/span><br \/>\n<!-- fin pie--><\/p>\n<p>&nbsp;<\/p>\n<p><a href=\"http:\/\/http:\/\/www.clinicadentalcalvoazpeitia.es\/\"><img loading=\"lazy\" class=\"aligncenter size-full wp-image-2902\" src=\"https:\/\/static-blogs.larioja.com\/wp-content\/uploads\/sites\/39\/2018\/11\/anigif.gif3_.gif\" alt=\"anigif-gif3\" width=\"500\" height=\"100\" \/><\/a><\/p>\n","protected":false},"excerpt":{"rendered":"<p>El tiempo de La Rioja en larioja.com Jose Calvo. Meteosojuela &nbsp; Pas\u00f3 durante el fin de semana la borrasca Cecilia dejando en nuestra regi\u00f3n tiempo revuelto con fuertes rachas de viento que llegar\u00f3n a superar los 100 km\/h en zonas altas de a Comunidad y a la espera estamos de la evoluci\u00f3n de la Tormenta [&hellip;]<\/p>\n","protected":false},"author":41,"featured_media":3313,"comment_status":"open","ping_status":"closed","sticky":false,"template":"","format":"standard","meta":[],"categories":[9],"tags":[442,516,613,630],"_links":{"self":[{"href":"https:\/\/blogs.larioja.com\/eltiempo\/wp-json\/wp\/v2\/posts\/3312"}],"collection":[{"href":"https:\/\/blogs.larioja.com\/eltiempo\/wp-json\/wp\/v2\/posts"}],"about":[{"href":"https:\/\/blogs.larioja.com\/eltiempo\/wp-json\/wp\/v2\/types\/post"}],"author":[{"embeddable":true,"href":"https:\/\/blogs.larioja.com\/eltiempo\/wp-json\/wp\/v2\/users\/41"}],"replies":[{"embeddable":true,"href":"https:\/\/blogs.larioja.com\/eltiempo\/wp-json\/wp\/v2\/comments?post=3312"}],"version-history":[{"count":2,"href":"https:\/\/blogs.larioja.com\/eltiempo\/wp-json\/wp\/v2\/posts\/3312\/revisions"}],"predecessor-version":[{"id":3316,"href":"https:\/\/blogs.larioja.com\/eltiempo\/wp-json\/wp\/v2\/posts\/3312\/revisions\/3316"}],"wp:featuredmedia":[{"embeddable":true,"href":"https:\/\/blogs.larioja.com\/eltiempo\/wp-json\/wp\/v2\/media\/3313"}],"wp:attachment":[{"href":"https:\/\/blogs.larioja.com\/eltiempo\/wp-json\/wp\/v2\/media?parent=3312"}],"wp:term":[{"taxonomy":"category","embeddable":true,"href":"https:\/\/blogs.larioja.com\/eltiempo\/wp-json\/wp\/v2\/categories?post=3312"},{"taxonomy":"post_tag","embeddable":true,"href":"https:\/\/blogs.larioja.com\/eltiempo\/wp-json\/wp\/v2\/tags?post=3312"}],"curies":[{"name":"wp","href":"https:\/\/api.w.org\/{rel}","templated":true}]}}