{"id":3358,"date":"2019-12-31T02:39:39","date_gmt":"2019-12-31T01:39:39","guid":{"rendered":"https:\/\/blogs.larioja.com\/eltiempo\/?p=3358"},"modified":"2019-12-31T02:39:39","modified_gmt":"2019-12-31T01:39:39","slug":"las-nieblas-y-el-frio-en-el-valle-protagonistas-de-la-ultima-semana-del-ano","status":"publish","type":"post","link":"https:\/\/blogs.larioja.com\/eltiempo\/2019\/12\/31\/las-nieblas-y-el-frio-en-el-valle-protagonistas-de-la-ultima-semana-del-ano\/","title":{"rendered":"Las nieblas y el fr\u00edo en el valle protagonistas de la ultima semana del a\u00f1o"},"content":{"rendered":"<p><a href=\"http:\/\/www.clinicadentalcalvoazpeitia.es\/\" target=\"_blank\" rel=\"noopener\"><img loading=\"lazy\" class=\"alignleft wp-image-41227 size-full\" src=\"https:\/\/www.meteosojuela.es\/wp-content\/uploads\/2018\/11\/anigif.gif3_.gif\" alt=\"\" width=\"400\" height=\"100\" \/><\/a><\/p>\n<h3><em><strong>El tiempo de La Rioja en larioja.com <\/strong><\/em><\/h3>\n<h3><em><strong><a href=\"http:\/\/www.clinicadentalcalvoazpeitia.es\/\">Jose Calvo<\/a>. <a href=\"http:\/\/www.meteosojuela.es\">Meteosojuela<\/a><\/strong><\/em><\/h3>\n<p>&nbsp;<\/p>\n<p>Paradojas de la atm\u00f3sfera las que ocurren en nuestra regi\u00f3n y es que cuando se instalan las <strong>ALTAS PRESIONES<\/strong> sobre nosotros,\u00a0 el invierno se hace fuerte en el valle y la primavera sube a las monta\u00f1as. Tiempo gris, fr\u00edo y despacible por la aparici\u00f3n de\u00a0 <strong>nieblas<\/strong>,\u00a0 y pocas nubes y <strong>temperaturas c\u00e1lidas<\/strong> en zonas sin nieblas.<\/p>\n<p>Tenemos una <strong>dorsal anticicl\u00f3nica en capas altas<\/strong>, con reflejo en <strong>superficie en forma de altas presiones<\/strong> que est\u00e1n dejando mucha <strong>estabilidad<\/strong> y un ambiente propicio para la aparici\u00f3n de<a href=\"https:\/\/www.meteosojuela.es\/inversion-termica-que-es-cuando-se-forma\/\"><strong> inversi\u00f3n t\u00e9rmica<\/strong><\/a> y las consabidas <a href=\"https:\/\/www.meteosojuela.es\/nieblas-persistentes-por-que-se-forman-y-cuando-desaparecen\/\"><strong>nieblas densas y persistentes<\/strong><\/a> en el valle del Ebro.<\/p>\n<p>Pero fijaos en la <em><strong>Animaci\u00f3n de Geopotencial a 500hPa y Superficie <\/strong><\/em>como se retira a mediados de semana y se descuelga un <strong>embolsamiento de aire frio<\/strong> (color amarillo) que originar\u00e1 una<strong> peque\u00f1a inestabilizaci\u00f3n<\/strong> del tiempo durante esos d\u00edas. Apenas notaremos nosotros m\u00e1s nubosidad y parad\u00f3jicamente es lo que nos permitir\u00eda disfrutar de <strong>unas horas SIN nieblas persistentes<\/strong> en el valle. <a href=\"http:\/\/www.meteosojuela.es\"><img loading=\"lazy\" class=\"aligncenter size-full wp-image-54183\" src=\"https:\/\/www.meteosojuela.es\/wp-content\/uploads\/2019\/12\/Animaci\u00f3n-Temperaturas-500hPaSuperficie.-Meteosojuela-5.gif\" alt=\"Animaci\u00f3n Temperaturas 500hPa+Superficie. Meteosojuela\" width=\"500\" height=\"500\" \/><\/a><\/p>\n<p>&nbsp;<\/p>\n<p>As\u00ed que, en la semana en la que despediremos el a\u00f1o se esperan<strong> fuertes contrastes entre el valle y la monta\u00f1a<\/strong>. <strong>Nieblas densas y persistentes con temperaturas muy fr\u00edas en el valle<\/strong>, contrastar\u00e1n con el <strong>ambiente poco nuboso y c\u00e1lido de zonas altas.<\/strong><\/p>\n<p>Esta situaci\u00f3n podr\u00eda sufrir ligeras variaciones entorno a la <strong>Nochevieja y A\u00f1o Nuevo<\/strong> con la llegada de un frente d\u00e9bil que dejar\u00eda <strong>m\u00e1s nubosidad que precipitaci\u00f3n en zonas de monta\u00f1a<\/strong> donde adem\u00e1s traer\u00eda un <strong>descenso de temperaturas.<\/strong><\/p>\n<p>Sin embargo, puede ser que llegada de ese frente acompa\u00f1ada de <strong>vientos flojos del NW<\/strong> <strong>movilizase las densas nieblas del valle<\/strong>, que podr\u00edan levantar en la Nochevieja y A\u00f1o Nuevo aunque de forma pasajera, volviendo a ser persistentes el mismo jueves, pero por lo menos el cambio del a\u00f1o lo har\u00edamos en un ambiente menos fr\u00edo en el valle, &#8230;..cierto es&#8230;que esta cuesti\u00f3n es dif\u00edcil de predecir pero es la \u00fanica esperanza que tenenmos de que no vivamos en zonas bajas una semana gris, fr\u00eda y monotona&#8230;.veremos<\/p>\n<p>EN estos momentos y pensando en la NocheVieja y la entrada del A\u00f1o Nuevo NO se ponen de acuerdo los modelos<\/p>\n<p>Si nos fijamos en la <strong><em>Animaci\u00f3n de nubosidad del modelo HARMONIE<\/em> <\/strong>podemos observar como se ve la llegada de esa <strong>banda fina en forma de frente<\/strong> hacia el mediod\u00eda y como tras su paso se levantan las nieblas del valle de cara a la tarde. Podr\u00edan quedar algo m\u00e1s persistentes en zonas de Rioja Baja<\/p>\n<div id=\"attachment_54205\" style=\"width: 946px\" class=\"wp-caption aligncenter\"><a href=\"http:\/\/www.meteosojuela.es\"><img aria-describedby=\"caption-attachment-54205\" loading=\"lazy\" class=\"size-full wp-image-54205\" src=\"https:\/\/www.meteosojuela.es\/wp-content\/uploads\/2019\/12\/Animaci\u00f3n-Nubosidad-Harmonie.-Meteosojuela.gif\" alt=\"Animaci\u00f3n Nubosidad Harmonie. Meteosojuela\" width=\"936\" height=\"584\" \/><\/a><p id=\"caption-attachment-54205\" class=\"wp-caption-text\">Animaci\u00f3n Nubosidad Harmonie.<\/p><\/div>\n<p>&nbsp;<\/p>\n<p>Sin embargo el\u00a0 <strong>modelo AROME<\/strong> no es tan optimista y aunque coincide en que levantar\u00e1n tras el paso del frente d\u00e9bil, volver\u00edan a aparecer en la \u00faltima noche del a\u00f1o siendo de nuevo persistentes toda la noche.<\/p>\n<div id=\"attachment_54211\" style=\"width: 778px\" class=\"wp-caption aligncenter\"><a href=\"http:\/\/wwwmeteosojuela..es\"><img aria-describedby=\"caption-attachment-54211\" loading=\"lazy\" class=\"size-full wp-image-54211\" src=\"https:\/\/www.meteosojuela.es\/wp-content\/uploads\/2019\/12\/Animaci\u00f3n-nubosidad-de-tipo-bajo-AROME.-Meteosojuela.gif\" alt=\"Animaci\u00f3n nubosidad de tipo bajo AROME. Meteosojuela\" width=\"768\" height=\"768\" \/><\/a><p id=\"caption-attachment-54211\" class=\"wp-caption-text\">Animaci\u00f3n nubosidad de tipo bajo AROME. Meteosojuela<\/p><\/div>\n<p>Veremos lo que pasa<\/p>\n<p>Pendientes adem\u00e1s estaremos de los posibles\u00a0 <strong>cambios para el fin de semana<\/strong> con una normalizaci\u00f3n de la situaci\u00f3n. Entrar\u00eda un<strong> frente<\/strong> que dejar\u00eda <strong>nubosidad, precipitaciones y nieve<\/strong> en zonas de monta\u00f1a, con <strong>vientos de NW<\/strong> que limipar\u00edan el valle de las molestas nieblas&#8230;. a ver si se confirma..<\/p>\n<p>Por lo tanto&#8230;&#8221;el mal tiempo&#8230;traer\u00eda una mejor\u00eda del tiempo&#8221;&#8230;jajajjaja<\/p>\n<p>Vamos a verlo<a href=\"http:\/\/www.meteosojuela.es\"><img loading=\"lazy\" class=\"aligncenter size-full wp-image-54181\" src=\"https:\/\/www.meteosojuela.es\/wp-content\/uploads\/2019\/12\/Tendencia-del-tiempo-en-La-Rioja-3012-Meteosojuela-La-Rioja.-Jose-Calvo.jpg\" alt=\"Tendencia del tiempo en La Rioja 3012 Meteosojuela La Rioja. Jose Calvo\" width=\"960\" height=\"720\" \/><\/a><a href=\"http:\/\/www.clinicadentalcalvoazpeitia.es\/\" target=\"_blank\" rel=\"noopener\"><img loading=\"lazy\" class=\"aligncenter wp-image-41227 size-full\" src=\"https:\/\/www.meteosojuela.es\/wp-content\/uploads\/2018\/11\/anigif.gif3_.gif\" alt=\"\" width=\"500\" height=\"100\" \/><\/a><a href=\"http:\/\/www.meteosojuela.es\"><img loading=\"lazy\" class=\"aligncenter size-medium wp-image-3359\" src=\"https:\/\/static-blogs.larioja.com\/wp-content\/uploads\/sites\/39\/2019\/12\/Tendencia-del-tiempo-en-La-Rioja-3012-Meteosojuela-La-Rioja.-Jose-Calvo-650x488.jpg\" alt=\"\" width=\"650\" height=\"488\" srcset=\"https:\/\/static-blogs.larioja.com\/wp-content\/uploads\/sites\/39\/2019\/12\/Tendencia-del-tiempo-en-La-Rioja-3012-Meteosojuela-La-Rioja.-Jose-Calvo-650x488.jpg 650w, https:\/\/static-blogs.larioja.com\/wp-content\/uploads\/sites\/39\/2019\/12\/Tendencia-del-tiempo-en-La-Rioja-3012-Meteosojuela-La-Rioja.-Jose-Calvo-768x576.jpg 768w, https:\/\/static-blogs.larioja.com\/wp-content\/uploads\/sites\/39\/2019\/12\/Tendencia-del-tiempo-en-La-Rioja-3012-Meteosojuela-La-Rioja.-Jose-Calvo.jpg 960w\" sizes=\"(max-width: 650px) 100vw, 650px\" \/><\/a><\/p>\n<p>&nbsp;<\/p>\n<p>&nbsp;<\/p>\n<h1 style=\"text-align: center;\"><span style=\"font-size: 36pt;\"><a href=\"https:\/\/www.meteosojuela.es\/el-tiempo-de-la-semana-en-la-rioja-30122019-nieblas-y-frio-en-el-valle\/\"><span style=\"color: #ff0000;\">LEER MAS<\/span><\/a><\/span><\/h1>\n<p>&nbsp;<\/p>\n<p style=\"text-align: left;\">Y con esto os deseo<\/p>\n<p style=\"text-align: center;\"><span style=\"font-size: 36pt;\">\u00a1\u00a1FELIZ A\u00d1O NUEVO!!<\/span><\/p>\n<p>&nbsp;<\/p>\n<p>Como siempre seguiremos la situaci\u00f3n de forma diaria en <a href=\"http:\/\/www.meteosojuela.es\"><strong><span style=\"font-size: 18pt;\">www.meteosojuela.es<\/span><\/strong><\/a><br \/>\nPod\u00e9is seguir a Meteosojuela en todas las redes sociales,<\/p>\n<p style=\"text-align: left;\"><a href=\"https:\/\/www.facebook.com\/Meteosojuela\"><strong>FACEBOOK<\/strong><\/a><\/p>\n<p style=\"text-align: left;\"><a href=\"https:\/\/twitter.com\/meteosojuela\"><strong>TWITER<\/strong><\/a><\/p>\n<p><a href=\"https:\/\/www.instagram.com\/meteosojuela.larioja\/\"><strong>INSTAGRAM<\/strong><\/a><\/p>\n<p>Adem\u00e1s pod\u00e9is tener la informaci\u00f3n diaria del tiempo en vuestro muro de <a href=\"https:\/\/www.facebook.com\/Meteosojuela\"><strong>FACEBOOK<\/strong><\/a> o de <a href=\"https:\/\/twitter.com\/meteosojuela\"><strong>TWITER<\/strong><\/a><\/p>\n<p>Todas las ma\u00f1anas el tiempo en tu muro<\/p>\n","protected":false},"excerpt":{"rendered":"<p>El tiempo de La Rioja en larioja.com Jose Calvo. Meteosojuela &nbsp; Paradojas de la atm\u00f3sfera las que ocurren en nuestra regi\u00f3n y es que cuando se instalan las ALTAS PRESIONES sobre nosotros,\u00a0 el invierno se hace fuerte en el valle y la primavera sube a las monta\u00f1as. Tiempo gris, fr\u00edo y despacible por la aparici\u00f3n [&hellip;]<\/p>\n","protected":false},"author":41,"featured_media":3359,"comment_status":"open","ping_status":"closed","sticky":false,"template":"","format":"standard","meta":[],"categories":[9],"tags":[57,276,315,401,419],"_links":{"self":[{"href":"https:\/\/blogs.larioja.com\/eltiempo\/wp-json\/wp\/v2\/posts\/3358"}],"collection":[{"href":"https:\/\/blogs.larioja.com\/eltiempo\/wp-json\/wp\/v2\/posts"}],"about":[{"href":"https:\/\/blogs.larioja.com\/eltiempo\/wp-json\/wp\/v2\/types\/post"}],"author":[{"embeddable":true,"href":"https:\/\/blogs.larioja.com\/eltiempo\/wp-json\/wp\/v2\/users\/41"}],"replies":[{"embeddable":true,"href":"https:\/\/blogs.larioja.com\/eltiempo\/wp-json\/wp\/v2\/comments?post=3358"}],"version-history":[{"count":1,"href":"https:\/\/blogs.larioja.com\/eltiempo\/wp-json\/wp\/v2\/posts\/3358\/revisions"}],"predecessor-version":[{"id":3360,"href":"https:\/\/blogs.larioja.com\/eltiempo\/wp-json\/wp\/v2\/posts\/3358\/revisions\/3360"}],"wp:featuredmedia":[{"embeddable":true,"href":"https:\/\/blogs.larioja.com\/eltiempo\/wp-json\/wp\/v2\/media\/3359"}],"wp:attachment":[{"href":"https:\/\/blogs.larioja.com\/eltiempo\/wp-json\/wp\/v2\/media?parent=3358"}],"wp:term":[{"taxonomy":"category","embeddable":true,"href":"https:\/\/blogs.larioja.com\/eltiempo\/wp-json\/wp\/v2\/categories?post=3358"},{"taxonomy":"post_tag","embeddable":true,"href":"https:\/\/blogs.larioja.com\/eltiempo\/wp-json\/wp\/v2\/tags?post=3358"}],"curies":[{"name":"wp","href":"https:\/\/api.w.org\/{rel}","templated":true}]}}