{"id":3727,"date":"2021-04-17T11:46:10","date_gmt":"2021-04-17T09:46:10","guid":{"rendered":"https:\/\/blogs.larioja.com\/eltiempo\/?p=3727"},"modified":"2021-04-17T11:46:10","modified_gmt":"2021-04-17T09:46:10","slug":"fin-de-semana-fresquito","status":"publish","type":"post","link":"https:\/\/blogs.larioja.com\/eltiempo\/2021\/04\/17\/fin-de-semana-fresquito\/","title":{"rendered":"Fin de semana fresquito"},"content":{"rendered":"<div class=\"mceTemp\"><\/div>\n<p>Como bien sab\u00e9is estamos en primavera,<strong> estaci\u00f3n de transici\u00f3n entre el fr\u00edo del invierno , y el calor del verano<\/strong>. Y como suele ser habitual en estas \u00e9pocas, se alternan episodios de calor, con otros de m\u00e1s fr\u00edo, y nos toca ahora uno de estos, con el<strong> cierzo<\/strong> como protagonista.<\/p>\n<p>Si nos fijamos en la <strong><em>Animaci\u00f3n de Altura Geopotencial a 500hPa y en Superficie<\/em><\/strong> podemos ver como predomina el <strong>aire calido y estable<\/strong> (color amarillento) en forma de <strong>dorsal anticicl\u00f3nica<\/strong> en el Atl\u00e1ntico. Por otra parte se mantiene el <strong>aire fr\u00edo e inestable<\/strong> en forma de <strong>vaguada de aire fr\u00edo e inestable<\/strong> (color verdoso) en el Mediterrr\u00e1neo.<\/p>\n<p>Queda nuestra regi\u00f3n bajo la influencia de la<strong> dorsal anticicl\u00f3nica (estabilidad) pero bajo el influjo de vientos de NNW (fr\u00edo)<\/strong><\/p>\n<div id=\"attachment_66651\" style=\"width: 1034px\" class=\"wp-caption aligncenter\"><a href=\"http:\/\/www.meteosojuela.es\"><img aria-describedby=\"caption-attachment-66651\" loading=\"lazy\" class=\"size-full wp-image-66651\" src=\"https:\/\/www.meteosojuela.es\/wp-content\/uploads\/2021\/04\/Animacion-Masas-de-aire-500hPa-y-Superficie.-Meteosojuela-5.gif\" alt=\"Animaci\u00f3n Masas de aire 500hPa y Superficie. Meteosojuela\" width=\"1024\" height=\"757\" \/><\/a><p id=\"caption-attachment-66651\" class=\"wp-caption-text\">Animaci\u00f3n Masas de aire 500hPa y Superficie. Meteosojuela<\/p><\/div>\n<p>Si observamos la <strong><em>Animaci\u00f3n de Modelos de Centros de presi\u00f3n y borrascas GFS de Europa <\/em><\/strong>vemos, <strong>ALTAS PRESIONES<\/strong> con centro en el Atl\u00e1ntico y Norte de Europa extendi\u00e9ndose hacia la pen\u00ednsula. Bloquean el paso de <strong>BORRASCAS<\/strong> atl\u00e1nticas que se desv\u00edan hacia latitudes m\u00e1s altas.<\/p>\n<p>Por otra parte se mantienen las <strong>BAJAS PRESIONES<\/strong> en el Mediterr\u00e1neo, generando <strong>frentes y l\u00edneas de inestabilidad<\/strong> que afectan al este de la pen\u00ednsula.<\/p>\n<p>Nosotros estamos bajo la influencia de los <strong>vientos de NNW<\/strong> canalizados por la posici\u00f3n , de ambos centros de presi\u00f3n.<\/p>\n<div id=\"attachment_66653\" style=\"width: 1099px\" class=\"wp-caption aligncenter\"><a href=\"http:\/\/www.meteosojuela.es\"><img aria-describedby=\"caption-attachment-66653\" loading=\"lazy\" class=\"size-full wp-image-66653\" src=\"https:\/\/www.meteosojuela.es\/wp-content\/uploads\/2021\/04\/Animacion-Modelos-de-Centros-de-presion-y-borrascas-GFS-Europa.-Meteosojuela-La-Rioja-4.gif\" alt=\"Animaci\u00f3n Modelos de Centros de presi\u00f3n y borrascas GFS Europa. Meteosojuela La Rioja\" width=\"1089\" height=\"835\" \/><\/a><p id=\"caption-attachment-66653\" class=\"wp-caption-text\">Animaci\u00f3n Modelos de Centros de presi\u00f3n y borrascas GFS Europa. Meteosojuela La Rioja<\/p><\/div>\n<p>As\u00ed que esperamos <strong>tiempo tranquilo pero fresquito<\/strong>, sobre todo por las ma\u00f1anas cuando pueden aparecer <strong>heladas.<\/strong><\/p>\n<p>Por lo dem\u00e1s en los cielos <strong>intervalos de nubes y claros<\/strong>. Ser\u00e1n m\u00e1s abundantes las nubes en el oeste de la regi\u00f3n y zonas de monta\u00f1a ; y predominar\u00e1n los claros cuanto m\u00e1s hacia el este. Ser\u00e1 el <strong>s\u00e1bado el d\u00eda de nubosidad m\u00e1s abundante<\/strong> sin descartarse alguna <strong>nevada d\u00e9bil<\/strong> en la Ib\u00e9rica. Viernes y domingo predominar\u00e1n los cielos<strong> poco nubosos o despejados<\/strong>.<\/p>\n<p>Los <strong>vientos<\/strong> predominantes ser\u00e1n de<strong> NNW<\/strong>, con <strong>cierzo<\/strong> en el valle.<\/p>\n<p><strong>Temperaturas fresquitas<\/strong> para la \u00e9poca.<\/p>\n<div id=\"attachment_66664\" style=\"width: 970px\" class=\"wp-caption aligncenter\"><a href=\"http:\/\/www.meteosojuela.es\"><img aria-describedby=\"caption-attachment-66664\" loading=\"lazy\" class=\"size-full wp-image-66664\" src=\"https:\/\/www.meteosojuela.es\/wp-content\/uploads\/2021\/04\/Tendencia-del-tiempo-en-La-Rioja-16-04-Meteosojuela-La-Rioja.-Jose-Calvo.jpg\" alt=\"Tendencia del tiempo en La Rioja 16 04 Meteosojuela La Rioja. Jose Calvo\" width=\"960\" height=\"720\" \/><\/a><p id=\"caption-attachment-66664\" class=\"wp-caption-text\">Tendencia del tiempo en La Rioja 16 04 Meteosojuela La Rioja. Jose Calvo<\/p><\/div>\n<div id=\"attachment_66665\" style=\"width: 970px\" class=\"wp-caption aligncenter\"><a href=\"http:\/\/www.meteosojuela.es\"><img aria-describedby=\"caption-attachment-66665\" loading=\"lazy\" class=\"size-full wp-image-66665\" src=\"https:\/\/www.meteosojuela.es\/wp-content\/uploads\/2021\/04\/Tendencia-del-tiempo-en-La-Rioja-16-04-Meteosojuela-La-Rioja.-Jose-Calvo-1.jpg\" alt=\"Tendencia del tiempo en La Rioja 16 04 Meteosojuela La Rioja. Jose Calvo\" width=\"960\" height=\"720\" \/><\/a><p id=\"caption-attachment-66665\" class=\"wp-caption-text\">Tendencia del tiempo en La Rioja 16 04 Meteosojuela La Rioja. Jose Calvo<\/p><\/div>\n<p>&nbsp;<\/p>\n<p>Os dejo el \u00faltimo <strong>programa en 7LaRioja TV <\/strong>con todas vuestras im\u00e1genes<\/p>\n<p style=\"text-align: center;\"><iframe loading=\"lazy\" title=\"YouTube video player\" src=\"https:\/\/www.youtube.com\/embed\/eYmgxWzpBbA\" width=\"560\" height=\"315\" frameborder=\"0\" allowfullscreen=\"allowfullscreen\"><\/iframe><\/p>\n<p>&nbsp;<\/p>\n<div><\/div>\n<div>Pod\u00e9is seguir a Meteosojuela en todas las redes sociales<\/div>\n<div style=\"text-align: center;\"><\/div>\n<p style=\"text-align: left;\"><a href=\"https:\/\/www.facebook.com\/Meteosojuela\"><strong>FACEBOOK<\/strong><\/a><\/p>\n<p><a href=\"https:\/\/twitter.com\/meteosojuela\"><strong>TWITER<\/strong><\/a><\/p>\n<p><a href=\"https:\/\/www.instagram.com\/meteosojuela.larioja\/\"><strong>INSTAGRAM<\/strong><\/a><\/p>\n<p>Adem\u00e1s pod\u00e9is tener la informaci\u00f3n diaria del tiempo en vuestro muro de <a href=\"https:\/\/www.facebook.com\/Meteosojuela\"><strong>FACEBOOK<\/strong><\/a> o de <a href=\"https:\/\/twitter.com\/meteosojuela\"><strong>TWITER<\/strong><\/a><\/p>\n<p>&nbsp;<\/p>\n<p style=\"text-align: center;\"><a href=\"http:\/\/www.meteosojuela.es\"><strong>ESTACIONES METEOROLOGICAS Y WEB CAMS EN LOGRO\u00d1O EN TIEMPO REAL<\/strong><\/a><br \/>\n<b><a href=\"http:\/\/www.meteosojuela.es\">Web Cams La Rioja<\/a>. <a href=\"https:\/\/www.meteosojuela.es\/logrono-sur\/\">Web Cam Logro\u00f1o Su<\/a><a href=\"https:\/\/www.meteosojuela.es\/logrono-sur\/\">r<\/a><\/b><a href=\"https:\/\/www.meteosojuela.es\/\" target=\"_blank\" rel=\"noopener\"><img class=\"aligncenter\" style=\"visibility: visible;\" src=\"https:\/\/www.meteosojuela.es\/logrowebcam2_TVL.jpg?1524236842986\" alt=\"Webcam Logro\u00f1o\" \/><\/a><\/p>\n<p><a href=\"https:\/\/www.meteosojuela.es\/\" target=\"_blank\" rel=\"noopener\"><img class=\"aligncenter\" style=\"visibility: visible;\" src=\"\/\/www.meteosojuela.es\/josecalvo\/webcamlog3\/current2-60s.jpg?1567688432677\" alt=\"Webcam Logro\u00f1o\" \/><\/a><\/p>\n","protected":false},"excerpt":{"rendered":"<p>Como bien sab\u00e9is estamos en primavera, estaci\u00f3n de transici\u00f3n entre el fr\u00edo del invierno , y el calor del verano. Y como suele ser habitual en estas \u00e9pocas, se alternan episodios de calor, con otros de m\u00e1s fr\u00edo, y nos toca ahora uno de estos, con el cierzo como protagonista. Si nos fijamos en la [&hellip;]<\/p>\n","protected":false},"author":41,"featured_media":3728,"comment_status":"open","ping_status":"closed","sticky":false,"template":"","format":"standard","meta":[],"categories":[9],"tags":[153,236,276],"_links":{"self":[{"href":"https:\/\/blogs.larioja.com\/eltiempo\/wp-json\/wp\/v2\/posts\/3727"}],"collection":[{"href":"https:\/\/blogs.larioja.com\/eltiempo\/wp-json\/wp\/v2\/posts"}],"about":[{"href":"https:\/\/blogs.larioja.com\/eltiempo\/wp-json\/wp\/v2\/types\/post"}],"author":[{"embeddable":true,"href":"https:\/\/blogs.larioja.com\/eltiempo\/wp-json\/wp\/v2\/users\/41"}],"replies":[{"embeddable":true,"href":"https:\/\/blogs.larioja.com\/eltiempo\/wp-json\/wp\/v2\/comments?post=3727"}],"version-history":[{"count":1,"href":"https:\/\/blogs.larioja.com\/eltiempo\/wp-json\/wp\/v2\/posts\/3727\/revisions"}],"predecessor-version":[{"id":3729,"href":"https:\/\/blogs.larioja.com\/eltiempo\/wp-json\/wp\/v2\/posts\/3727\/revisions\/3729"}],"wp:featuredmedia":[{"embeddable":true,"href":"https:\/\/blogs.larioja.com\/eltiempo\/wp-json\/wp\/v2\/media\/3728"}],"wp:attachment":[{"href":"https:\/\/blogs.larioja.com\/eltiempo\/wp-json\/wp\/v2\/media?parent=3727"}],"wp:term":[{"taxonomy":"category","embeddable":true,"href":"https:\/\/blogs.larioja.com\/eltiempo\/wp-json\/wp\/v2\/categories?post=3727"},{"taxonomy":"post_tag","embeddable":true,"href":"https:\/\/blogs.larioja.com\/eltiempo\/wp-json\/wp\/v2\/tags?post=3727"}],"curies":[{"name":"wp","href":"https:\/\/api.w.org\/{rel}","templated":true}]}}