{"id":3734,"date":"2021-04-30T17:55:23","date_gmt":"2021-04-30T15:55:23","guid":{"rendered":"https:\/\/blogs.larioja.com\/eltiempo\/?p=3734"},"modified":"2021-04-30T17:57:16","modified_gmt":"2021-04-30T15:57:16","slug":"seguira-el-ambiente-fresquito","status":"publish","type":"post","link":"https:\/\/blogs.larioja.com\/eltiempo\/2021\/04\/30\/seguira-el-ambiente-fresquito\/","title":{"rendered":"Seguir\u00e1 el ambiente fresquito"},"content":{"rendered":"<p>Le ha costado, pero por fin la lluvia ha hecho acto de presencia. El ambiente inestable ha sido predominante buena parte de la semana, y parece que as\u00ed continuar\u00e1.<\/p>\n<p>Si nos fijamos en la <strong><em>Animaci\u00f3n de Altura Geopotencial a 500hPa y en Superficie<\/em><\/strong> podemos ver como persiste la<strong> vaguada de aire fr\u00edo e inestable <\/strong>sobre la pen\u00ednsula<strong><br \/>\n<\/strong><\/p>\n<div id=\"attachment_66955\" style=\"width: 1034px\" class=\"wp-caption aligncenter\"><a href=\"http:\/\/www.meteosojuela.es\"><img aria-describedby=\"caption-attachment-66955\" loading=\"lazy\" class=\"size-full wp-image-66955\" src=\"https:\/\/www.meteosojuela.es\/wp-content\/uploads\/2021\/04\/Animacion-Masas-de-aire-500hPa-y-Superficie.-Meteosojuela-9.gif\" alt=\"Animaci\u00f3n Masas de aire 500hPa y Superficie. Meteosojuela\" width=\"1024\" height=\"757\" \/><\/a><p id=\"caption-attachment-66955\" class=\"wp-caption-text\">Animaci\u00f3n Masas de aire 500hPa y Superficie. Meteosojuela<\/p><\/div>\n<p>&nbsp;<\/p>\n<p>Si observamos la <strong><em>Animaci\u00f3n de Modelos de Centros de presi\u00f3n y borrascas GFS de Europa <\/em><\/strong>observamos <strong>Altas presiones<\/strong> en el ATl\u00e1ntico, <strong>bajas presiones<\/strong> en el Mediterr\u00e1neo con flujo de <strong>vientos fr\u00edos y h\u00famedos de NNW<\/strong><\/p>\n<p>Se generan <strong>frentes\/l\u00edneas de inestabilidad<\/strong> que alcanzan la pen\u00ednsula, siendo los m\u00e1s activos los que llegan el viernes a nuestra regi\u00f3n. Tendencia a remitir<\/p>\n<div id=\"attachment_66956\" style=\"width: 1099px\" class=\"wp-caption aligncenter\"><a href=\"http:\/\/www.meteosojuela.es\"><img aria-describedby=\"caption-attachment-66956\" loading=\"lazy\" class=\"size-full wp-image-66956\" src=\"https:\/\/www.meteosojuela.es\/wp-content\/uploads\/2021\/04\/Animacion-Modelos-de-Centros-de-presion-y-borrascas-GFS-Europa.-Meteosojuela-La-Rioja-8.gif\" alt=\"Animaci\u00f3n Modelos de Centros de presi\u00f3n y borrascas GFS Europa. Meteosojuela La Rioja\" width=\"1089\" height=\"835\" \/><\/a><p id=\"caption-attachment-66956\" class=\"wp-caption-text\">Animaci\u00f3n Modelos de Centros de presi\u00f3n y borrascas GFS Europa. Meteosojuela La Rioja<\/p><\/div>\n<p>&nbsp;<\/p>\n<p>Por lo tanto las claves del fin de semana ser\u00e1n:<\/p>\n<p>.- En <strong>capas altas<\/strong>, <strong>vaguada de aire fr\u00edo <\/strong>sobre la pen\u00ednsula<strong><br \/>\n<\/strong><\/p>\n<p>.- En <strong>superficie<\/strong>, <strong>altas presiones<\/strong> retiradas en el Atl\u00e1ntico con tendencia a acercarse. <strong>Bajas presiones<\/strong> en el Mediterr\u00e1neo con tendencia a alejarse. <strong>Flujo de vientos de NNW<\/strong>.<\/p>\n<p>.- <strong>Temperaturas por debajo <\/strong>de lo habitual<\/p>\n<p>&nbsp;<\/p>\n<p>As\u00ed que se mantiene el <strong>ambiente revuelto e inestable<\/strong> ,con una <strong>peque\u00f1a mejor\u00eda hacia el domingo.<\/strong><\/p>\n<p>Amaneceremos con <strong>nieblas y abundante nubosidad de tipo bajo<\/strong> fruto de la humedad acumulada. Se mezclar\u00e1 con<strong> nubosidad m\u00e1s desarrollada<\/strong> consecuencia de la presencia de aire fr\u00edo en capas altas, a la vez que se formar\u00e1 <strong>nubosidad de evoluci\u00f3n<\/strong> por las tardes en la Iberica.<\/p>\n<p>Se pueden abrir <strong>claros<\/strong> sobre todo en las horas centrales del d\u00eda, siendo<strong> m\u00e1s abundantes el domingo<\/strong> cuanto m\u00e1s hacia el Este.<\/p>\n<p>Se esperan <strong>precipitaciones<\/strong> asociadas a la llegada de <strong>frentes y l\u00edneas de inestabilidad<\/strong>. M\u00e1s probables y frecuentes en zonas de monta\u00f1a, donde pueden venir acompa\u00f1adas de <strong>chubascos y tormentas<\/strong>. Tambi\u00e9n se espera la aparici\u00f3n de <strong>nieve<\/strong> en las cimas de las monta\u00f1as.<\/p>\n<p>Los <strong>vientos<\/strong> soplaran flojos de <strong>NNW<\/strong>, con <strong>cierzo<\/strong> d\u00e9bil en el valle.<\/p>\n<p><strong>Temperaturas en descenso.<\/strong> Frescas para la \u00e9poca.<\/p>\n<p>As\u00ed que este fin de semana, <strong>paraguas y jersey en mano<\/strong>.<\/p>\n<div id=\"attachment_66976\" style=\"width: 970px\" class=\"wp-caption aligncenter\"><a href=\"http:\/\/www.meteosojuela.es\"><img aria-describedby=\"caption-attachment-66976\" loading=\"lazy\" class=\"size-full wp-image-66976\" src=\"https:\/\/www.meteosojuela.es\/wp-content\/uploads\/2021\/04\/Tendencia-del-tiempo-en-La-Rioja-3004-Meteosojuela-La-Rioja.-Jose-Calvo.jpg\" alt=\"Tendencia del tiempo en La Rioja 3004 Meteosojuela La Rioja. Jose Calvo\" width=\"960\" height=\"720\" \/><\/a><p id=\"caption-attachment-66976\" class=\"wp-caption-text\">Tendencia del tiempo en La Rioja 3004 Meteosojuela La Rioja. Jose Calvo<\/p><\/div>\n<div id=\"attachment_66977\" style=\"width: 970px\" class=\"wp-caption aligncenter\"><a href=\"http:\/\/www.meteosojuela.es\"><img aria-describedby=\"caption-attachment-66977\" loading=\"lazy\" class=\"size-full wp-image-66977\" src=\"https:\/\/www.meteosojuela.es\/wp-content\/uploads\/2021\/04\/Tendencia-del-tiempo-en-La-Rioja-30-04-Meteosojuela-La-Rioja.-Jose-Calvo.jpg\" alt=\"Tendencia del tiempo en La Rioja 30 04 Meteosojuela La Rioja. Jose Calvo\" width=\"960\" height=\"720\" \/><\/a><p id=\"caption-attachment-66977\" class=\"wp-caption-text\">Tendencia del tiempo en La Rioja 30 04 Meteosojuela La Rioja. Jose Calvo<\/p><\/div>\n<p>&nbsp;<\/p>\n<p>&nbsp;<\/p>\n<p>Os dejo el \u00faltimo <strong>programa en 7LaRioja TV <\/strong>con todas vuestras im\u00e1genes<\/p>\n<p style=\"text-align: center;\"><iframe loading=\"lazy\" title=\"YouTube video player\" src=\"https:\/\/www.youtube.com\/embed\/oaLYgj0AmLs\" width=\"560\" height=\"315\" frameborder=\"0\" allowfullscreen=\"allowfullscreen\"><\/iframe><\/p>\n<div><\/div>\n<div>Pod\u00e9is seguir a Meteosojuela en todas las redes sociales<\/div>\n<div style=\"text-align: center;\"><\/div>\n<p style=\"text-align: left;\"><a href=\"https:\/\/www.facebook.com\/Meteosojuela\"><strong>FACEBOOK<\/strong><\/a><\/p>\n<p><a href=\"https:\/\/twitter.com\/meteosojuela\"><strong>TWITER<\/strong><\/a><\/p>\n<p><a href=\"https:\/\/www.instagram.com\/meteosojuela.larioja\/\"><strong>INSTAGRAM<\/strong><\/a><\/p>\n<p>Adem\u00e1s pod\u00e9is tener la informaci\u00f3n diaria del tiempo en vuestro muro de <a href=\"https:\/\/www.facebook.com\/Meteosojuela\"><strong>FACEBOOK<\/strong><\/a> o de <a href=\"https:\/\/twitter.com\/meteosojuela\"><strong>TWITER<\/strong><\/a><\/p>\n<p>&nbsp;<\/p>\n<p style=\"text-align: center;\"><a href=\"http:\/\/www.meteosojuela.es\"><strong>ESTACIONES METEOROLOGICAS Y WEB CAMS EN LOGRO\u00d1O EN TIEMPO REAL<\/strong><\/a><br \/>\n<b><a href=\"http:\/\/www.meteosojuela.es\">Web Cams La Rioja<\/a>. <a href=\"https:\/\/www.meteosojuela.es\/logrono-sur\/\">Web Cam Logro\u00f1o Su<\/a><a href=\"https:\/\/www.meteosojuela.es\/logrono-sur\/\">r<\/a><\/b><a href=\"https:\/\/www.meteosojuela.es\/\" target=\"_blank\" rel=\"noopener\"><img class=\"aligncenter\" style=\"visibility: visible;\" src=\"https:\/\/www.meteosojuela.es\/logrowebcam2_TVL.jpg?1524236842986\" alt=\"Webcam Logro\u00f1o\" \/><\/a><\/p>\n<p><a href=\"https:\/\/www.meteosojuela.es\/\" target=\"_blank\" rel=\"noopener\"><img class=\"aligncenter\" style=\"visibility: visible;\" src=\"\/\/www.meteosojuela.es\/josecalvo\/webcamlog3\/current2-60s.jpg?1567688432677\" alt=\"Webcam Logro\u00f1o\" \/><\/a><\/p>\n","protected":false},"excerpt":{"rendered":"<p>Le ha costado, pero por fin la lluvia ha hecho acto de presencia. El ambiente inestable ha sido predominante buena parte de la semana, y parece que as\u00ed continuar\u00e1. Si nos fijamos en la Animaci\u00f3n de Altura Geopotencial a 500hPa y en Superficie podemos ver como persiste la vaguada de aire fr\u00edo e inestable sobre [&hellip;]<\/p>\n","protected":false},"author":41,"featured_media":3735,"comment_status":"open","ping_status":"closed","sticky":false,"template":"","format":"standard","meta":[],"categories":[9],"tags":[153,274,309],"_links":{"self":[{"href":"https:\/\/blogs.larioja.com\/eltiempo\/wp-json\/wp\/v2\/posts\/3734"}],"collection":[{"href":"https:\/\/blogs.larioja.com\/eltiempo\/wp-json\/wp\/v2\/posts"}],"about":[{"href":"https:\/\/blogs.larioja.com\/eltiempo\/wp-json\/wp\/v2\/types\/post"}],"author":[{"embeddable":true,"href":"https:\/\/blogs.larioja.com\/eltiempo\/wp-json\/wp\/v2\/users\/41"}],"replies":[{"embeddable":true,"href":"https:\/\/blogs.larioja.com\/eltiempo\/wp-json\/wp\/v2\/comments?post=3734"}],"version-history":[{"count":2,"href":"https:\/\/blogs.larioja.com\/eltiempo\/wp-json\/wp\/v2\/posts\/3734\/revisions"}],"predecessor-version":[{"id":3737,"href":"https:\/\/blogs.larioja.com\/eltiempo\/wp-json\/wp\/v2\/posts\/3734\/revisions\/3737"}],"wp:featuredmedia":[{"embeddable":true,"href":"https:\/\/blogs.larioja.com\/eltiempo\/wp-json\/wp\/v2\/media\/3735"}],"wp:attachment":[{"href":"https:\/\/blogs.larioja.com\/eltiempo\/wp-json\/wp\/v2\/media?parent=3734"}],"wp:term":[{"taxonomy":"category","embeddable":true,"href":"https:\/\/blogs.larioja.com\/eltiempo\/wp-json\/wp\/v2\/categories?post=3734"},{"taxonomy":"post_tag","embeddable":true,"href":"https:\/\/blogs.larioja.com\/eltiempo\/wp-json\/wp\/v2\/tags?post=3734"}],"curies":[{"name":"wp","href":"https:\/\/api.w.org\/{rel}","templated":true}]}}