{"id":524,"date":"2014-10-10T08:33:29","date_gmt":"2014-10-10T06:33:29","guid":{"rendered":"http:\/\/blogs.larioja.com\/eltiempo\/?p=524"},"modified":"2014-10-10T08:33:29","modified_gmt":"2014-10-10T06:33:29","slug":"fin-de-semana-revuelto-e-inestable-con-vientos-abregos-que-dejaran-lluvia-y-temperaturas-suaves","status":"publish","type":"post","link":"https:\/\/blogs.larioja.com\/eltiempo\/2014\/10\/10\/fin-de-semana-revuelto-e-inestable-con-vientos-abregos-que-dejaran-lluvia-y-temperaturas-suaves\/","title":{"rendered":"Fin de semana revuelto e inestable, con vientos \u00e1bregos que dejar\u00e1n lluvia y temperaturas suaves"},"content":{"rendered":"<div class=\"separator\" style=\"clear: both; text-align: center;\"><\/div>\n<div style=\"text-align: center;\"><span style=\"color: blue;\"><span style=\"font-size: large;\">TENDENCIA FIN DE SEMANA<\/span><\/span><\/div>\n<div class=\"separator\" style=\"clear: both; text-align: center;\"><a style=\"margin-left: 1em; margin-right: 1em;\" href=\"http:\/\/2.bp.blogspot.com\/-mv9gL1XhKp4\/VDb7uhWOKUI\/AAAAAAAAXG8\/RARoUpTS4Rk\/s1600\/TENDENCIA%2Bfn%2Bde%2Bsemana%2B1010.jpg\"><img loading=\"lazy\" src=\"\/\/2.bp.blogspot.com\/-mv9gL1XhKp4\/VDb7uhWOKUI\/AAAAAAAAXG8\/RARoUpTS4Rk\/s1600\/TENDENCIA%2Bfn%2Bde%2Bsemana%2B1010.jpg\" alt=\"\" width=\"640\" height=\"480\" border=\"0\" \/><\/a><\/div>\n<div style=\"text-align: center;\"><span style=\"color: blue;\"><span style=\"font-size: large;\">PREVISIONES METEOROLOGICAS<\/span><\/span><\/div>\n<p><span style=\"font-size: large;\">Comentabamos el otro d\u00eda en la predicci\u00f3n semanal, que los vientos \u00e1bregos o llovedores, apenas dejaban precipitaci\u00f3n en La Rioja, debido a que ya llegaban &#8220;descargados&#8221; de humedad, al atravesar los sistemas monta\u00f1osos.<\/span><\/p>\n<p><span style=\"font-size: large;\">Os dec\u00eda que hab\u00eda dos excepciones, una que los frentes fuesen m\u00e1s activos y otra que los vientos fuesen de una componente m\u00e1s W.<\/span><\/p>\n<p><span style=\"font-size: large;\">Pues la primera se esta dando durante estos d\u00edas&#8230;&#8230;&#8230;la profunda borrasca situada en el entorno de las Islas Brit\u00e1nicas env\u00eda frentes bastante activos y adem\u00e1s de lenta evoluci\u00f3n&#8230;..fijaos como se ve desde el sat\u00e9lite&#8230;.<\/span><\/p>\n<div class=\"separator\" style=\"clear: both; text-align: center;\"><a style=\"margin-left: 1em; margin-right: 1em;\" href=\"http:\/\/1.bp.blogspot.com\/-D35lM6ENP9g\/VDaCZjjotLI\/AAAAAAAAXEA\/uJOqjGY4nGU\/s1600\/FRENTE%2B0910%2B1.png\"><img loading=\"lazy\" src=\"\/\/1.bp.blogspot.com\/-D35lM6ENP9g\/VDaCZjjotLI\/AAAAAAAAXEA\/uJOqjGY4nGU\/s1600\/FRENTE%2B0910%2B1.png\" alt=\"\" width=\"400\" height=\"353\" border=\"0\" \/><\/a><\/div>\n<p><span style=\"font-size: large;\">&#8230;esta dejando precipitaciones localmente intensas que han superado los 50 litros en las caras Sur de la Ib\u00e9rica y que podemos ver as\u00ed en el radar&#8230;.<\/span><\/p>\n<div class=\"separator\" style=\"clear: both; text-align: center;\"><\/div>\n<div class=\"separator\" style=\"clear: both; text-align: center;\"><a style=\"margin-left: 1em; margin-right: 1em;\" href=\"http:\/\/3.bp.blogspot.com\/-FBPd0EiIiVM\/VDaEkC6QT8I\/AAAAAAAAXEM\/tinz5SdwD7I\/s1600\/FRENTE09102.gif\"><img loading=\"lazy\" src=\"\/\/3.bp.blogspot.com\/-FBPd0EiIiVM\/VDaEkC6QT8I\/AAAAAAAAXEM\/tinz5SdwD7I\/s1600\/FRENTE09102.gif\" alt=\"\" width=\"361\" height=\"400\" border=\"0\" \/><\/a><\/div>\n<p><span style=\"font-size: large;\"><br \/>\n<\/span><br \/>\n<span style=\"font-size: large;\">Os dejo la animaci\u00f3n de estos d\u00edas pasados&#8230;porque se observa muy bien la evoluci\u00f3n de la borrasca y como va generando los frentes que nos afectan..<\/span><\/p>\n<div class=\"separator\" style=\"clear: both; text-align: center;\"><a style=\"margin-left: 1em; margin-right: 1em;\" href=\"http:\/\/3.bp.blogspot.com\/-Sr8im3rPs4Q\/VDaHbX_VpGI\/AAAAAAAAXEY\/XTyZ821f0ug\/s1600\/anigif0610.gif\"><img loading=\"lazy\" src=\"\/\/3.bp.blogspot.com\/-Sr8im3rPs4Q\/VDaHbX_VpGI\/AAAAAAAAXEY\/XTyZ821f0ug\/s1600\/anigif0610.gif\" alt=\"\" width=\"400\" height=\"353\" border=\"0\" \/>Y<\/a><\/div>\n<p><span style=\"font-size: large;\">Y eso que el comienzo de semana fue tranquilo con temperaturas suaves y bonitos amaneceres&#8230;<\/span><\/p>\n<div class=\"separator\" style=\"clear: both; text-align: center;\"><a style=\"margin-left: 1em; margin-right: 1em;\" href=\"http:\/\/1.bp.blogspot.com\/-VAIAK6Pdw6w\/VDcQxkeBv-I\/AAAAAAAAXH8\/aUXwZuPgdIU\/s1600\/4-IMG_2743.jpg\"><img loading=\"lazy\" src=\"\/\/1.bp.blogspot.com\/-VAIAK6Pdw6w\/VDcQxkeBv-I\/AAAAAAAAXH8\/aUXwZuPgdIU\/s1600\/4-IMG_2743.jpg\" alt=\"\" width=\"640\" height=\"427\" border=\"0\" \/><\/a><\/div>\n<p><span style=\"font-size: large;\">&#8230;y atardeceres&#8230;&#8230; tras la tormenta&#8230;..<\/span><\/p>\n<div class=\"separator\" style=\"clear: both; text-align: center;\"><a style=\"margin-left: 1em; margin-right: 1em;\" href=\"http:\/\/1.bp.blogspot.com\/-CFO0LqFssCA\/VDcW-CF7ciI\/AAAAAAAAXKI\/LH46yYnD26k\/s1600\/7-IMG_2820arcoiris%2Byredonda%2B-%2Bcopia.jpg\"><img loading=\"lazy\" src=\"\/\/1.bp.blogspot.com\/-CFO0LqFssCA\/VDcW-CF7ciI\/AAAAAAAAXKI\/LH46yYnD26k\/s1600\/7-IMG_2820arcoiris%2Byredonda%2B-%2Bcopia.jpg\" alt=\"\" width=\"640\" height=\"430\" border=\"0\" \/><\/a><\/div>\n<div class=\"separator\" style=\"clear: both; text-align: center;\"><\/div>\n<p><span style=\"font-size: large;\">No olvidamos que estos vientos del Sw han soplado con fuerza en zonas altas y han dejado temperaturas bastante suaves en el valle&#8230;.aqu\u00ed os pongo algunos datos recogidos el martes&#8230;<\/span><\/p>\n<div class=\"separator\" style=\"clear: both; text-align: center;\"><a style=\"margin-left: 1em; margin-right: 1em;\" href=\"http:\/\/4.bp.blogspot.com\/-JlNzAbfwA_k\/VDerZpyy0kI\/AAAAAAAAXLE\/OPoLESt_VYE\/s1600\/mapa%2Brioja07102014.jpg\"><img loading=\"lazy\" src=\"\/\/4.bp.blogspot.com\/-JlNzAbfwA_k\/VDerZpyy0kI\/AAAAAAAAXLE\/OPoLESt_VYE\/s1600\/mapa%2Brioja07102014.jpg\" alt=\"\" width=\"640\" height=\"480\" border=\"0\" \/><\/a><\/div>\n<p>&nbsp;<\/p>\n<p>&nbsp;<\/p>\n<p><span style=\"font-size: large;\">Bueno&#8230;pero a lo que vamos&#8230;que esperamos para los pr\u00f3ximos d\u00edas..?..<\/span><\/p>\n<p><span style=\"font-size: large;\"><br \/>\n<\/span><br \/>\n<span style=\"font-size: large;\">Nos encontramos bajo la influencia de esa profunda borrasca y sus frentes asociados, por lo que continuaremos con tiempo inestable, revuelto, con humedad y temperaturas que no ser\u00e1n fr\u00edas.<\/span><\/p>\n<p><span style=\"font-size: large;\"><br \/>\n<\/span><\/p>\n<p><span style=\"font-size: large;\"><span style=\"color: #444444;\"><strong>\u00a0.- Configuraci\u00f3n atmosf\u00e9rica<\/strong><\/span>.<\/span><\/p>\n<p><span style=\"font-size: large;\">Durante el fin de semana, vamos a estar bajo la influencia de la profunda borrasca, situada en el entorno de las Islas Brit\u00e1nicas.<\/span><\/p>\n<p><span style=\"font-size: large;\">Los frentes asociados nos ir\u00e1n atravesando durante los pr\u00f3ximos d\u00edas.<\/span><\/p>\n<p><span style=\"font-size: large;\">Altas presiones lejos de la pen\u00ednsula.<\/span><\/p>\n<p><span style=\"font-size: large;\">El anticicl\u00f3n centoeuropeo hace de barrera en el discurrir natural de las borrascas, por lo que el paso de frentes es bastante lento&#8230;.siendo frentes activos casi estacionarios&#8230;<\/span><\/p>\n<div class=\"separator\" style=\"clear: both; text-align: center;\"><a style=\"margin-left: 1em; margin-right: 1em;\" href=\"http:\/\/1.bp.blogspot.com\/-quCDf6JFCAk\/VDa2OgMwwOI\/AAAAAAAAXGI\/W4ykXM2eGzU\/s1600\/europa%2Bmayor%2Bbasico0910.jpg\"><img loading=\"lazy\" src=\"\/\/1.bp.blogspot.com\/-quCDf6JFCAk\/VDa2OgMwwOI\/AAAAAAAAXGI\/W4ykXM2eGzU\/s1600\/europa%2Bmayor%2Bbasico0910.jpg\" alt=\"\" width=\"640\" height=\"328\" border=\"0\" \/><\/a><\/div>\n<div class=\"separator\" style=\"clear: both; text-align: center;\"><\/div>\n<p><span style=\"font-size: large;\">\u00a0<\/span><span style=\"color: #444444;\"><strong><span style=\"font-size: large;\">Mapa significativo<\/span><\/strong><\/span><\/p>\n<p><span style=\"font-size: large;\">Amaneceres con <strong>brumas\u00a0<\/strong> en los valles y\u00a0 <strong>nieblas orogr\u00e1ficas<\/strong> en las monta\u00f1as por la humedad\u00a0 acumulada tras las \u00faltimas precipitaciones.<\/span><\/p>\n<p><span style=\"font-size: large;\"><br \/>\n<\/span><strong>\u00a0<\/strong><span style=\"font-size: large;\"><strong>Cielos<\/strong> nubosos o muy nubosos con intervalos de claros, m\u00e1s frecuentes en el valle.<\/span><\/p>\n<p><span style=\"font-size: large;\">Los cielos estar\u00edan muy nubosos cuando pasen los frentes y entre frente y frente podremos ver el sol&#8230;.que con vientos del Sw nos har\u00e1n disfrutar de momentos agradables.<\/span><\/p>\n<p><span style=\"font-size: large;\"><strong>Precipitaciones<\/strong> que pueden afectar a cualquier punto y que localmente pueden ser intensas y persistentes.<\/span><\/p>\n<p><span style=\"font-size: large;\">Las laderas orientadas a los vientos dominantes (S-Sw) son las m\u00e1s proclives a recibir mayor cantidad de precipitaci\u00f3n. <\/span><\/p>\n<p><span style=\"font-size: large;\"><strong>Temperaturas <\/strong>suaves por el predominio de<strong> vientos<\/strong> del Sw-Se.<\/span><br \/>\n<span style=\"font-size: large;\"><br \/>\n<\/span><br \/>\n<span style=\"font-size: large;\">El viernes parece que ser\u00e1 el d\u00eda m\u00e1s complicado con tendencia a mejorar, s\u00e1bado tranquilo y m\u00e1s revuelto el domingo<\/span><\/p>\n<div class=\"separator\" style=\"clear: both; text-align: center;\"><\/div>\n<div class=\"separator\" style=\"clear: both; text-align: center;\"><a style=\"margin-left: 1em; margin-right: 1em;\" href=\"http:\/\/1.bp.blogspot.com\/-LeSsUxztNwg\/VDa6pIwLpMI\/AAAAAAAAXGU\/KO8GnE-V7Mk\/s1600\/VALLE%2BDEL%2BEBRO%2B1010.jpg\"><img loading=\"lazy\" src=\"\/\/1.bp.blogspot.com\/-LeSsUxztNwg\/VDa6pIwLpMI\/AAAAAAAAXGU\/KO8GnE-V7Mk\/s1600\/VALLE%2BDEL%2BEBRO%2B1010.jpg\" alt=\"\" width=\"640\" height=\"374\" border=\"0\" \/><\/a><\/div>\n<p><span style=\"font-size: large;\">Vamos a verlo por d\u00edas&#8230;&#8230;\u00a0 <\/span><\/p>\n<p>&nbsp;<\/p>\n<p>&nbsp;<\/p>\n<p><strong><span style=\"color: #cc0000;\"><span style=\"font-size: large;\">VIERNES 10 DE OCTUBRE: REVUELTO E INESTABLE CON PRECIPITACIONES Y TEMPERATURAS SUAVES.TENDENCIA A MEJORAR TRA EL PASO DEL FRENTE<br \/>\n<\/span><\/span><\/strong><\/p>\n<div class=\"separator\" style=\"clear: both; text-align: center;\"><a style=\"margin-left: 1em; margin-right: 1em;\" href=\"http:\/\/3.bp.blogspot.com\/-UuUiWBKsPyM\/VDeoBhxE2OI\/AAAAAAAAXK4\/mrYsoAJOI1E\/s1600\/viernes10.png\"><img loading=\"lazy\" src=\"\/\/3.bp.blogspot.com\/-UuUiWBKsPyM\/VDeoBhxE2OI\/AAAAAAAAXK4\/mrYsoAJOI1E\/s1600\/viernes10.png\" alt=\"\" width=\"400\" height=\"63\" border=\"0\" \/><\/a><\/div>\n<div class=\"separator\" style=\"clear: both; text-align: center;\"><\/div>\n<div style=\"text-align: center;\"><\/div>\n<p><span style=\"font-size: large;\">Un frentes estacionario asociado a la borrasca nos dejar\u00e1 un d\u00eda gris y h\u00famedo, con tendencia a mejorar tras su paso.<br \/>\n<\/span><\/p>\n<p><span style=\"color: #444444;\"><strong><span style=\"font-size: large;\">Estado del cielo<\/span><\/strong><\/span><\/p>\n<p><span style=\"font-size: large;\">Brumas en los valles y nieblas orogr\u00e1ficas al amanecer fruto del de la humedad acumulada durante los \u00faltimos d\u00edas<\/span>.<\/p>\n<p><span style=\"font-size: large;\">Tendremos cielos nubosos o muy nubosos por la persistencia del frente. Tras el paso del mismo los cielos quedar\u00e1n con intervalos de nubes y claros.<\/span><\/p>\n<p><span style=\"color: #444444;\"><strong><span style=\"font-size: large;\">Precipitaciones.<\/span><\/strong><\/span><\/p>\n<p><span style=\"font-size: large;\">Chubascos\u00a0 persistentes, que pueden afectar a cualquier punto y que ser\u00e1n m\u00e1s frecuentes en las laderas orientadas al sur.<\/span><\/p>\n<p><span style=\"font-size: large;\">Tras el paso del frente, cesar\u00e1n las precipitaciones hasta la llegada del siguiente.<\/span><\/p>\n<p><span style=\"font-size: large;\">Seg\u00fan la AEMET las cantidades que se esperan rondaran los 5-10 litros.<\/span><\/p>\n<div class=\"separator\" style=\"clear: both; text-align: center;\"><a style=\"margin-left: 1em; margin-right: 1em;\" href=\"http:\/\/4.bp.blogspot.com\/-ZONHyyoBSFw\/VDa8OPLTnyI\/AAAAAAAAXGg\/ruJ46tyn6Lw\/s1600\/preci1010.png\"><img loading=\"lazy\" src=\"\/\/4.bp.blogspot.com\/-ZONHyyoBSFw\/VDa8OPLTnyI\/AAAAAAAAXGg\/ruJ46tyn6Lw\/s1600\/preci1010.png\" alt=\"\" width=\"400\" height=\"316\" border=\"0\" \/><\/a><\/div>\n<p><span style=\"color: #444444;\"><strong><span style=\"font-size: large;\">Vientos.<\/span><\/strong><\/span><\/p>\n<p><span style=\"font-size: large;\">Vientos flojos del Sw en zonas altas y del Se en la ribera.<\/span><br \/>\n<span style=\"color: #444444;\"><strong><span style=\"font-size: large;\">Temperaturas.<\/span><\/strong><\/span><\/p>\n<p><span style=\"font-size: large;\">Temperaturas suaves con poquita amplitud t\u00e9rmica.<\/span><\/p>\n<p><span style=\"font-size: large;\">M\u00ednimas entre 13-15\u00baC y m\u00e1ximas alrededor de 18-20\u00baC <\/span><\/p>\n<p><span style=\"color: #444444;\"><strong><span style=\"font-size: large;\">Avisos<\/span><\/strong><\/span><\/p>\n<p><span style=\"font-size: large;\">Sin avisos<\/span><br \/>\n<span style=\"color: #cc0000;\"><br \/>\n<\/span><br \/>\n<span style=\"color: #cc0000;\"><span style=\"font-size: large;\"><strong>SABADO 11 DE OCTUBRE: MEJORIA TRANSITORIA PERO EF\u00cdMERA.NUEVO FRENTE A LA VISTA<br \/>\n<\/strong><\/span><\/span><\/p>\n<div style=\"text-align: center;\"><\/div>\n<div class=\"separator\" style=\"clear: both; text-align: center;\"><a style=\"margin-left: 1em; margin-right: 1em;\" href=\"http:\/\/4.bp.blogspot.com\/-7P2aihHA3Dg\/VDemkMKU0EI\/AAAAAAAAXKg\/iLVvWOmWVH8\/s1600\/viernes10%2B1.png\"><img loading=\"lazy\" src=\"\/\/4.bp.blogspot.com\/-7P2aihHA3Dg\/VDemkMKU0EI\/AAAAAAAAXKg\/iLVvWOmWVH8\/s1600\/viernes10%2B1.png\" alt=\"\" width=\"400\" height=\"63\" border=\"0\" \/><\/a><\/div>\n<p><span style=\"font-size: large;\">Entre frente y frente, tendremos una mejor\u00eda con menos nubes pero empeorandode forma progresiva.<\/span><\/p>\n<p><span style=\"color: #444444;\"><strong><span style=\"font-size: large;\">Estado del cielos.<\/span><\/strong><\/span><\/p>\n<p><span style=\"font-size: large;\">Brumas matinales en los valles y nieblas orogr\u00e1ficas en las monta\u00f1as por la ma\u00f1ana.<\/span><\/p>\n<p><span style=\"font-size: large;\">Los cielos estar\u00e1n con intervalos de nubes y claros pero progresivamente ir\u00e1n quedando m\u00e1s nubosos.<\/span><span style=\"font-size: large;\"><br \/>\n<\/span><br \/>\n<span style=\"color: #444444;\"><strong><span style=\"font-size: large;\">Precipitaciones.<\/span><\/strong><\/span><\/p>\n<p><span style=\"font-size: large;\">Chubascos d\u00e9biles en principio en monta\u00f1a pero que al final del d\u00eda pueden ser m\u00e1s persistentes y afectar al valle.<\/span><\/p>\n<p><span style=\"font-size: large;\">Esta es la probabilidad de precipitaci\u00f3n seg\u00fan la AEMET.<\/span><\/p>\n<div class=\"separator\" style=\"clear: both; text-align: center;\"><a style=\"margin-left: 1em; margin-right: 1em;\" href=\"http:\/\/2.bp.blogspot.com\/-dHquncchMM4\/VDa-4st-bwI\/AAAAAAAAXGs\/okJBO6hS1n4\/s1600\/preci1110.png\"><img loading=\"lazy\" src=\"\/\/2.bp.blogspot.com\/-dHquncchMM4\/VDa-4st-bwI\/AAAAAAAAXGs\/okJBO6hS1n4\/s1600\/preci1110.png\" alt=\"\" width=\"400\" height=\"316\" border=\"0\" \/><\/a><\/div>\n<div class=\"separator\" style=\"clear: both; text-align: center;\"><\/div>\n<p><span style=\"font-size: large;\"><span style=\"color: #444444;\"><strong>Vientos.<\/strong><\/span><\/span><\/p>\n<p><span style=\"font-size: large;\">Vientos flojos del Sw en la Ib\u00e9rica y del Se<\/span><span style=\"color: #444444;\"><strong><span style=\"font-size: large;\"><br \/>\n<\/span><\/strong><\/span><\/p>\n<p><span style=\"color: #444444;\"><strong><span style=\"font-size: large;\">Temperaturas.<\/span><\/strong><\/span><\/p>\n<p><span style=\"font-size: large;\">Temperaturas m\u00ednimas sin cambios.<\/span><\/p>\n<p><span style=\"font-size: large;\">Las m\u00e1ximas pueden bajar alg\u00fan grado. Quedar\u00e1n entre 16 y 18\u00baC<\/span><\/p>\n<p><span style=\"font-size: large;\"><br \/>\n<\/span><\/p>\n<p><span style=\"color: #444444;\"><strong><span style=\"font-size: large;\">Avisos<\/span><\/strong><\/span><\/p>\n<p><span style=\"font-size: large;\">Sin avisos<\/span><\/p>\n<p><span style=\"font-size: large;\"><br \/>\n<\/span><\/p>\n<p><span style=\"color: #cc0000;\"><span style=\"font-size: large;\"><strong>DOMINGO 12 DE OCTUBRE: EL DIA DEL PILAR REGRESA DE NUEVO LA INESTABILIDAD CON MAS NUBES Y PRECIPITACIONES<\/strong><\/span><\/span><\/p>\n<div class=\"separator\" style=\"clear: both; text-align: center;\"><a style=\"margin-left: 1em; margin-right: 1em;\" href=\"http:\/\/1.bp.blogspot.com\/-9CIFha3n1ng\/VDemyUvYmrI\/AAAAAAAAXKo\/2E5mUrDcWuE\/s1600\/viernes10%2B2.png\"><img loading=\"lazy\" src=\"\/\/1.bp.blogspot.com\/-9CIFha3n1ng\/VDemyUvYmrI\/AAAAAAAAXKo\/2E5mUrDcWuE\/s1600\/viernes10%2B2.png\" alt=\"\" width=\"400\" height=\"63\" border=\"0\" \/><\/a><\/div>\n<div style=\"text-align: center;\"><\/div>\n<p><span style=\"font-size: large;\">Un nuevo frente nos afectar\u00e1 dejando los cielos cubiertos y precipitaciones<\/span><\/p>\n<p><span style=\"font-size: large;\"><span style=\"color: #444444;\"><strong>Estado del cielo<\/strong><\/span>.<\/span><\/p>\n<p><span style=\"font-size: large;\">Seguiremos con brumas en los valles y nieblas orogr\u00e1ficas en las monta\u00f1as ya que el ambiente es muy h\u00famedo<\/span><\/p>\n<p><span style=\"color: #444444;\"><strong><span style=\"font-size: large;\">Precipitaciones.<\/span><\/strong><\/span><\/p>\n<p><span style=\"font-size: large;\">Chubascos d\u00e9biles , localmente intensos y persistentes sobre todo en las laderas orientadas al sur.<\/span><\/p>\n<p><span style=\"font-size: large;\">La probabilidad de precipitaci\u00f3n seg\u00fan AEMET es de entre 5 y 10litros<\/span><\/p>\n<div class=\"separator\" style=\"clear: both; text-align: center;\"><a style=\"margin-left: 1em; margin-right: 1em;\" href=\"http:\/\/2.bp.blogspot.com\/-IImLsq85xQI\/VDcU43M9xXI\/AAAAAAAAXJU\/qi0NUllDdl8\/s1600\/probpreci1210.png\"><img loading=\"lazy\" src=\"\/\/2.bp.blogspot.com\/-IImLsq85xQI\/VDcU43M9xXI\/AAAAAAAAXJU\/qi0NUllDdl8\/s1600\/probpreci1210.png\" alt=\"\" width=\"400\" height=\"316\" border=\"0\" \/><\/a><\/div>\n<p><span style=\"font-size: large;\"><br \/>\n<\/span><\/p>\n<div class=\"separator\" style=\"clear: both; text-align: center;\"><\/div>\n<p><strong><span style=\"color: #444444;\"><span style=\"font-size: large;\">Vientos.<\/span><\/span><\/strong><\/p>\n<p><span style=\"font-size: large;\">Continuaremos con vientos flojos del Sw en zonas altas y del Se en el valle.<\/span><\/p>\n<p><span style=\"color: #444444;\"><strong><span style=\"font-size: large;\">Temperaturas.<\/span><\/strong><\/span><\/p>\n<p><span style=\"font-size: large;\">Las temperaturas pueden descender alg\u00fan grado.<\/span><\/p>\n<p><span style=\"font-size: large;\">Quedar\u00edan las m\u00ednimas alrededor de los 12-14\u00baC y las m\u00e1ximas entorno a los 14-17\u00baC<\/span><\/p>\n<div class=\"separator\" style=\"clear: both; text-align: center;\"><\/div>\n<p><span style=\"font-size: large;\">As\u00ed<br \/>\nque ya v\u00e9is, nos espera un fin de semana t\u00edpicamente oto\u00f1al con ambiente revuelto e inestable. Precipitaciones que pueden afectar a cualquier punto y temperaturas que no ser\u00e1n fr\u00edas.<\/span><\/p>\n<p><span style=\"font-size: large;\"><br \/>\n<\/span><br \/>\n<span style=\"font-size: large;\">M\u00e1s informaici\u00f3n con fotos, modelos y animaciones en <a href=\"http:\/\/meteosojuela.blogspot.com.es\/\" target=\"_blank\"><span style=\"color: #cc0000;\">Meteosojuela Blog<\/span><\/a><\/span><\/p>\n<p><span style=\"font-size: large;\">Y hoy os dejo algunas fotos m\u00e1s de esta semana&#8230;<\/span><\/p>\n<p><span style=\"font-size: large;\">Luna casi llena ya que la luna llena no nos la dejaon ver las nubes&#8230;<\/span><\/p>\n<div class=\"separator\" style=\"clear: both; text-align: center;\"><a style=\"margin-left: 1em; margin-right: 1em;\" href=\"http:\/\/2.bp.blogspot.com\/-FjGMhKvV0T4\/VDcV0-pldhI\/AAAAAAAAXJg\/W-zmYP9WsoM\/s1600\/3-IMG_2738lunacasillena.jpg\"><img loading=\"lazy\" src=\"\/\/2.bp.blogspot.com\/-FjGMhKvV0T4\/VDcV0-pldhI\/AAAAAAAAXJg\/W-zmYP9WsoM\/s1600\/3-IMG_2738lunacasillena.jpg\" alt=\"\" width=\"502\" height=\"640\" border=\"0\" \/><\/a><\/div>\n<p><span style=\"font-size: large;\">Amaneceres con estratoc\u00famulos&#8230;..<\/span><\/p>\n<div class=\"separator\" style=\"clear: both; text-align: center;\"><a style=\"margin-left: 1em; margin-right: 1em;\" href=\"http:\/\/1.bp.blogspot.com\/-mmG7r0JtJhU\/VDcV0t4ULoI\/AAAAAAAAXJc\/BrKu_Hrpt48\/s1600\/05-IMG_2802.JPG\"><img loading=\"lazy\" src=\"\/\/1.bp.blogspot.com\/-mmG7r0JtJhU\/VDcV0t4ULoI\/AAAAAAAAXJc\/BrKu_Hrpt48\/s1600\/05-IMG_2802.JPG\" alt=\"\" width=\"640\" height=\"426\" border=\"0\" \/><\/a><\/div>\n<p><span style=\"font-size: large;\">&#8230;y con estelas de condensaci\u00f3n&#8230;<\/span><\/p>\n<div class=\"separator\" style=\"clear: both; text-align: center;\"><a style=\"margin-left: 1em; margin-right: 1em;\" href=\"http:\/\/3.bp.blogspot.com\/-eFqSemmZ26A\/VDcV1Jpv8PI\/AAAAAAAAXJk\/WPYszyP-5LQ\/s1600\/6-cohete1.jpg\"><img loading=\"lazy\" src=\"\/\/3.bp.blogspot.com\/-eFqSemmZ26A\/VDcV1Jpv8PI\/AAAAAAAAXJk\/WPYszyP-5LQ\/s1600\/6-cohete1.jpg\" alt=\"\" width=\"640\" height=\"454\" border=\"0\" \/><\/a><\/div>\n<p><span style=\"font-size: large;\">&#8230;.y el arcoiris saliendo o entrando..:-))&#8230;en la Torre Blanca&#8230;<\/span><\/p>\n<div class=\"separator\" style=\"clear: both; text-align: center;\"><a style=\"margin-left: 1em; margin-right: 1em;\" href=\"http:\/\/3.bp.blogspot.com\/-JhR-zdvYvvY\/VDcV11L1vcI\/AAAAAAAAXJs\/VCePhKXZyWo\/s1600\/9-IMG_2836.jpg\"><img loading=\"lazy\" src=\"\/\/3.bp.blogspot.com\/-JhR-zdvYvvY\/VDcV11L1vcI\/AAAAAAAAXJs\/VCePhKXZyWo\/s1600\/9-IMG_2836.jpg\" alt=\"\" width=\"640\" height=\"426\" border=\"0\" \/><\/a><a style=\"margin-left: 1em; margin-right: 1em;\" href=\"http:\/\/1.bp.blogspot.com\/-6_dbBNihk8g\/VDcV1axeD8I\/AAAAAAAAXJo\/nOqTniDLqLE\/s1600\/8-IMG_2831.jpg\"><img loading=\"lazy\" src=\"\/\/1.bp.blogspot.com\/-6_dbBNihk8g\/VDcV1axeD8I\/AAAAAAAAXJo\/nOqTniDLqLE\/s1600\/8-IMG_2831.jpg\" alt=\"\" width=\"640\" height=\"384\" border=\"0\" \/><\/a><\/div>\n<p><span style=\"font-size: large;\">\u00a0<\/span><\/p>\n","protected":false},"excerpt":{"rendered":"<p>TENDENCIA FIN DE SEMANA PREVISIONES METEOROLOGICAS Comentabamos el otro d\u00eda en la predicci\u00f3n semanal, que los vientos \u00e1bregos o llovedores, apenas dejaban precipitaci\u00f3n en La Rioja, debido a que ya llegaban &#8220;descargados&#8221; de humedad, al atravesar los sistemas monta\u00f1osos. Os dec\u00eda que hab\u00eda dos excepciones, una que los frentes fuesen m\u00e1s activos y otra que [&hellip;]<\/p>\n","protected":false},"author":41,"featured_media":0,"comment_status":"open","ping_status":"closed","sticky":false,"template":"","format":"standard","meta":[],"categories":[9],"tags":[17,45,67,353],"_links":{"self":[{"href":"https:\/\/blogs.larioja.com\/eltiempo\/wp-json\/wp\/v2\/posts\/524"}],"collection":[{"href":"https:\/\/blogs.larioja.com\/eltiempo\/wp-json\/wp\/v2\/posts"}],"about":[{"href":"https:\/\/blogs.larioja.com\/eltiempo\/wp-json\/wp\/v2\/types\/post"}],"author":[{"embeddable":true,"href":"https:\/\/blogs.larioja.com\/eltiempo\/wp-json\/wp\/v2\/users\/41"}],"replies":[{"embeddable":true,"href":"https:\/\/blogs.larioja.com\/eltiempo\/wp-json\/wp\/v2\/comments?post=524"}],"version-history":[{"count":0,"href":"https:\/\/blogs.larioja.com\/eltiempo\/wp-json\/wp\/v2\/posts\/524\/revisions"}],"wp:attachment":[{"href":"https:\/\/blogs.larioja.com\/eltiempo\/wp-json\/wp\/v2\/media?parent=524"}],"wp:term":[{"taxonomy":"category","embeddable":true,"href":"https:\/\/blogs.larioja.com\/eltiempo\/wp-json\/wp\/v2\/categories?post=524"},{"taxonomy":"post_tag","embeddable":true,"href":"https:\/\/blogs.larioja.com\/eltiempo\/wp-json\/wp\/v2\/tags?post=524"}],"curies":[{"name":"wp","href":"https:\/\/api.w.org\/{rel}","templated":true}]}}