{"id":571,"date":"2014-11-24T08:30:55","date_gmt":"2014-11-24T07:30:55","guid":{"rendered":"http:\/\/blogs.larioja.com\/eltiempo\/?p=571"},"modified":"2014-11-24T08:30:55","modified_gmt":"2014-11-24T07:30:55","slug":"semana-con-tiempo-revuelto-y-variable-fresco-y-con-mas-riesgo-de-precipitacion","status":"publish","type":"post","link":"https:\/\/blogs.larioja.com\/eltiempo\/2014\/11\/24\/semana-con-tiempo-revuelto-y-variable-fresco-y-con-mas-riesgo-de-precipitacion\/","title":{"rendered":"Semana con tiempo revuelto y variable, fresco y con m\u00e1s riesgo de precipitaci\u00f3n."},"content":{"rendered":"<div style=\"text-align: left;\" dir=\"ltr\">\n<div style=\"text-align: center;\"><span style=\"color: blue;\"><span style=\"font-size: large;\">TENDENCIA SEMANAL<\/span><\/span><\/div>\n<div class=\"separator\" style=\"clear: both; text-align: center;\"><a style=\"margin-left: 1em; margin-right: 1em;\" href=\"http:\/\/4.bp.blogspot.com\/-L-t2PKPAWY0\/VHJi7BvihwI\/AAAAAAAAY_A\/SVu6duVnzYI\/s1600\/TENDENCIA%2BSEMANAL%2B2311.jpg\"><img loading=\"lazy\" src=\"\/\/4.bp.blogspot.com\/-L-t2PKPAWY0\/VHJi7BvihwI\/AAAAAAAAY_A\/SVu6duVnzYI\/s1600\/TENDENCIA%2BSEMANAL%2B2311.jpg\" alt=\"\" width=\"640\" height=\"480\" border=\"0\" \/><\/a><\/div>\n<div style=\"text-align: center;\"><span style=\"font-size: large;\"><span style=\"color: blue;\">PREVISIONES METEOROLOGICAS<\/span><\/span><\/div>\n<p><span style=\"font-size: large;\">Tiempo oto\u00f1al el que seguimos viviendo en La Rioja, y en particular este fin de semana, marcado por grandes contrastes entre el valle, donde las nieblas han sido densas y persistentes, dejando un ambiente h\u00famedo y fresco&#8230;..as\u00ed se ve\u00edan desde el sat\u00e9lite&#8230;..\u00a0<\/span><\/p>\n<div class=\"separator\" style=\"clear: both; text-align: center;\"><a style=\"margin-left: 1em; margin-right: 1em;\" href=\"http:\/\/4.bp.blogspot.com\/-O-w7Q2bdgR8\/VHIFjV-bhKI\/AAAAAAAAY7E\/ZY2v0aA1jFw\/s1600\/nieblaynieve.png\"><img loading=\"lazy\" src=\"\/\/4.bp.blogspot.com\/-O-w7Q2bdgR8\/VHIFjV-bhKI\/AAAAAAAAY7E\/ZY2v0aA1jFw\/s1600\/nieblaynieve.png\" alt=\"\" width=\"640\" height=\"486\" border=\"0\" \/><\/a><\/div>\n<p><span style=\"font-size: large;\">\u00a0(lo rojo , es nieve ,en el Pirineo y en la puntita del San Lorenzo)..<\/span><\/p>\n<p><span style=\"font-size: large;\">&#8230;.y en tierra&#8230;nieblas muy cerradas entorno a los 800 metros..<\/span><\/p>\n<div class=\"separator\" style=\"clear: both; text-align: center;\"><a style=\"margin-left: 1em; margin-right: 1em;\" href=\"http:\/\/1.bp.blogspot.com\/-N2fE0YfGfTg\/VHIGGUlTIZI\/AAAAAAAAY7M\/AchWb6DzxlE\/s1600\/01-IMG_4335.JPG\"><img loading=\"lazy\" src=\"\/\/1.bp.blogspot.com\/-N2fE0YfGfTg\/VHIGGUlTIZI\/AAAAAAAAY7M\/AchWb6DzxlE\/s1600\/01-IMG_4335.JPG\" alt=\"\" width=\"640\" height=\"426\" border=\"0\" \/><\/a><\/div>\n<p><span style=\"font-size: large;\">..y m\u00e1s altas en la capital&#8230;a\u00fan as\u00ed con ambiente muy gris..<\/span><\/p>\n<div class=\"separator\" style=\"clear: both; text-align: center;\"><a style=\"margin-left: 1em; margin-right: 1em;\" href=\"http:\/\/3.bp.blogspot.com\/-eTOdn-Roi4M\/VHIGSSOTO1I\/AAAAAAAAY7U\/jDP4ySWUbIc\/s1600\/03-IMG_4366.JPG\"><img loading=\"lazy\" src=\"\/\/3.bp.blogspot.com\/-eTOdn-Roi4M\/VHIGSSOTO1I\/AAAAAAAAY7U\/jDP4ySWUbIc\/s1600\/03-IMG_4366.JPG\" alt=\"\" width=\"640\" height=\"426\" border=\"0\" \/><\/a><\/div>\n<p><span style=\"font-size: large;\"><br \/>\n<\/span><br \/>\n<span style=\"font-size: large;\">Ya a partir de unos 1000 metros, en zonas altas, ..sol y calor&#8230;como podemos ver en estas fotos de aficionados a la BTT como Luis Gomez&#8230;con el San Lorenzo al fondo&#8230;<\/span><\/p>\n<div class=\"separator\" style=\"clear: both; text-align: center;\"><a style=\"margin-left: 1em; margin-right: 1em;\" href=\"http:\/\/1.bp.blogspot.com\/-z8lgfMW8o3E\/VHIGpLCLjyI\/AAAAAAAAY7c\/r1YNotjMI9E\/s1600\/25-IMG_4329.JPG\"><img loading=\"lazy\" src=\"\/\/1.bp.blogspot.com\/-z8lgfMW8o3E\/VHIGpLCLjyI\/AAAAAAAAY7c\/r1YNotjMI9E\/s1600\/25-IMG_4329.JPG\" alt=\"\" width=\"640\" height=\"426\" border=\"0\" \/><\/a><\/div>\n<p><span style=\"font-size: large;\">..y Nacho Garc\u00eda&#8230;desde la zona de Santa In\u00e9s<\/span><\/p>\n<div class=\"separator\" style=\"clear: both; text-align: center;\"><a style=\"margin-left: 1em; margin-right: 1em;\" href=\"http:\/\/4.bp.blogspot.com\/-UJqPAtP2xSw\/VHIG2uST3PI\/AAAAAAAAY7k\/BNnXjCV1K30\/s1600\/26-IMG_4328.JPG\"><img loading=\"lazy\" src=\"\/\/4.bp.blogspot.com\/-UJqPAtP2xSw\/VHIG2uST3PI\/AAAAAAAAY7k\/BNnXjCV1K30\/s1600\/26-IMG_4328.JPG\" alt=\"\" width=\"640\" height=\"480\" border=\"0\" \/><\/a><\/div>\n<p><span style=\"font-size: large;\">..em ambas vemos como cada vez queda menos nieve&#8230;:-(((.<\/span><\/p>\n<p><span style=\"font-size: large;\"><br \/>\n<\/span><br \/>\n<span style=\"font-size: large;\">Y por cierto el s\u00e1bado por la ma\u00f1ana se produjeron chubascos d\u00e9biles y pasajeros, que no esperaba, ni v\u00ed en ning\u00fan modelo ni previsi\u00f3n&#8230;pero que incluso dejaron hasta 1 litro en algunas zonas&#8230;..y es que no siempre se puede acertar&#8230;:-)))<\/span><\/p>\n<p><span style=\"font-size: large;\"><br \/>\n<\/span><br \/>\n<span style=\"font-size: large;\">Y que esperamos para estos pr\u00f3ximos d\u00edas??<\/span><\/p>\n<p>&nbsp;<\/p>\n<p><span style=\"font-size: large;\">Pues la verdad es que es\u00a0 dif\u00edcil de predecir debido a la poca definici\u00f3n que presenta la situaci\u00f3n, con bajas presiones poco marcadas y sin grandes centros de acci\u00f3n marcando las pautas meteorol\u00f3gicas.<\/span><\/p>\n<p><span style=\"font-size: large;\">A grandes rasgos podemos decir que para esta semana que entra, vamos a seguir con este ambiente oto\u00f1al, m\u00e1s fresco que estos pasados d\u00edas, con temperaturas inusualmente altas, en el que se alternar\u00e1n per\u00edodos m\u00e1s grises, h\u00famedos y lluviosos con otros m\u00e1s agradables y soleados, sin descartar algunas\u00a0 nieblas.<\/span><\/p>\n<p><span style=\"font-size: large;\">Vamos&#8230; algo revuelto y variable como corresponde a la \u00e9poca.<\/span><\/p>\n<div class=\"separator\" style=\"clear: both; text-align: center;\"><\/div>\n<div class=\"separator\" style=\"clear: both; text-align: center;\"><\/div>\n<p><span style=\"background-color: #fff2cc;\"><span style=\"font-size: large;\"><strong>\u00a0.- Configuraci\u00f3n atmosf\u00e9rica<\/strong>.<\/span><\/span><\/p>\n<p><span style=\"font-size: large;\">Es dif\u00edcil esta semana dise\u00f1ar la configuraci\u00f3n atmosf\u00e9rica.<\/span><\/p>\n<p><span style=\"font-size: large;\">La borrasca situada en el Sw peninsular se va desgastando pero queda la pen\u00ednsula en un entorno de <em><strong>bajas presiones<\/strong><\/em> muy poco marcadas, que van a inestabilizar la atm\u00f3sfera durante los pr\u00f3ximos d\u00edas. En su giro favorecen la llegada de vientos flojos del <em><strong>Nw<\/strong><\/em><\/span><\/p>\n<p><span style=\"font-size: large;\">Sin embargo a finales de semana se vuelve a descolgar aire fr\u00edo en forma de vaguada por el W peninsular, que originar\u00e1 una nueva borrasca entorno a las Islas Canarias, favoreciendo la llegada de vientos del S-Se a nuestra regi\u00f3n, y regresando el riesgo de nieblas con temperaturas suaves.<\/span><\/p>\n<p><span style=\"font-size: large;\">Las<em><strong> altas presiones<\/strong><\/em> seguir\u00e1n alejadas de la pen\u00ednsula.<\/span><\/p>\n<div class=\"separator\" style=\"clear: both; text-align: center;\"><\/div>\n<div class=\"separator\" style=\"clear: both; text-align: center;\"><\/div>\n<div class=\"separator\" style=\"clear: both; text-align: center;\"><a style=\"margin-left: 1em; margin-right: 1em;\" href=\"http:\/\/3.bp.blogspot.com\/-NfhsyiM13is\/VHJe-eYyUZI\/AAAAAAAAY-0\/5qbbsggSwy8\/s1600\/europa%2Bmayor%2Bbasico2311.jpg\"><img loading=\"lazy\" src=\"\/\/3.bp.blogspot.com\/-NfhsyiM13is\/VHJe-eYyUZI\/AAAAAAAAY-0\/5qbbsggSwy8\/s1600\/europa%2Bmayor%2Bbasico2311.jpg\" alt=\"\" width=\"640\" height=\"328\" border=\"0\" \/><\/a><\/div>\n<div class=\"separator\" style=\"clear: both; text-align: center;\"><\/div>\n<div class=\"separator\" style=\"clear: both; text-align: center;\"><\/div>\n<p><span style=\"background-color: #fff2cc;\"><strong><span style=\"font-size: large;\">Mapa significativo<\/span><\/strong><\/span><\/p>\n<p><span style=\"font-size: large;\">Esperamos un tiempo bastante revuelto esta semana, as\u00ed que en el mapa significativo&#8230;..un poco de todo<\/span><\/p>\n<p><span style=\"font-size: large;\"><em><strong>Brumas<\/strong><\/em> y <strong>nieblas<\/strong> matinales en los valles que pueden ser persistentes.<\/span><\/p>\n<p><span style=\"font-size: large;\">En los cielos alternar\u00e1n d\u00edas <strong>nubosos y muy nubosos<\/strong> con otros en los que predominar\u00e1n<strong> intervalos de nubes y claros<\/strong>.<\/span><\/p>\n<p><span style=\"font-size: large;\">\u00a0Los<\/span><span style=\"font-size: large;\"><strong><em>\u00a0 vientos <\/em><\/strong>van a ser <strong>flojos<\/strong> de direcci\u00f3n<strong> variable<\/strong>, aunque alg\u00fan d\u00eda pueden tener una ligera componente del <strong>Nw.<\/strong> A finales rolar\u00e1n al <strong>S-Se.<\/strong><\/span><\/p>\n<p><span style=\"font-size: large;\"><strong>\u00a0<\/strong>Se esperan <em><strong>precipitaciones <\/strong><\/em>en forma de<strong> chubascos d\u00e9biles<\/strong> que localmente pueden ser <strong>intensos<\/strong>, adem\u00e1s esperamos que afecten a toda la regi\u00f3n , con m\u00e1s probabilidad en \u00e1reas de monta\u00f1a.<\/span><\/p>\n<p><span style=\"font-size: large;\"><strong>Cota de nieve <\/strong>bastante alta, rondar\u00e1 los <strong>1800-2000 metros.<\/strong><\/span><\/p>\n<p><span style=\"font-size: large;\"><strong><br \/>\n<\/strong><\/span><\/p>\n<div class=\"separator\" style=\"clear: both; text-align: center;\"><a style=\"margin-left: 1em; margin-right: 1em;\" href=\"http:\/\/4.bp.blogspot.com\/-COXJvyU_n_s\/VHJ0JnIT7VI\/AAAAAAAAZBQ\/QcszBZVpt-E\/s1600\/VALLE%2BDEL%2BEBRO%2BBASE%2B2411.jpg\"><img loading=\"lazy\" src=\"\/\/4.bp.blogspot.com\/-COXJvyU_n_s\/VHJ0JnIT7VI\/AAAAAAAAZBQ\/QcszBZVpt-E\/s1600\/VALLE%2BDEL%2BEBRO%2BBASE%2B2411.jpg\" alt=\"\" width=\"640\" height=\"374\" border=\"0\" \/><\/a><\/div>\n<div class=\"separator\" style=\"clear: both; text-align: center;\"><\/div>\n<div class=\"separator\" style=\"clear: both; text-align: center;\"><\/div>\n<p><span style=\"font-size: large;\">Las <strong>temperaturas <\/strong>van a descender, claro que venimos de temperaturas bastante altas, por eso aunque descienden y el ambiente ser\u00e1 fresco, no llegaremos a pasar fr\u00edo.<\/span><\/p>\n<p>&nbsp;<\/p>\n<p><span style=\"font-size: large;\">Vamos a verlo un poco m\u00e1s detallado&#8230; <\/span><\/p>\n<p>&nbsp;<\/p>\n<p><strong><span style=\"color: #cc0000;\"><span style=\"font-size: large;\">LUNES 24 DE NOVIEMBRE: POCAS VARIACIONES. VARIABLE, INTERVALOS NUBOSOS CON ALGUNA DEBIL PRECIPITACION<\/span><\/span><\/strong><\/p>\n<div class=\"separator\" style=\"clear: both; text-align: center;\"><\/div>\n<div class=\"separator\" style=\"clear: both; text-align: center;\"><a style=\"margin-left: 1em; margin-right: 1em;\" href=\"http:\/\/4.bp.blogspot.com\/-aAKCltddPeY\/VHJ2Fiqtl2I\/AAAAAAAAZCU\/k_5pqRbOXAY\/s1600\/lunes24111.png\"><img loading=\"lazy\" src=\"\/\/4.bp.blogspot.com\/-aAKCltddPeY\/VHJ2Fiqtl2I\/AAAAAAAAZCU\/k_5pqRbOXAY\/s1600\/lunes24111.png\" alt=\"\" width=\"640\" height=\"84\" border=\"0\" \/><\/a><\/div>\n<div class=\"separator\" style=\"clear: both; text-align: center;\"><\/div>\n<div class=\"separator\" style=\"clear: both; text-align: center;\"><\/div>\n<p><span style=\"font-size: large;\">Sigue la borrasca del Sw peninsular inestabilizando algo la atm\u00f3sfera.<\/span><\/p>\n<p><span style=\"font-size: large;\"><br \/>\n<\/span><br \/>\n<span style=\"background-color: #fce5cd;\"><strong><span style=\"font-size: large;\">Estado del cielo<\/span><\/strong><\/span><\/p>\n<p><span style=\"font-size: large;\">Podemos amanecer con <strong>brumas y niebla<\/strong> en el valle, puntualmente algo persistentes.<\/span><\/p>\n<p><span style=\"font-size: large;\">Los cielos estar\u00e1n con<strong> intervalos de nubes y claros<\/strong>, m\u00e1s nubosos en zonas de monta\u00f1a y Rioja Alta, y con m\u00e1s claros en el valle y Rioja Baja.<\/span><\/p>\n<p><strong><br \/>\n<\/strong><br \/>\n<span style=\"background-color: #fce5cd;\"><strong><span style=\"font-size: large;\">Precipitaciones.<\/span><\/strong><\/span><\/p>\n<p><span style=\"font-size: large;\">Se pueden producir <strong>chubascos d\u00e9biles y dispersos,\u00a0<\/strong> de distribuci\u00f3n irregular,\u00a0 como suele ser habitual, con m\u00e1s probabilidad en \u00e1reas de monta\u00f1a orientadas a los vientos dominantes. Como soplan del Se, son m\u00e1s probables en Rioja Baja.<\/span><\/p>\n<p><span style=\"font-size: large;\">Seg\u00fan la AEMET, los acumulados rondar\u00edan los 5 litros.<\/span><\/p>\n<div class=\"separator\" style=\"clear: both; text-align: center;\"><a style=\"margin-left: 1em; margin-right: 1em;\" href=\"http:\/\/4.bp.blogspot.com\/-dhqG5SieB1I\/VHJF3HFYMyI\/AAAAAAAAY9k\/MelP9fhNa1Y\/s1600\/preciacum2411.png\"><img loading=\"lazy\" src=\"\/\/4.bp.blogspot.com\/-dhqG5SieB1I\/VHJF3HFYMyI\/AAAAAAAAY9k\/MelP9fhNa1Y\/s1600\/preciacum2411.png\" alt=\"\" width=\"400\" height=\"316\" border=\"0\" \/><\/a><\/div>\n<div class=\"separator\" style=\"clear: both; text-align: center;\"><\/div>\n<p><span style=\"background-color: #fce5cd;\"><strong><span style=\"font-size: large;\">Vientos.<\/span><\/strong><\/span><\/p>\n<p><span style=\"font-size: large;\">Los vientos van a seguir predominando del <strong>Se <\/strong>, soplar\u00e1n flojitos<\/span><br \/>\n<span style=\"font-size: large;\"><br \/>\n<\/span><br \/>\n<span style=\"background-color: #fce5cd;\"><strong><span style=\"font-size: large;\">Temperaturas.<\/span><\/strong><\/span><\/p>\n<p><span style=\"font-size: large;\">Las temperaturas<strong> <\/strong>van a bajar.<\/span><\/p>\n<p><span style=\"font-size: large;\">Las m\u00ednimas rondar\u00e1n los <strong>7-9\u00baC<\/strong> y las m\u00e1ximas los<strong> 15-17\u00baC.<\/strong><\/span><\/p>\n<p><span style=\"font-size: large;\">Seg\u00fan la AEMET bajar\u00edan entre 2-3\u00baC&#8230;<\/span><\/p>\n<div class=\"separator\" style=\"clear: both; text-align: center;\"><a style=\"margin-left: 1em; margin-right: 1em;\" href=\"http:\/\/1.bp.blogspot.com\/-rBizSfrIFIY\/VHJKJ1qNzaI\/AAAAAAAAY9w\/eElNZeuroz8\/s1600\/varmax2411.gif\"><img loading=\"lazy\" src=\"\/\/1.bp.blogspot.com\/-rBizSfrIFIY\/VHJKJ1qNzaI\/AAAAAAAAY9w\/eElNZeuroz8\/s1600\/varmax2411.gif\" alt=\"\" width=\"400\" height=\"277\" border=\"0\" \/><\/a><\/div>\n<p><span style=\"background-color: #fce5cd;\"><strong><span style=\"font-size: large;\">Avisos<\/span><\/strong><\/span><\/p>\n<p><span style=\"font-size: large;\">Sin avisos.<\/span><\/p>\n<p><span style=\"font-size: large;\"><br \/>\n<\/span><br \/>\n<span style=\"color: #cc0000;\"><span style=\"font-size: large;\"><strong>MARTES 25 DE NOVIEMBRE: TIEMPO REVUELTO CON MAS NUBES QUE CLAROS Y CON PRECIPITACIONES. AMBIENTE FRESCO<\/strong><\/span><\/span><\/p>\n<div style=\"text-align: center;\">\n<div class=\"separator\" style=\"clear: both; text-align: center;\"><a style=\"margin-left: 1em; margin-right: 1em;\" href=\"http:\/\/4.bp.blogspot.com\/-zpK0RYxLFkc\/VHJ2UWKM_dI\/AAAAAAAAZCc\/8WjyQr4yJpk\/s1600\/lunes24112.png\"><img loading=\"lazy\" src=\"\/\/4.bp.blogspot.com\/-zpK0RYxLFkc\/VHJ2UWKM_dI\/AAAAAAAAZCc\/8WjyQr4yJpk\/s1600\/lunes24112.png\" alt=\"\" width=\"640\" height=\"88\" border=\"0\" \/><\/a><\/div>\n<div class=\"separator\" style=\"clear: both; text-align: center;\"><\/div>\n<div class=\"separator\" style=\"clear: both; text-align: center;\"><\/div>\n<\/div>\n<p><span style=\"font-size: large;\">Sigue el ambiente inestable por la llegada de un frente.<\/span><\/p>\n<p><span style=\"background-color: #fce5cd;\"><strong><span style=\"font-size: large;\">Estado del cielos.<\/span><\/strong><\/span><\/p>\n<p><span style=\"font-size: large;\">Sigue el riesgo de aparici\u00f3n de <strong>nieblas<\/strong> en el valle, tambi\u00e9n pueden aparecer <strong>nieblas orogr\u00e1ficas<\/strong> debido a la humedad acumulada.<\/span><\/p>\n<p><span style=\"font-size: large;\">Los cielos estar\u00e1n<strong> nubosos o muy nubosos<\/strong> con alg\u00fan claro pasajero. <\/span><\/p>\n<p><span style=\"background-color: #fce5cd;\"><strong><span style=\"font-size: large;\">Precipitaciones.<\/span><\/strong><\/span><\/p>\n<p><span style=\"font-size: large;\">Riesgo de precipitaciones en cualquier lugar en forma de <strong>chubascos, localmente intensos<\/strong>.<\/span><\/p>\n<p><span style=\"font-size: large;\">Seg\u00fan la AEMET<\/span> <span style=\"font-size: large;\">se pueden llegar a acumular entre<strong> 5 y 10 litros<\/strong>..<\/span><\/p>\n<div class=\"separator\" style=\"clear: both; text-align: center;\"><a style=\"margin-left: 1em; margin-right: 1em;\" href=\"http:\/\/4.bp.blogspot.com\/-DQ500T8nuvM\/VHJOPenTxwI\/AAAAAAAAY98\/b2BlKD9_wPw\/s1600\/preci2511.png\"><img loading=\"lazy\" src=\"\/\/4.bp.blogspot.com\/-DQ500T8nuvM\/VHJOPenTxwI\/AAAAAAAAY98\/b2BlKD9_wPw\/s1600\/preci2511.png\" alt=\"\" width=\"400\" height=\"316\" border=\"0\" \/><\/a><\/div>\n<p><span style=\"font-size: large;\">Nieve en cotas bastante altas <strong>1800-2000 metros<\/strong><\/span><\/p>\n<div class=\"separator\" style=\"clear: both; text-align: center;\"><\/div>\n<p><span style=\"background-color: #fce5cd;\">\u00a0 <span style=\"font-size: large;\"><strong>Vientos.<\/strong><\/span><\/span><\/p>\n<p><span style=\"font-size: large;\">Vientos <strong>flojos<\/strong> de direcci\u00f3n<strong> variable<\/strong>, aunque pueden ser ligeramente del Nw. <\/span><\/p>\n<p><strong><span style=\"font-size: large;\"><span style=\"background-color: #fce5cd;\">Temperaturas<\/span>.<\/span><\/strong><\/p>\n<p><span style=\"font-size: large;\">Las temperaturas<strong> <\/strong>seguir\u00e1n en descenso. M\u00e1ximas entorno a los <strong>12-14\u00baC<\/strong> y m\u00ednimas entre <strong>6-8\u00baC.<\/strong><\/span><\/p>\n<p><span style=\"font-size: large;\">Seg\u00fan la AEMET descender\u00e1n unos 2\u00baC&#8230;<strong> <\/strong><\/span><\/p>\n<div class=\"separator\" style=\"clear: both; text-align: center;\"><a style=\"margin-left: 1em; margin-right: 1em;\" href=\"http:\/\/4.bp.blogspot.com\/-PuzYgP47ID8\/VHJP4HG7g0I\/AAAAAAAAY-I\/u7fQgCGmb-I\/s1600\/VARMAX2511.gif\"><img loading=\"lazy\" src=\"\/\/4.bp.blogspot.com\/-PuzYgP47ID8\/VHJP4HG7g0I\/AAAAAAAAY-I\/u7fQgCGmb-I\/s1600\/VARMAX2511.gif\" alt=\"\" width=\"400\" height=\"277\" border=\"0\" \/><\/a><\/div>\n<div class=\"separator\" style=\"clear: both; text-align: center;\"><\/div>\n<p><span style=\"background-color: #fce5cd;\"><strong><span style=\"font-size: large;\">Avisos<\/span><\/strong><\/span><\/p>\n<p><span style=\"font-size: large;\">Sin avisos.\u00a0<\/span><\/p>\n<p><span style=\"font-size: large;\"><br \/>\n<\/span><\/p>\n<p><span style=\"color: #cc0000;\"><span style=\"font-size: large;\"><strong>MIERCOLES 26 DE NOVIEMBRE: SEGUIRA NUBOSO, CON PRECIPITACIONES Y TEMPERATURAS FRESCAS.<\/strong><\/span><\/span><\/p>\n<div style=\"text-align: center;\">\n<div class=\"separator\" style=\"clear: both; text-align: center;\"><a style=\"margin-left: 1em; margin-right: 1em;\" href=\"http:\/\/1.bp.blogspot.com\/-ZOTwSFK_DKY\/VHJ2iw7kzZI\/AAAAAAAAZCk\/iTLe-GvkQ0k\/s1600\/lunes24113.png\"><img loading=\"lazy\" src=\"\/\/1.bp.blogspot.com\/-ZOTwSFK_DKY\/VHJ2iw7kzZI\/AAAAAAAAZCk\/iTLe-GvkQ0k\/s1600\/lunes24113.png\" alt=\"\" width=\"640\" height=\"82\" border=\"0\" \/><\/a><\/div>\n<div class=\"separator\" style=\"clear: both; text-align: center;\"><\/div>\n<\/div>\n<p><span style=\"font-size: large;\">Los restos de un frente dejar\u00e1n todav\u00eda tiempo inestable y revuelto<\/span><\/p>\n<p><span style=\"background-color: #fce5cd;\"><span style=\"font-size: large;\"><strong>Estado del cielo<\/strong>.<\/span><\/span><\/p>\n<p><span style=\"font-size: large;\">Amanecer con algunas<strong> brumas y nieblas<\/strong> en el valle.<\/span><\/p>\n<p><span style=\"font-size: large;\">Los cielos estar\u00e1n <strong>nubosos,<\/strong> sobre todo en \u00e1reas de monta\u00f1a aunque la tendencia es a ir quedando con intervalos de <strong>nubes y claros<\/strong> sobre todo en el valle.<\/span><\/p>\n<p><span style=\"background-color: #fce5cd;\"><strong><span style=\"font-size: large;\">Precipitaciones.<\/span><\/strong><\/span><\/p>\n<p><span style=\"font-size: large;\">Se esperan precipitaciones en forma de <strong>chubascos localmente intensos<\/strong>, sobre todo en \u00e1reas de monta\u00f1a, con tendencia a ir disminuyendo conforme pase el d\u00eda.<\/span><\/p>\n<p><span style=\"font-size: large;\">Se espera seg\u00fan la AEMET rondaran los 5 litros..<\/span><\/p>\n<div class=\"separator\" style=\"clear: both; text-align: center;\"><\/div>\n<div class=\"separator\" style=\"clear: both; text-align: center;\"><a style=\"margin-left: 1em; margin-right: 1em;\" href=\"http:\/\/4.bp.blogspot.com\/-mvZOblv9FtI\/VHJ01Vej_3I\/AAAAAAAAZBY\/kQAjs3Sop8Y\/s1600\/preci2611.png\"><img loading=\"lazy\" src=\"\/\/4.bp.blogspot.com\/-mvZOblv9FtI\/VHJ01Vej_3I\/AAAAAAAAZBY\/kQAjs3Sop8Y\/s1600\/preci2611.png\" alt=\"\" width=\"400\" height=\"316\" border=\"0\" \/><\/a><\/div>\n<p><span style=\"font-size: large;\">Cota de nieve entorno a los <strong>1800 metros<\/strong><\/span><\/p>\n<p><span style=\"background-color: #fce5cd;\">\u00a0<strong><span style=\"font-size: large;\">Vientos.<\/span><\/strong><\/span><\/p>\n<p><span style=\"font-size: large;\">Los vientos flojos de direcci\u00f3n <strong>variable<\/strong> con tendencia a ir quedando del <strong>Nw<\/strong>.<\/span><\/p>\n<p><strong><span style=\"font-size: large;\"><span style=\"background-color: #fce5cd;\">Temperaturas<\/span>.<\/span><\/strong><\/p>\n<p><span style=\"font-size: large;\">Las temperaturas continuan en descenso.<\/span><\/p>\n<p><span style=\"font-size: large;\">M\u00ednimas entre <strong>5-7\u00baC<\/strong><\/span><\/p>\n<p><span style=\"font-size: large;\">M\u00e1ximas alrededor de los <strong>10-12\u00baC <\/strong><\/span><br \/>\n<span style=\"font-size: large;\">Seg\u00fan la AEMET vuelven a descender unos 2\u00baC&#8230;<\/span><\/p>\n<div class=\"separator\" style=\"clear: both; text-align: center;\"><a style=\"margin-left: 1em; margin-right: 1em;\" href=\"http:\/\/2.bp.blogspot.com\/-l3qegTxShB4\/VHLft6fi7uI\/AAAAAAAAZDU\/FilfJVDdkkA\/s1600\/varmax2811.gif\"><img loading=\"lazy\" src=\"\/\/2.bp.blogspot.com\/-l3qegTxShB4\/VHLft6fi7uI\/AAAAAAAAZDU\/FilfJVDdkkA\/s1600\/varmax2811.gif\" alt=\"\" width=\"400\" height=\"277\" border=\"0\" \/><\/a><\/div>\n<p><span style=\"background-color: #fce5cd;\"><strong><span style=\"font-size: large;\">Avisos<\/span><\/strong><\/span><\/p>\n<p><span style=\"font-size: large;\">Sin avisos. <\/span><br \/>\n<span style=\"color: #cc0000;\"><span style=\"font-size: large;\"><strong>JUEVES\u00a0 27 DE NOVIEMBRE: MEJORIA CON MENOS NUBES Y MENOS PRECIPITACION, PERO CON RIESGO DE APARICION DE NIEBLAS.<\/strong><\/span><\/span><\/p>\n<div class=\"separator\" style=\"clear: both; text-align: center;\"><a style=\"margin-left: 1em; margin-right: 1em;\" href=\"http:\/\/1.bp.blogspot.com\/-GQENJbE7HRE\/VHJ2wEAUNdI\/AAAAAAAAZCs\/mJI3RyOC1A4\/s1600\/lunes24114.png\"><img loading=\"lazy\" src=\"\/\/1.bp.blogspot.com\/-GQENJbE7HRE\/VHJ2wEAUNdI\/AAAAAAAAZCs\/mJI3RyOC1A4\/s1600\/lunes24114.png\" alt=\"\" width=\"640\" height=\"88\" border=\"0\" \/><\/a><\/div>\n<div style=\"text-align: center;\"><\/div>\n<p><span style=\"font-size: large;\">Esperamos una mejor\u00eda progresiva.<span style=\"color: #444444;\"><strong><br \/>\n<\/strong><\/span><\/span><\/p>\n<p><span style=\"background-color: #fce5cd;\"><strong><span style=\"font-size: large;\">Estado del cielo.<\/span><\/strong><\/span><\/p>\n<p><span style=\"font-size: large;\"><strong>\u00a0<\/strong><\/span><span style=\"font-size: large;\"><strong>Nieblas<\/strong> en el valle que localmente pueden ser algo persistentes.<\/span><\/p>\n<p><span style=\"font-size: large;\">Tras disiparse o en zonas sin nieblas los cielos estar\u00e1n con<strong> <\/strong>intervalos de<strong> nubes y claros.<\/strong><\/span><\/p>\n<p><span style=\"background-color: #fce5cd;\"><strong><span style=\"font-size: large;\">Precipitaciones.<\/span><\/strong><\/span><\/p>\n<p><span style=\"font-size: large;\">Se esperan precipitaciones en forma de<strong> chubascos d\u00e9biles<\/strong> sobre todo en \u00e1reas de monta\u00f1a con tendencia a ir desapareciendo.<\/span><\/p>\n<p><span style=\"background-color: #fce5cd;\"><strong><span style=\"font-size: large;\">Vientos.<\/span><\/strong><\/span><\/p>\n<p><span style=\"font-size: large;\">Vientos <strong>flojos<\/strong> de direcci\u00f3n <strong>variable<\/strong> pero con tendencia a empezar a soplar del <strong>S-Se<\/strong><\/span><br \/>\n<span style=\"background-color: #fce5cd;\"><strong><span style=\"font-size: large;\">Temperaturas.<\/span><\/strong><\/span><\/p>\n<p><span style=\"font-size: large;\">Temperaturas m\u00ednimas en descenso al ir quedando los cielos m\u00e1s despejados, rondar\u00e1n los<strong> 4-6\u00baC<\/strong><\/span><\/p>\n<p><span style=\"font-size: large;\">Las m\u00e1ximas se pueden recuperar alg\u00fan grado quedando entorno a los <strong>12-14\u00baC.<\/strong><\/span><\/p>\n<p><span style=\"font-size: large;\">En zonas con niebla ambiente m\u00e1s fresco y h\u00famedo.<\/span><\/p>\n<p><span style=\"font-size: large;\">\u00a0<\/span><br \/>\n<span style=\"background-color: #fce5cd;\"><strong><span style=\"font-size: large;\">Avisos<\/span><\/strong><\/span><\/p>\n<p><span style=\"font-size: large;\">Sin avisos<\/span><\/p>\n<p><span style=\"font-size: large;\"><br \/>\n<\/span><br \/>\n<strong><span style=\"color: #cc0000;\"><span style=\"font-size: large;\">VIERNES 28 DE OCTUBRE Y TENDENCIA DEL FIN DE SEMANA: INTERVALOS DE NUBES Y CLAROS CON TEMPERATURAS MAS SUAVES Y RIESGO DE APARICION DE NIEBLAS<\/span><\/span><\/strong><\/p>\n<p><span style=\"font-size: large;\">Los vientos volver\u00eda a soplar del S-Se dejando temperaturas m\u00e1s c\u00e1lidas pero aumentando el riesgo de aparici\u00f3n de nieblas<\/span><\/p>\n<p><span style=\"font-size: large;\">Los modelos y la \u00e9poca son muy variables as\u00ed que tenemos que &#8220;cogerlo con pinzas&#8221;<\/span><\/p>\n<p><span style=\"font-size: large;\"><br \/>\n<\/span><\/p>\n<div class=\"separator\" style=\"clear: both; text-align: center;\"><\/div>\n<p><span style=\"font-size: large;\">As\u00ed que como pod\u00e9is ver, os espera una semana bastante revuelta y variable en el que alternar\u00e1n dias grises y lluviosos con temperaturas frescas, con otros m\u00e1s soleados con temperaturas agradables.<\/span><\/p>\n<p>&nbsp;<\/p>\n<p><span style=\"font-size: large;\">M\u00e1s informaci\u00f3n con fotos, modelos y animaciones en <strong><a href=\"http:\/\/meteosojuela.blogspot.com.es\/\" target=\"_blank\"><span style=\"color: #cc0000;\">Meteosojuela Blog<\/span><\/a><\/strong><\/span><\/p>\n<p>&nbsp;<\/p>\n<p><span style=\"font-size: large;\">Y hoy os dejo alguna foto m\u00e1s del fin de semana&#8230;<\/span><\/p>\n<p><span style=\"font-size: large;\">\u00a0Navarrete al fondo&#8230;<\/span><\/p>\n<div class=\"separator\" style=\"clear: both; text-align: center;\"><a style=\"margin-left: 1em; margin-right: 1em;\" href=\"http:\/\/2.bp.blogspot.com\/-zeHuf01PP8g\/VHJ1P4IOd4I\/AAAAAAAAZBg\/c93qZddfA4Y\/s1600\/10-IMG_4380.JPG\"><img loading=\"lazy\" src=\"\/\/2.bp.blogspot.com\/-zeHuf01PP8g\/VHJ1P4IOd4I\/AAAAAAAAZBg\/c93qZddfA4Y\/s1600\/10-IMG_4380.JPG\" alt=\"\" width=\"640\" height=\"426\" border=\"0\" \/><\/a><\/div>\n<p><span style=\"font-size: large;\">Altoestratos y altoc\u00famulos intercalados con estratoc\u00famulos&#8230;.<\/span><\/p>\n<div class=\"separator\" style=\"clear: both; text-align: center;\"><a style=\"margin-left: 1em; margin-right: 1em;\" href=\"http:\/\/4.bp.blogspot.com\/-uLZJodvKlmQ\/VHJ1QIna6NI\/AAAAAAAAZBo\/4KZ5RxL4XWk\/s1600\/12-IMG_4383.JPG\"><img loading=\"lazy\" src=\"\/\/4.bp.blogspot.com\/-uLZJodvKlmQ\/VHJ1QIna6NI\/AAAAAAAAZBo\/4KZ5RxL4XWk\/s1600\/12-IMG_4383.JPG\" alt=\"\" width=\"640\" height=\"426\" border=\"0\" \/><\/a><\/div>\n<p>&nbsp;<\/p>\n<div class=\"separator\" style=\"clear: both; text-align: center;\"><a style=\"margin-left: 1em; margin-right: 1em;\" href=\"http:\/\/2.bp.blogspot.com\/-VtEKxawC2Uc\/VHJ1QEtCVyI\/AAAAAAAAZBk\/c2FrEEQaBDs\/s1600\/15-IMG_4389.JPG\"><img loading=\"lazy\" src=\"\/\/2.bp.blogspot.com\/-VtEKxawC2Uc\/VHJ1QEtCVyI\/AAAAAAAAZBk\/c2FrEEQaBDs\/s1600\/15-IMG_4389.JPG\" alt=\"\" width=\"640\" height=\"426\" border=\"0\" \/><\/a><\/div>\n<div class=\"separator\" style=\"clear: both; text-align: center;\"><a style=\"margin-left: 1em; margin-right: 1em;\" href=\"http:\/\/3.bp.blogspot.com\/-8k07hxX4pmc\/VHJ1RzLwxJI\/AAAAAAAAZB8\/nPupBqffHqE\/s1600\/18-IMG_4400.JPG\"><img loading=\"lazy\" src=\"\/\/3.bp.blogspot.com\/-8k07hxX4pmc\/VHJ1RzLwxJI\/AAAAAAAAZB8\/nPupBqffHqE\/s1600\/18-IMG_4400.JPG\" alt=\"\" width=\"640\" height=\"426\" border=\"0\" \/><\/a><\/div>\n<p><span style=\"font-size: large;\">Rayos crepusculares <\/span><\/p>\n<div class=\"separator\" style=\"clear: both; text-align: center;\"><a style=\"margin-left: 1em; margin-right: 1em;\" href=\"http:\/\/4.bp.blogspot.com\/-FwMSad7LLNU\/VHJ1SKMC7hI\/AAAAAAAAZCE\/3UlK05WVlGA\/s1600\/20-IMG_4408.JPG\"><img loading=\"lazy\" src=\"\/\/4.bp.blogspot.com\/-FwMSad7LLNU\/VHJ1SKMC7hI\/AAAAAAAAZCE\/3UlK05WVlGA\/s1600\/20-IMG_4408.JPG\" alt=\"\" width=\"640\" height=\"426\" border=\"0\" \/><\/a><a style=\"margin-left: 1em; margin-right: 1em;\" href=\"http:\/\/1.bp.blogspot.com\/-mJNQx6CHYIU\/VHJ1ReiqmNI\/AAAAAAAAZB4\/MIBOA9FglCM\/s1600\/16-IMG_4393.JPG\"><img loading=\"lazy\" src=\"\/\/1.bp.blogspot.com\/-mJNQx6CHYIU\/VHJ1ReiqmNI\/AAAAAAAAZB4\/MIBOA9FglCM\/s1600\/16-IMG_4393.JPG\" alt=\"\" width=\"640\" height=\"426\" border=\"0\" \/><\/a><\/div>\n<\/div>\n","protected":false},"excerpt":{"rendered":"<p>TENDENCIA SEMANAL PREVISIONES METEOROLOGICAS Tiempo oto\u00f1al el que seguimos viviendo en La Rioja, y en particular este fin de semana, marcado por grandes contrastes entre el valle, donde las nieblas han sido densas y persistentes, dejando un ambiente h\u00famedo y fresco&#8230;..as\u00ed se ve\u00edan desde el sat\u00e9lite&#8230;..\u00a0 \u00a0(lo rojo , es nieve ,en el Pirineo y [&hellip;]<\/p>\n","protected":false},"author":41,"featured_media":0,"comment_status":"open","ping_status":"closed","sticky":false,"template":"","format":"standard","meta":[],"categories":[9],"tags":[108,401,442,510],"_links":{"self":[{"href":"https:\/\/blogs.larioja.com\/eltiempo\/wp-json\/wp\/v2\/posts\/571"}],"collection":[{"href":"https:\/\/blogs.larioja.com\/eltiempo\/wp-json\/wp\/v2\/posts"}],"about":[{"href":"https:\/\/blogs.larioja.com\/eltiempo\/wp-json\/wp\/v2\/types\/post"}],"author":[{"embeddable":true,"href":"https:\/\/blogs.larioja.com\/eltiempo\/wp-json\/wp\/v2\/users\/41"}],"replies":[{"embeddable":true,"href":"https:\/\/blogs.larioja.com\/eltiempo\/wp-json\/wp\/v2\/comments?post=571"}],"version-history":[{"count":0,"href":"https:\/\/blogs.larioja.com\/eltiempo\/wp-json\/wp\/v2\/posts\/571\/revisions"}],"wp:attachment":[{"href":"https:\/\/blogs.larioja.com\/eltiempo\/wp-json\/wp\/v2\/media?parent=571"}],"wp:term":[{"taxonomy":"category","embeddable":true,"href":"https:\/\/blogs.larioja.com\/eltiempo\/wp-json\/wp\/v2\/categories?post=571"},{"taxonomy":"post_tag","embeddable":true,"href":"https:\/\/blogs.larioja.com\/eltiempo\/wp-json\/wp\/v2\/tags?post=571"}],"curies":[{"name":"wp","href":"https:\/\/api.w.org\/{rel}","templated":true}]}}