{"id":103,"date":"2014-04-16T20:14:53","date_gmt":"2014-04-16T18:14:53","guid":{"rendered":"http:\/\/blogs.larioja.com\/eltragablog\/?p=103"},"modified":"2014-04-16T20:14:53","modified_gmt":"2014-04-16T18:14:53","slug":"lo-que-ya-sabiamos","status":"publish","type":"post","link":"https:\/\/blogs.larioja.com\/eltragablog\/2014\/04\/16\/lo-que-ya-sabiamos\/","title":{"rendered":"Lo que ya sab\u00edamos"},"content":{"rendered":"<p>&nbsp;<\/p>\n<p>Por fin, Espa\u00f1a es excedentaria en algo: el n\u00famero de <strong>aforados<\/strong>. Lo sabemos desde el pasado 4 de abril, cuando el Consejo de Ministros aprob\u00f3 extender tal condici\u00f3n a <a href=\"http:\/\/www.larioja.com\/v\/20140405\/espana\/gobierno-concede-privilegio-aforamiento-20140405.html\">la Reina y los Pr\u00edncipes de Asturias<\/a>.<\/p>\n<p>Diez mil espa\u00f1oles, 10.003 desde entonces, gozan del derecho a ser juzgados por un <strong>tribuna<\/strong>l distinto al que corresponde a un ciudadano de a pie. Contemos: presidente del Gobierno y dem\u00e1s miembros del Ejecutivo, diputados, senadores, jueces, magistrados, miembros del Ministerio Fiscal&#8230; As\u00ed hasta diez mil personas, diez mil, disfrutan en Espa\u00f1a de una <strong>protecci\u00f3n jur\u00eddica especia<\/strong>l que encaja dif\u00edcilmente con la <a href=\"http:\/\/www.congreso.es\/consti\/constitucion\/indice\/titulos\/articulos.jsp?ini=14&#038;tipo=2\">proclamaci\u00f3n constitucional<\/a> de que, del Rey para abajo, todos los espa\u00f1oles somos iguales ante la Ley.<\/p>\n<p>Diez mil, seg\u00fan los catedr\u00e1ticos de <strong>Derecho Procesal<\/strong> I\u00f1aki Esparza y Juan Luis G\u00f3mez Colomer. Aproximemos m\u00e1s las cifras para entender lo exagerado de este sistema. En Espa\u00f1a hay un aforado por 4.730 habitantes, ni\u00f1os de teta, tronistas televisivos y jubilados incluidos. O, tambi\u00e9n, uno por 1.680 ocupados. O, por seguir buscando par\u00e1metros de comparaci\u00f3n, uno por 480 desempleados.<\/p>\n<p>Pues s\u00ed parece excesivo. Sobre todo si observamos lo que ocurre en otros pa\u00edses europeos: el <strong>aforamiento<\/strong> no existe en el Reino Unido ni en Alemania; en Italia y en Portugal est\u00e1 limitado a los <strong>presidentes de la Rep\u00fablica<\/strong> y en Francia, al presidente y a los <strong>miembros del Gobierno<\/strong>.<\/p>\n<p>Aunque el aforamiento implique limitaciones (el <strong>Supremo<\/strong> es la instancia judicial m\u00e1s alta de este pa\u00eds y sobre sus sentencias no cabe recurso), supone unas garant\u00edas y un <strong>r\u00e9gimen excepcional<\/strong> (asegurar que al aforado le juzgar\u00e1 un juez independiente). As\u00ed que mantener esta &#8220;tradici\u00f3n&#8221; hist\u00f3rica s\u00f3lo puede responder a una cosa: que la <strong>Justicia<\/strong> sigue politizada. Vamos, lo que ya sab\u00edamos.<\/p>\n<p><a href=\"\/eltragablog\/wp-content\/uploads\/sites\/32\/2014\/04\/aforados1.jpeg\"><img loading=\"lazy\" class=\"aligncenter size-full wp-image-105\" title=\"aforados\" src=\"\/eltragablog\/wp-content\/uploads\/sites\/32\/2014\/04\/aforados1.jpeg\" alt=\"\" width=\"315\" height=\"140\" srcset=\"https:\/\/static-blogs.larioja.com\/wp-content\/uploads\/sites\/32\/2014\/04\/aforados1.jpeg 315w, https:\/\/static-blogs.larioja.com\/wp-content\/uploads\/sites\/32\/2014\/04\/aforados1-300x133.jpeg 300w\" sizes=\"(max-width: 315px) 100vw, 315px\" \/><\/a><\/p>\n","protected":false},"excerpt":{"rendered":"<p>&nbsp; Por fin, Espa\u00f1a es excedentaria en algo: el n\u00famero de aforados. Lo sabemos desde el pasado 4 de abril, cuando el Consejo de Ministros aprob\u00f3 extender tal condici\u00f3n a la Reina y los Pr\u00edncipes de Asturias. Diez mil espa\u00f1oles, 10.003 desde entonces, gozan del derecho a ser juzgados por un tribunal distinto al que [&hellip;]<\/p>\n","protected":false},"author":35,"featured_media":0,"comment_status":"open","ping_status":"open","sticky":false,"template":"","format":"standard","meta":[],"categories":[2],"tags":[32,92,152,167,170,246],"_links":{"self":[{"href":"https:\/\/blogs.larioja.com\/eltragablog\/wp-json\/wp\/v2\/posts\/103"}],"collection":[{"href":"https:\/\/blogs.larioja.com\/eltragablog\/wp-json\/wp\/v2\/posts"}],"about":[{"href":"https:\/\/blogs.larioja.com\/eltragablog\/wp-json\/wp\/v2\/types\/post"}],"author":[{"embeddable":true,"href":"https:\/\/blogs.larioja.com\/eltragablog\/wp-json\/wp\/v2\/users\/35"}],"replies":[{"embeddable":true,"href":"https:\/\/blogs.larioja.com\/eltragablog\/wp-json\/wp\/v2\/comments?post=103"}],"version-history":[{"count":0,"href":"https:\/\/blogs.larioja.com\/eltragablog\/wp-json\/wp\/v2\/posts\/103\/revisions"}],"wp:attachment":[{"href":"https:\/\/blogs.larioja.com\/eltragablog\/wp-json\/wp\/v2\/media?parent=103"}],"wp:term":[{"taxonomy":"category","embeddable":true,"href":"https:\/\/blogs.larioja.com\/eltragablog\/wp-json\/wp\/v2\/categories?post=103"},{"taxonomy":"post_tag","embeddable":true,"href":"https:\/\/blogs.larioja.com\/eltragablog\/wp-json\/wp\/v2\/tags?post=103"}],"curies":[{"name":"wp","href":"https:\/\/api.w.org\/{rel}","templated":true}]}}