{"id":107,"date":"2014-04-23T17:26:05","date_gmt":"2014-04-23T15:26:05","guid":{"rendered":"http:\/\/blogs.larioja.com\/eltragablog\/?p=107"},"modified":"2014-04-23T17:26:05","modified_gmt":"2014-04-23T15:26:05","slug":"ronda-sur","status":"publish","type":"post","link":"https:\/\/blogs.larioja.com\/eltragablog\/2014\/04\/23\/ronda-sur\/","title":{"rendered":"Ronda Sur"},"content":{"rendered":"<p>&nbsp;<\/p>\n<p>El Ministerio de <strong>Fomento<\/strong>\u00a0 ha contratado la <a href=\"http:\/\/www.larioja.com\/20140414\/local\/nuestras-comarcas\/infraestructuras-adjudicado-millon-redaccion-201404141634.html\">redacci\u00f3n de los proyectos de construcci\u00f3n<\/a> de la futura <strong>ronda sur de Logro\u00f1o<\/strong>. Ahora, las empresas adjudicatarias tienen dos a\u00f1os por delante para <strong>planificar<\/strong> la actuaci\u00f3n. <strong>Estudios<\/strong>, informes y an\u00e1lisis que terminar\u00e1n en un documento que ser\u00e1 elevado a Fomento. Y el Ministerio, una vez tenga el macroplan en sus manos, activar\u00e1 otra nueva <strong>convocatoria p\u00fablica<\/strong> para adjudicar las<strong> obras<\/strong> al mejor postor (el que m\u00e1s ajuste el presupuesto). Entonces s\u00ed, mis nietos ver\u00e1n comenzar los trabajos de construcci\u00f3n de una obra sobre la que tanto escribi\u00f3 su abuela.<\/p>\n<p>Ciertamente, las grandes obras de <strong>infraestucturas<\/strong> viarias requieren dilatados plazos desde la preparaci\u00f3n y proyecci\u00f3n hasta su desarrollo material, efectivo y real. El problema de la <strong>liberaci\u00f3n de la autopista<\/strong> en el entorno de<strong> Logro\u00f1o<\/strong> es el tiempo que esta actuaci\u00f3n ha venido perdiendo por la falta de impulso (ora econ\u00f3mico, otrora pol\u00edtico).<\/p>\n<p>La hemeroteca es una descarada chivata que sit\u00faa la realidad en su justo t\u00e9rmino. Y a ella recurro. Y, \u00bfqu\u00e9 compruebo?: que en el<strong> 2005<\/strong>, los partidos pol\u00edticos regionales se unieron y acordaron por unanimidad la conversi\u00f3n de la autopista en <strong>nueva circunvalaci\u00f3n<\/strong>.<\/p>\n<p>S\u00f3lo partiendo desde el 2005 han pasado <strong>nueve a\u00f1os<\/strong>. Nueve. Un periodo lo suficientemente amplio como para que a Espa\u00f1a le diese tiempo a estar en la champion de la econom\u00eda mudial, caer al abismo de la crisis y retomar el camino de la recuperaci\u00f3n. Vale. Pues en ese mismo horizonte, la ronda sur capitalina sigue siendo una actuaci\u00f3n a la b\u00fasqueda de <strong>planos<\/strong> que especifiquen los detalles, los materiales, los elementos estructurales&#8230; As\u00ed estamos.<\/p>\n<p><a href=\"\/eltragablog\/wp-content\/uploads\/sites\/32\/2014\/04\/AYUNTA3.jpg\"><img loading=\"lazy\" class=\"aligncenter size-medium wp-image-111\" title=\"DOCU_RIOJA\" src=\"\/eltragablog\/wp-content\/uploads\/sites\/32\/2014\/04\/AYUNTA3.jpg\" alt=\"\" width=\"300\" height=\"184\" srcset=\"https:\/\/static-blogs.larioja.com\/wp-content\/uploads\/sites\/32\/2014\/04\/AYUNTA3.jpg 3276w, https:\/\/static-blogs.larioja.com\/wp-content\/uploads\/sites\/32\/2014\/04\/AYUNTA3-300x185.jpg 300w, https:\/\/static-blogs.larioja.com\/wp-content\/uploads\/sites\/32\/2014\/04\/AYUNTA3-768x473.jpg 768w, https:\/\/static-blogs.larioja.com\/wp-content\/uploads\/sites\/32\/2014\/04\/AYUNTA3-1024x631.jpg 1024w\" sizes=\"(max-width: 300px) 100vw, 300px\" \/><\/a><\/p>\n<p>&nbsp;<\/p>\n<p>Nota: La foto, de la que es autor Justo Rodr\u00edguez, corresponde a un pleno extraordinario sobre la liberaci\u00f3n de la AP-68 celebrado por el Ayuntamiento de Logro\u00f1o en enero del 2011.<\/p>\n<p>&nbsp;<\/p>\n<p>&nbsp;<\/p>\n","protected":false},"excerpt":{"rendered":"<p>&nbsp; El Ministerio de Fomento\u00a0 ha contratado la redacci\u00f3n de los proyectos de construcci\u00f3n de la futura ronda sur de Logro\u00f1o. Ahora, las empresas adjudicatarias tienen dos a\u00f1os por delante para planificar la actuaci\u00f3n. Estudios, informes y an\u00e1lisis que terminar\u00e1n en un documento que ser\u00e1 elevado a Fomento. Y el Ministerio, una vez tenga el [&hellip;]<\/p>\n","protected":false},"author":35,"featured_media":0,"comment_status":"open","ping_status":"open","sticky":false,"template":"","format":"standard","meta":[],"categories":[17],"tags":[39,42,70,128,157,172,175,234],"_links":{"self":[{"href":"https:\/\/blogs.larioja.com\/eltragablog\/wp-json\/wp\/v2\/posts\/107"}],"collection":[{"href":"https:\/\/blogs.larioja.com\/eltragablog\/wp-json\/wp\/v2\/posts"}],"about":[{"href":"https:\/\/blogs.larioja.com\/eltragablog\/wp-json\/wp\/v2\/types\/post"}],"author":[{"embeddable":true,"href":"https:\/\/blogs.larioja.com\/eltragablog\/wp-json\/wp\/v2\/users\/35"}],"replies":[{"embeddable":true,"href":"https:\/\/blogs.larioja.com\/eltragablog\/wp-json\/wp\/v2\/comments?post=107"}],"version-history":[{"count":0,"href":"https:\/\/blogs.larioja.com\/eltragablog\/wp-json\/wp\/v2\/posts\/107\/revisions"}],"wp:attachment":[{"href":"https:\/\/blogs.larioja.com\/eltragablog\/wp-json\/wp\/v2\/media?parent=107"}],"wp:term":[{"taxonomy":"category","embeddable":true,"href":"https:\/\/blogs.larioja.com\/eltragablog\/wp-json\/wp\/v2\/categories?post=107"},{"taxonomy":"post_tag","embeddable":true,"href":"https:\/\/blogs.larioja.com\/eltragablog\/wp-json\/wp\/v2\/tags?post=107"}],"curies":[{"name":"wp","href":"https:\/\/api.w.org\/{rel}","templated":true}]}}