{"id":114,"date":"2014-06-04T12:47:11","date_gmt":"2014-06-04T10:47:11","guid":{"rendered":"http:\/\/blogs.larioja.com\/eltragablog\/?p=114"},"modified":"2014-06-04T12:47:11","modified_gmt":"2014-06-04T10:47:11","slug":"pole-position","status":"publish","type":"post","link":"https:\/\/blogs.larioja.com\/eltragablog\/2014\/06\/04\/pole-position\/","title":{"rendered":"Pole Position"},"content":{"rendered":"<p>&nbsp;<\/p>\n<p>Si las <strong>elecciones<\/strong> al <strong>Parlamento europeo<\/strong> celebradas el pasado <a href=\"http:\/\/www.larioja.com\/la-rioja\/201405\/25\/vence-rioja-pero-pierde-20140525222557.html\">25 de mayo<\/a> formasen parte de un campeonato de F\u00f3rmula 1, la parrilla de salida de la siguiente carrera en La Rioja (la de las <strong>elecciones auton\u00f3micas ymunicipales<\/strong> del 2015) marcar\u00eda notables diferencias con todas las pruebas disputadas con anterioridad.<\/p>\n<p>Una escuder\u00eda campeona como el <strong>PP<\/strong> de <strong>Pedro Sanz<\/strong> perdi\u00f3 m\u00e1s de 27 puestos en la pole position, y su inmediata seguidora, el <strong>PSOE<\/strong> de <strong>C\u00e9sar Luena<\/strong>, se retras\u00f3 44 puestos. A los dos partidos se les grip\u00f3 el motor el <strong>25M<\/strong>. Un exceso de temperatura, en este caso de expectativas, o una falta de lubricante provocada por la <strong>huida de votantes<\/strong> desencantados fundi\u00f3 las piezas de ambos motores anta\u00f1o irrompibles.<\/p>\n<p><a href=\"\/eltragablog\/wp-content\/uploads\/sites\/32\/2014\/06\/bandera2.jpeg\"><img loading=\"lazy\" class=\"alignright size-full wp-image-117\" title=\"bandera\" src=\"\/eltragablog\/wp-content\/uploads\/sites\/32\/2014\/06\/bandera2.jpeg\" alt=\"\" width=\"273\" height=\"184\" \/><\/a>La aver\u00eda mec\u00e1nica fue mucho m\u00e1s grave para el PSOE. El coche no arranc\u00f3 ni para retirarlo del circuito. Por su <strong>izquierda<\/strong> le adelantaron <strong>IU<\/strong> y <strong>Podemos<\/strong>. Los de Henar Moreno esta vez completaron la carrera sin salidas de pista y remontaron ocho puestos.<\/p>\n<p>Menci\u00f3n especial merece Podemos. Con un SEAT Panda alcanz\u00f3 una velocidad de <strong>8.536 votantes<\/strong> en su primer gran premio. Y <strong>UPyD<\/strong>, liderado por Emilio S\u00e1ez de Guinoa, confirm\u00f3 su excelente temporada volviendo a subirse al tercer caj\u00f3n del podio pol\u00edtico de La Rioja.<\/p>\n<p>Por su parte, el PP perdi\u00f3 aceleraci\u00f3n y sufri\u00f3 los problemas din\u00e1micos previstos porque los <strong>electores<\/strong> tienen la extra\u00f1a man\u00eda de <strong>dar toques de atenci\u00f3n<\/strong> a trav\u00e9s de las <strong>urnas<\/strong>. Con todo \u2013puf, puf, puf\u2013 el coche con la gaviota en el aler\u00f3n lleg\u00f3 el primero a meta.<\/p>\n<p>Ayer se reunieron los grandes equipos para <a href=\"http:\/\/www.larioja.com\/la-rioja\/201405\/27\/lecturas-riojanas-elecciones-europeas-20140527002658-v.html\">valorar<\/a> la clasificaci\u00f3n general: el PSOE, que derrapa como un loco desde hace a\u00f1os, mantiene que sigue <strong>en \u00abla buena direcci\u00f3n\u00bb<\/strong> (sic). Y el PP <strong>se consuela<\/strong> con ver a los socialistas estrellados sobre el asfalto pol\u00edtico.<\/p>\n","protected":false},"excerpt":{"rendered":"<p>&nbsp; Si las elecciones al Parlamento europeo celebradas el pasado 25 de mayo formasen parte de un campeonato de F\u00f3rmula 1, la parrilla de salida de la siguiente carrera en La Rioja (la de las elecciones auton\u00f3micas ymunicipales del 2015) marcar\u00eda notables diferencias con todas las pruebas disputadas con anterioridad. Una escuder\u00eda campeona como el [&hellip;]<\/p>\n","protected":false},"author":35,"featured_media":0,"comment_status":"open","ping_status":"open","sticky":false,"template":"","format":"standard","meta":[],"categories":[2,14],"tags":[21,65,108,163,200,204,209,217],"_links":{"self":[{"href":"https:\/\/blogs.larioja.com\/eltragablog\/wp-json\/wp\/v2\/posts\/114"}],"collection":[{"href":"https:\/\/blogs.larioja.com\/eltragablog\/wp-json\/wp\/v2\/posts"}],"about":[{"href":"https:\/\/blogs.larioja.com\/eltragablog\/wp-json\/wp\/v2\/types\/post"}],"author":[{"embeddable":true,"href":"https:\/\/blogs.larioja.com\/eltragablog\/wp-json\/wp\/v2\/users\/35"}],"replies":[{"embeddable":true,"href":"https:\/\/blogs.larioja.com\/eltragablog\/wp-json\/wp\/v2\/comments?post=114"}],"version-history":[{"count":0,"href":"https:\/\/blogs.larioja.com\/eltragablog\/wp-json\/wp\/v2\/posts\/114\/revisions"}],"wp:attachment":[{"href":"https:\/\/blogs.larioja.com\/eltragablog\/wp-json\/wp\/v2\/media?parent=114"}],"wp:term":[{"taxonomy":"category","embeddable":true,"href":"https:\/\/blogs.larioja.com\/eltragablog\/wp-json\/wp\/v2\/categories?post=114"},{"taxonomy":"post_tag","embeddable":true,"href":"https:\/\/blogs.larioja.com\/eltragablog\/wp-json\/wp\/v2\/tags?post=114"}],"curies":[{"name":"wp","href":"https:\/\/api.w.org\/{rel}","templated":true}]}}