{"id":12,"date":"2012-05-04T21:00:20","date_gmt":"2012-05-04T19:00:20","guid":{"rendered":"http:\/\/blogs.larioja.com\/eltragablog\/?p=12"},"modified":"2012-05-04T21:00:20","modified_gmt":"2012-05-04T19:00:20","slug":"el-resumen-de-la-semana","status":"publish","type":"post","link":"https:\/\/blogs.larioja.com\/eltragablog\/2012\/05\/04\/el-resumen-de-la-semana\/","title":{"rendered":"El resumen de la semana"},"content":{"rendered":"<p>Perdonad el retraso (promet\u00ed arrancar esta aventura hace unos d\u00edas), pero es que me da p\u00e1nico! Miro el blog, edito el perfil, cliko la pesta\u00f1a de &#8216;nueva entrada&#8217; y la vuelvo a cerrar. Esto es lo que se llama miedo esc\u00e9nico. Bueno&#8230; Mas que miedo&#8230; Terror!!!<\/p>\n<p>Vale, ya me he lanzado. Disculpadme si la construccion del post no esta bien hecha. Estoy en casa con mi ipad, intentando conocernos. Pero no me gusta como me mira. Ummmmm&#8230;. no se, tengo dudas de que esto cuaje. En fin, poco a poco y &#8216;enredando&#8217; en el blog ire mejorando. Vosotros que sois expertos ya me entend\u00e9is: enlaces, subrayados, im\u00e1genes&#8230; Os suplico clemencia&#8230; Es mi primera vez&#8230; <\/p>\n<p>Hoy, para estrenarme, voy a hacer mi resumen particular de la semana. Ah\u00ed va:<\/p>\n<p>Lunes: UGT y CCOO de La Rioja le dan el anticipo del Primero de Mayo al presidente regional. &#8220;El Pacto por el Empleo esta muerto&#8221;, sentencia Koldo Gonz\u00e1lez. Javier Granda no matiza la declaraci\u00f3n de su homologo. <\/p>\n<p>Martes: Hoy, si. Granda &#8216;matiza&#8217; en la concentraci\u00f3n de la Plaza del Mercado. &#8220;El Pacto no esta muerto&#8221;, proclama. Gonz\u00e1lez insiste en lo contrario. Por cierto, buena &#8216;entrada&#8217; en la protesta de la fiesta del Trabajo y protagonismo inteligente para quienes padecen en mayor grado la crisis. <\/p>\n<p>Mi\u00e9rcoles: Sanz les devuelve el dardo a los dirigentes sindicales: &#8220;Con vosotros,sin vosotros o con otros&#8221;.<\/p>\n<p>Jueves: No basta con la rectificaci\u00f3n verbal en la concentraci\u00f3n del Primero de Mayo. UGT env\u00eda un comunicado para certificar la vigencia del Pacto.<\/p>\n<p>Viernes: 125 nuevos desempleados, a los que poco les importan los enredos &#8216;sindicogubernamentales&#8217;. Se acabaron los &#8216;recados&#8217; a trav\u00e9s de los medios de comunicaci\u00f3n. <\/p>\n<p>Buen fin de semana a todos y si ten\u00e9is la fortuna de tener un puesto de trabajo, guardadlo como un tesoro. Realmente que lo es.<\/p>\n","protected":false},"excerpt":{"rendered":"<p>Perdonad el retraso (promet\u00ed arrancar esta aventura hace unos d\u00edas), pero es que me da p\u00e1nico! Miro el blog, edito el perfil, cliko la pesta\u00f1a de &#8216;nueva entrada&#8217; y la vuelvo a cerrar. Esto es lo que se llama miedo esc\u00e9nico. Bueno&#8230; Mas que miedo&#8230; Terror!!! Vale, ya me he lanzado. Disculpadme si la construccion [&hellip;]<\/p>\n","protected":false},"author":35,"featured_media":0,"comment_status":"open","ping_status":"closed","sticky":false,"template":"","format":"standard","meta":[],"categories":[17],"tags":[],"_links":{"self":[{"href":"https:\/\/blogs.larioja.com\/eltragablog\/wp-json\/wp\/v2\/posts\/12"}],"collection":[{"href":"https:\/\/blogs.larioja.com\/eltragablog\/wp-json\/wp\/v2\/posts"}],"about":[{"href":"https:\/\/blogs.larioja.com\/eltragablog\/wp-json\/wp\/v2\/types\/post"}],"author":[{"embeddable":true,"href":"https:\/\/blogs.larioja.com\/eltragablog\/wp-json\/wp\/v2\/users\/35"}],"replies":[{"embeddable":true,"href":"https:\/\/blogs.larioja.com\/eltragablog\/wp-json\/wp\/v2\/comments?post=12"}],"version-history":[{"count":0,"href":"https:\/\/blogs.larioja.com\/eltragablog\/wp-json\/wp\/v2\/posts\/12\/revisions"}],"wp:attachment":[{"href":"https:\/\/blogs.larioja.com\/eltragablog\/wp-json\/wp\/v2\/media?parent=12"}],"wp:term":[{"taxonomy":"category","embeddable":true,"href":"https:\/\/blogs.larioja.com\/eltragablog\/wp-json\/wp\/v2\/categories?post=12"},{"taxonomy":"post_tag","embeddable":true,"href":"https:\/\/blogs.larioja.com\/eltragablog\/wp-json\/wp\/v2\/tags?post=12"}],"curies":[{"name":"wp","href":"https:\/\/api.w.org\/{rel}","templated":true}]}}