{"id":120,"date":"2014-06-19T13:33:49","date_gmt":"2014-06-19T11:33:49","guid":{"rendered":"http:\/\/blogs.larioja.com\/eltragablog\/?p=120"},"modified":"2014-06-19T13:33:49","modified_gmt":"2014-06-19T11:33:49","slug":"repensar-el-9-de-junio","status":"publish","type":"post","link":"https:\/\/blogs.larioja.com\/eltragablog\/2014\/06\/19\/repensar-el-9-de-junio\/","title":{"rendered":"Repensar el 9 de junio"},"content":{"rendered":"<p>&nbsp;<\/p>\n<p><a href=\"\/eltragablog\/wp-content\/uploads\/sites\/32\/2014\/06\/bandera7.jpeg\"><img loading=\"lazy\" class=\"aligncenter size-full wp-image-125\" title=\"bandera\" src=\"\/eltragablog\/wp-content\/uploads\/sites\/32\/2014\/06\/bandera7.jpeg\" alt=\"\" width=\"135\" height=\"90\" \/><\/a><\/p>\n<p>Hac\u00eda varios a\u00f1os que no acud\u00eda en comisi\u00f3n de servicio. Pero el pasado <strong>9 de junio<\/strong> volv\u00ed a desplazarme a <strong>San Mill\u00e1n de la Cogolla<\/strong> para ser <a href=\"http:\/\/www.larioja.com\/temas\/generales\/dia-de-la-rioja.html\">testigo informativo<\/a> de la conmemoraci\u00f3n institucional del <strong>D\u00eda de La Rioja<\/strong>.<\/p>\n<p>Al margen de los estragos de la <strong>crisis<\/strong> econ\u00f3mica (hay que ajustar gastos), que han reducido la celebraci\u00f3n en tiempo (55 minutos) y espacio (la capacidad del Refectorio del cenobio emilianense es m\u00ednima comparada con la del patio de Los Leones), la impresi\u00f3n con la que regres\u00e9 a la redacci\u00f3n es que hay que dar una <strong>repensada<\/strong> al 9 de Junio.<\/p>\n<p>Yo no digo que haya que plantearse organizar cadenas humanas como hacen catalanes y vascos para reivindicar el <strong>derecho a decidir<\/strong>. A los riojanos, ya sabemos, excentricidades (*), ninguna. Sin embargo, s\u00ed creo oportuno reavivar el <strong>esp\u00edritu de regi\u00f3n<\/strong>. Precisamente por lo que ocurre en otros territorios de Espa\u00f1a, donde los sentimientos de <strong>comunidad<\/strong>, de tierra, crepitan con entusiasmo.<\/p>\n<p>Este 9 de junio se pod\u00eda aparcar con total facilidad en el <strong>aparcamiento<\/strong> principal que est\u00e1 situado frente al acceso al Monasterio. Los agentes de la Guardia Civil de Tr\u00e1fico tuvieron una <strong>jornada tranquila<\/strong> como pocas. Y sospecho que la caja que hizo el bar que hay en la explanada no le servir\u00e1 para salvar el semestre.<\/p>\n<p>Faltaba gente. Gente com\u00fan enti\u00e9ndame. Hab\u00eda pol\u00edticos, autoridades civiles, militares y religiosas, representantes de los agentes sociales, periodistas&#8230; Pero ni rastro de <strong>ciudadanos<\/strong> que, impulsados por el deseo de expresar su <strong>riojanidad<\/strong> en el d\u00eda de la regi\u00f3n, se acercasen hasta all\u00ed para degustar ese esp\u00edritu en comuni\u00f3n.<\/p>\n<p>Por todo ello es por lo que me atrevo a hacer esta reflexi\u00f3n y a reclamar para los <strong>riojanos<\/strong> el derecho a celebrar&#8230; mejor.<\/p>\n<p>&nbsp;<\/p>\n<p>* En sustituci\u00f3n de la expresi\u00f3n &#8216;mamarrachadas&#8217;, utilizada en el edici\u00f3n en papel de El Tragaluz, y que hiri\u00f3 algunas sensibilidades.<\/p>\n","protected":false},"excerpt":{"rendered":"<p>&nbsp; Hac\u00eda varios a\u00f1os que no acud\u00eda en comisi\u00f3n de servicio. Pero el pasado 9 de junio volv\u00ed a desplazarme a San Mill\u00e1n de la Cogolla para ser testigo informativo de la conmemoraci\u00f3n institucional del D\u00eda de La Rioja. Al margen de los estragos de la crisis econ\u00f3mica (hay que ajustar gastos), que han reducido [&hellip;]<\/p>\n","protected":false},"author":35,"featured_media":0,"comment_status":"open","ping_status":"open","sticky":false,"template":"","format":"standard","meta":[],"categories":[11],"tags":[23,64,72,99,228,239],"_links":{"self":[{"href":"https:\/\/blogs.larioja.com\/eltragablog\/wp-json\/wp\/v2\/posts\/120"}],"collection":[{"href":"https:\/\/blogs.larioja.com\/eltragablog\/wp-json\/wp\/v2\/posts"}],"about":[{"href":"https:\/\/blogs.larioja.com\/eltragablog\/wp-json\/wp\/v2\/types\/post"}],"author":[{"embeddable":true,"href":"https:\/\/blogs.larioja.com\/eltragablog\/wp-json\/wp\/v2\/users\/35"}],"replies":[{"embeddable":true,"href":"https:\/\/blogs.larioja.com\/eltragablog\/wp-json\/wp\/v2\/comments?post=120"}],"version-history":[{"count":0,"href":"https:\/\/blogs.larioja.com\/eltragablog\/wp-json\/wp\/v2\/posts\/120\/revisions"}],"wp:attachment":[{"href":"https:\/\/blogs.larioja.com\/eltragablog\/wp-json\/wp\/v2\/media?parent=120"}],"wp:term":[{"taxonomy":"category","embeddable":true,"href":"https:\/\/blogs.larioja.com\/eltragablog\/wp-json\/wp\/v2\/categories?post=120"},{"taxonomy":"post_tag","embeddable":true,"href":"https:\/\/blogs.larioja.com\/eltragablog\/wp-json\/wp\/v2\/tags?post=120"}],"curies":[{"name":"wp","href":"https:\/\/api.w.org\/{rel}","templated":true}]}}