{"id":128,"date":"2014-06-30T12:37:23","date_gmt":"2014-06-30T10:37:23","guid":{"rendered":"http:\/\/blogs.larioja.com\/eltragablog\/?p=128"},"modified":"2014-06-30T12:37:23","modified_gmt":"2014-06-30T10:37:23","slug":"podemos-es-hijo-de-todos-los-abusos-de-poder-del-bipartidismo-pp-psoe","status":"publish","type":"post","link":"https:\/\/blogs.larioja.com\/eltragablog\/2014\/06\/30\/podemos-es-hijo-de-todos-los-abusos-de-poder-del-bipartidismo-pp-psoe\/","title":{"rendered":"&#8220;Podemos es &#039;hijo&#039; de todos los abusos de poder del bipartidismo PP-PSOE&#8221;"},"content":{"rendered":"<p>&nbsp;<\/p>\n<p>\u00abUn golpe de suerte asociado al hecho de ser riojano\u00bb llev\u00f3 a <strong>Pedro J. Ram\u00edrez<\/strong> (Logro\u00f1o, 1952) <a href=\"\/eltragablog\/wp-content\/uploads\/sites\/32\/2014\/06\/caricatura1.jpeg\"><img loading=\"lazy\" class=\"aligncenter size-full wp-image-130\" title=\"caricatura\" src=\"\/eltragablog\/wp-content\/uploads\/sites\/32\/2014\/06\/caricatura1.jpeg\" alt=\"\" width=\"194\" height=\"259\" \/><\/a>a escribir &#8216;La desventura de la libertad&#8217;, un ensayo hist\u00f3rico sobre el fin del Trienio Liberal, que present\u00f3 recientemente\u00a0 en el C\u00edrculo Logro\u00f1\u00e9s, en un acto prologado por el director de Diario LA RIOJA, Jos\u00e9 Luis Prus\u00e9n. Pedro J. concedi\u00f3 una entrevistra a este peri\u00f3dico en la que instaba a los principales partidos a liderar \u00abla regeneraci\u00f3n\u00bb del sistema constitucional para evitar \u00abla destrucci\u00f3n\u00bb del modelo de convivencia.<\/p>\n<p><strong>-A veces la suerte funciona.<\/strong><br \/>\n-S\u00ed, s\u00ed. A m\u00ed siempre me ha interesado el Trienio Liberal, pero no hubiera descubierto el archivo del ministro Jos\u00e9 Mar\u00eda Calatrava si no es porque antes adquir\u00ed la carta de suicidio de otro ministro del periodo, Estanislao S\u00e1nchez Salvador, riojano como yo. Ah\u00ed empez\u00f3 todo.<br \/>\n<strong>-Finales del siglo XIX versus principios del XXI. Los espa\u00f1oles somos maestros en no aprender de nuestros errores&#8230;<\/strong><br \/>\n-&#8216;La desventura de la libertad&#8217; es un libro de historia que, como tal, se despliega como un espejo al ser abierto. Por eso, y aunque no hay alusiones al presente, mucha gente va a ver situaciones reflejadas entre la Espa\u00f1a de entonces y la actual. La Constituci\u00f3n de 1812 era una especie de f\u00f3sil inamovible. No se introdujeron reformas y la putrefacci\u00f3n del sistema, como la defini\u00f3 Leopoldo Alas Clar\u00edn, desemboc\u00f3 en su destrucci\u00f3n. Bueno, pues este es el riesgo que estamos corriendo hoy con la Constituci\u00f3n de 1978, y ya hemos visto en las \u00faltimas elecciones europeas c\u00f3mo hay fuerzas que est\u00e1n dispuestas a trabajar para destruir nuestro sistema de convivencia, tanto por el lado del separatismo como por el lado del colectivismo.<br \/>\n<strong>-Porque Podemos es el resultado de la crisis del sistema, no su causa&#8230;<\/strong><br \/>\n-El &#8216;padre&#8217; de Podemos es Rajoy y la &#8216;madre&#8217;, Rubalcaba. Podemos es &#8216;hijo&#8217; de todos los abusos de poder del PP y del PSOE, que cometer\u00edan un grave error si no se dieran cuenta de que, en las elecciones europeas, la sociedad les sac\u00f3 una tarjeta amarilla a la manera de ejercer el bipartidismo.<br \/>\n<strong>-\u00bfCu\u00e1les son, a su juicio, las mayores urgencias sobre las que hay que actuar?<\/strong><br \/>\n-El primer bloque ser\u00eda el de la regeneraci\u00f3n democr\u00e1tica. Es necesario reformar la Constituci\u00f3n para que pueda haber una nueva Ley electoral que devuelva a los ciudadanos los derechos de participaci\u00f3n pol\u00edtica que los aparatos de los partidos les han usurpado. Adem\u00e1s, hay que reforzar el funcionamiento democr\u00e1tico interno real de los partidos supeditando a ello que obtengan financiaci\u00f3n p\u00fablica. Y, en tercer lugar, fortalecer la independencia del Poder Judicial para evitar m\u00e1s pol\u00edticos tramposos que la vulneren legislatura tras legislatura.<br \/>\n<strong>-\u00bfY el segundo bloque reformista?<\/strong><br \/>\n-El modelo territorial. Habr\u00eda que seguir las recomendaciones del dictamen del Consejo de Estado del 2006 que propuso reforzar las competencias del Estado y cerrar el mapa auton\u00f3mico. En ese contexto, los separatistas tendr\u00edan que retratarse. Naturalmente, con una mayor\u00eda cualificada en todas las provincias afectadas. Y, desde luego, si no les saliese, que no lo volviesen a proponer hasta veinte a\u00f1os despu\u00e9s. Es decir, se tratar\u00eda de desactivar el estribillo constante de que \u00abno nos dejan votar\u00bb. Que voten, pero de acuerdo con estas normas. Eso es lo es que propongo: que cada partido acuda a las pr\u00f3ximas elecciones generales con su propuesta de reforma constitucional.<br \/>\n<strong>-\u00bfY usted ve posible que los legisladores se autolegislen con tanta generosidad y sentido del Estado?<\/strong><br \/>\n-Si utilizamos el s\u00edmil del cuento de Blancanieves, la madrastra en la que confluyen el poder pol\u00edtico y el poder econ\u00f3mico ha mantenido adormecida a la sociedad durante mucho tiempo. La cuesti\u00f3n es cu\u00e1l va ser el pr\u00edncipe que despierte a la doncella: \u00bfun pr\u00edncipe blanco, es decir, reformista, liberal, dem\u00f3crata y racionalista? \u00bfO un pr\u00edncipe negro, es decir, revolucionario, colectivista, intervencionista y con atisbos dictatoriales? Al PP y al PSOE m\u00e1s les vale que se les quite de la cabeza la posibilidad de que todo siga igual. Los espa\u00f1oles, especialmente los j\u00f3venes, est\u00e1n hartos y, en consecuencia, dispuestos a votar a Podemos o a cualquiera que plantee una enmienda profunda a lo que hay.<br \/>\n<strong>-En el cuento de Blancanieves, adem\u00e1s del pr\u00edncipe hab\u00eda un rey que, por inacci\u00f3n, no impidi\u00f3 que la malvada bruja hechizase a su hija. H\u00e1bleme de Felipe VI.<\/strong><br \/>\n-Se han creado enormes e ilusionantes expectativas en su figura y lo que me preocupa es que luego se produzca una decepci\u00f3n y la sensaci\u00f3n de que hemos consumido la \u00fanica bala importante de la rec\u00e1mara. No tiene la \u00abauctoritas\u00bb que adquiri\u00f3 su padre, sobre todo tras el 23-F.<br \/>\n<strong>-A su juicio, \u00bfqu\u00e9 le ha llevado a don Juan Carlos a abdicar?<\/strong><br \/>\n-No lo s\u00e9. Todo son especulaciones m\u00e1s propias de la dimisi\u00f3n de un pol\u00edtico que de la abdicaci\u00f3n de un monarca.<br \/>\n<strong>-Con sinceridad: \u00bfcu\u00e1nta rabia le ha dado no estar al frente de la direcci\u00f3n de El Mundo en este momento hist\u00f3rico de Espa\u00f1a?<\/strong><br \/>\n-Me ha fastidiado, es verdad. No por mandar, sino por vivir la vibraci\u00f3n de estas jornadas hist\u00f3ricas con mis compa\u00f1eros de la Redacci\u00f3n.<br \/>\n<strong>-M\u00e1s acontecimientos asombrosos: redactores de El Mundo denunciando censura de la nueva direcci\u00f3n. Entre ellos, su hija, que ha sido suspendida un mes de empleo y sueldo&#8230;<\/strong><br \/>\n-Me han contado cosas, pero no estoy en los detalles, as\u00ed que prefiero no dar una opini\u00f3n. Lo que creo es que El Mundo sigue siendo El Mundo y que Casimiro Garc\u00eda-Abadillo, que es un gran periodista, puede ser un gran director.<br \/>\n<strong>-\u00bfPuede ser&#8230;?<\/strong><br \/>\n-Bueno&#8230; Tiene todas las caracter\u00edsticas para ser un buen director, pero s\u00f3lo lleva cuatro meses en el cargo y necesita tiempo para demostrarlo.<\/p>\n","protected":false},"excerpt":{"rendered":"<p>&nbsp; \u00abUn golpe de suerte asociado al hecho de ser riojano\u00bb llev\u00f3 a Pedro J. Ram\u00edrez (Logro\u00f1o, 1952) a escribir &#8216;La desventura de la libertad&#8217;, un ensayo hist\u00f3rico sobre el fin del Trienio Liberal, que present\u00f3 recientemente\u00a0 en el C\u00edrculo Logro\u00f1\u00e9s, en un acto prologado por el director de Diario LA RIOJA, Jos\u00e9 Luis Prus\u00e9n. [&hellip;]<\/p>\n","protected":false},"author":35,"featured_media":0,"comment_status":"open","ping_status":"open","sticky":false,"template":"","format":"standard","meta":[],"categories":[2],"tags":[24,126,199,204,210],"_links":{"self":[{"href":"https:\/\/blogs.larioja.com\/eltragablog\/wp-json\/wp\/v2\/posts\/128"}],"collection":[{"href":"https:\/\/blogs.larioja.com\/eltragablog\/wp-json\/wp\/v2\/posts"}],"about":[{"href":"https:\/\/blogs.larioja.com\/eltragablog\/wp-json\/wp\/v2\/types\/post"}],"author":[{"embeddable":true,"href":"https:\/\/blogs.larioja.com\/eltragablog\/wp-json\/wp\/v2\/users\/35"}],"replies":[{"embeddable":true,"href":"https:\/\/blogs.larioja.com\/eltragablog\/wp-json\/wp\/v2\/comments?post=128"}],"version-history":[{"count":0,"href":"https:\/\/blogs.larioja.com\/eltragablog\/wp-json\/wp\/v2\/posts\/128\/revisions"}],"wp:attachment":[{"href":"https:\/\/blogs.larioja.com\/eltragablog\/wp-json\/wp\/v2\/media?parent=128"}],"wp:term":[{"taxonomy":"category","embeddable":true,"href":"https:\/\/blogs.larioja.com\/eltragablog\/wp-json\/wp\/v2\/categories?post=128"},{"taxonomy":"post_tag","embeddable":true,"href":"https:\/\/blogs.larioja.com\/eltragablog\/wp-json\/wp\/v2\/tags?post=128"}],"curies":[{"name":"wp","href":"https:\/\/api.w.org\/{rel}","templated":true}]}}