{"id":142,"date":"2014-10-15T19:32:38","date_gmt":"2014-10-15T17:32:38","guid":{"rendered":"http:\/\/blogs.larioja.com\/eltragablog\/?p=142"},"modified":"2014-10-15T19:32:38","modified_gmt":"2014-10-15T17:32:38","slug":"adios-titin","status":"publish","type":"post","link":"https:\/\/blogs.larioja.com\/eltragablog\/2014\/10\/15\/adios-titin\/","title":{"rendered":"Adi\u00f3s Tit\u00edn"},"content":{"rendered":"<p>&nbsp;<\/p>\n<p>Sus <strong>manos<\/strong> son grandiosas. F\u00edsica y metaf\u00edsicamente hablando. Manos como troncos de roble que terminan en falanges que recuerdan a las ramas robustas deformadas por las agresiones de brutales <strong>tardes<\/strong> de tormenta.<\/p>\n<p>\u00c1speras, rudas, descarnadas tras los <strong>partidos<\/strong>. Pero al mismo tiempo delicadas y suaves, propicias para dar y recibir caricias, mimos y consuelo. Unas manos bipolares: las graves, luchadoras y recias pertenecen a <strong>Tit\u00edn<\/strong>; las dulces, a <strong>Augusto<\/strong>.<\/p>\n<p>El <strong>pelotari<\/strong> riojano olg\u00f3 profesionalmente <a href=\"http:\/\/www.larioja.com\/deportes\/pelota\/201410\/06\/gran-familia-adarraga-20141006011107-v.html\">el pasado d\u00eda 5<\/a> las cintas protectoras que tantas veces se ha enfundado para delirio de los <strong>frontones<\/strong>. Esos acolchados que aliviaron miles de impactos de <strong>pelota<\/strong>, las ca\u00eddas en el suelo y los topetazos en la pared. Manos que hicieron vibrar a sus seguidores, que los levantaron de sus asientos. Manos que hicieron romper en aplausos a los <strong>aficionado<\/strong>s. Que provocaron gritos de j\u00fabilo y ovaciones en las <strong>gradas<\/strong>.<\/p>\n<p>A partir de ahora, el pelotari descansar\u00e1. Tit\u00edn ya no volar\u00e1 en las <strong>canchas<\/strong>, ni se lanzar\u00e1 en plancha para conseguir el juego que parece imposible. Es el turno de Augusto, que tendr\u00e1 que acostumbrarse a vivir como una <strong>leyenda<\/strong>. \u00abTan joven y tan viejo like a rolling stone\u00bb, le dedicar\u00eda como soneto Joaqu\u00edn Sabina.<\/p>\n<p>Pero esa es una suerte que, intuyo, este hombre sabr\u00e1 aprovechar, exprimir y no desperdiciar: ni se le subi\u00f3 la <strong>fama<\/strong> en su \u00e9poca de profesional, ni temo que claudique a los halagos en esta segunda etapa de su vida. Adem\u00e1s de<strong> sencillez<\/strong>, sus gestos le revelan como un hombre al que el <strong>coraz\u00f3n<\/strong> no le podr\u00eda caber aun poniendo juntas y abiertas sus dos palmas colosales.<br \/>\nA m\u00ed no me gusta la pelota. Pero s\u00ed los t\u00edos enormes y agradecidos que merecen todos los reconocimientos. Incluido este suelto tan humilde como sincero.<\/p>\n<p>&nbsp;<\/p>\n<p><a href=\"\/eltragablog\/wp-content\/uploads\/sites\/32\/2014\/10\/tition-pequena.jpg\"><img loading=\"lazy\" class=\"aligncenter size-full wp-image-144\" title=\"TFGP.\" src=\"\/eltragablog\/wp-content\/uploads\/sites\/32\/2014\/10\/tition-pequena.jpg\" alt=\"\" width=\"600\" height=\"399\" srcset=\"https:\/\/static-blogs.larioja.com\/wp-content\/uploads\/sites\/32\/2014\/10\/tition-pequena.jpg 600w, https:\/\/static-blogs.larioja.com\/wp-content\/uploads\/sites\/32\/2014\/10\/tition-pequena-300x200.jpg 300w\" sizes=\"(max-width: 600px) 100vw, 600px\" \/><\/a><\/p>\n<p>&nbsp;<\/p>\n<p>Imagen de Juan Mar\u00edn tomada el d\u00eda 6, en la redacci\u00f3n de Diario LA RIOJA, apenas 24 horas de la despedida de Tit\u00edn de los frontones. En el sentido de las agujas del reloj: Maite Mayayo, Isabel Mart\u00ednez, Elena Beisti, Mar\u00eda\u00a0 Jos\u00e9 Gonz\u00e1lez, Tit\u00edn, Mar\u00eda Jos\u00e9 Zapata y Andrea Ceniceros.<\/p>\n<p>&nbsp;<\/p>\n","protected":false},"excerpt":{"rendered":"<p>&nbsp; Sus manos son grandiosas. F\u00edsica y metaf\u00edsicamente hablando. Manos como troncos de roble que terminan en falanges que recuerdan a las ramas robustas deformadas por las agresiones de brutales tardes de tormenta. \u00c1speras, rudas, descarnadas tras los partidos. Pero al mismo tiempo delicadas y suaves, propicias para dar y recibir caricias, mimos y consuelo. [&hellip;]<\/p>\n","protected":false},"author":35,"featured_media":0,"comment_status":"open","ping_status":"open","sticky":false,"template":"","format":"standard","meta":[],"categories":[17],"tags":[],"_links":{"self":[{"href":"https:\/\/blogs.larioja.com\/eltragablog\/wp-json\/wp\/v2\/posts\/142"}],"collection":[{"href":"https:\/\/blogs.larioja.com\/eltragablog\/wp-json\/wp\/v2\/posts"}],"about":[{"href":"https:\/\/blogs.larioja.com\/eltragablog\/wp-json\/wp\/v2\/types\/post"}],"author":[{"embeddable":true,"href":"https:\/\/blogs.larioja.com\/eltragablog\/wp-json\/wp\/v2\/users\/35"}],"replies":[{"embeddable":true,"href":"https:\/\/blogs.larioja.com\/eltragablog\/wp-json\/wp\/v2\/comments?post=142"}],"version-history":[{"count":0,"href":"https:\/\/blogs.larioja.com\/eltragablog\/wp-json\/wp\/v2\/posts\/142\/revisions"}],"wp:attachment":[{"href":"https:\/\/blogs.larioja.com\/eltragablog\/wp-json\/wp\/v2\/media?parent=142"}],"wp:term":[{"taxonomy":"category","embeddable":true,"href":"https:\/\/blogs.larioja.com\/eltragablog\/wp-json\/wp\/v2\/categories?post=142"},{"taxonomy":"post_tag","embeddable":true,"href":"https:\/\/blogs.larioja.com\/eltragablog\/wp-json\/wp\/v2\/tags?post=142"}],"curies":[{"name":"wp","href":"https:\/\/api.w.org\/{rel}","templated":true}]}}