{"id":153,"date":"2014-11-03T19:20:15","date_gmt":"2014-11-03T18:20:15","guid":{"rendered":"http:\/\/blogs.larioja.com\/eltragablog\/?p=153"},"modified":"2014-11-03T19:20:15","modified_gmt":"2014-11-03T18:20:15","slug":"la-ultima-esperanza","status":"publish","type":"post","link":"https:\/\/blogs.larioja.com\/eltragablog\/2014\/11\/03\/la-ultima-esperanza\/","title":{"rendered":"La \u00faltima esperanza"},"content":{"rendered":"<p>&nbsp;<\/p>\n<p>Bueno, pues est\u00e1 visto que ha de ser as\u00ed:\u00a0 todos los d\u00edas profundizamos en nuestra <strong>amargura<\/strong> social con un nuevo caso de <strong>corrupci\u00f3n<\/strong> pol\u00edtico-institucional-empresarial-financiera. Porque ya lo saben: no es que ahora haya m\u00e1s <strong>corruptos<\/strong> que antes, sino que la corrupci\u00f3n se ve m\u00e1s.<\/p>\n<p>Se ve m\u00e1s y, tambi\u00e9n, la intolerancia de los<strong> ciudadanos<\/strong> es mayor. \u00bfQui\u00e9n no conoce al prototipo de hombre, alba\u00f1il primero y pr\u00f3spero constructor despu\u00e9s, que cambi\u00f3 la furgoneta por un coche de alta gama, se mud\u00f3 del piso de barrio a un chal\u00e9 y pas\u00f3 de veranear en el pueblo a hacerlo en las playas de la Costa de Sol?<\/p>\n<p>Al albur del <strong>boom inmobiliario<\/strong>, con sus <strong>comisiones<\/strong> del <strong>3%<\/strong> que blindaban las adjudicaciones de <strong>obras y servicios p\u00fablicos<\/strong>, se construyeron los fraudes gigantescos y vergonzosos que entonces sospech\u00e1bamos y hoy confirmamos con los <a href=\"http:\/\/www.larioja.com\/nacional\/201410\/29\/empresas-salpicadas-operacion-punica-20141029184228-rc.html\">guardias civiles<\/a> entrando en los despachos oficiales, sacando cajas de documentos y <strong>deteniendo<\/strong> a alcaldes, concejales y empresarios.<\/p>\n<p>No somos el pa\u00eds desarrollado m\u00e1s corrupto del mundo, pero s\u00ed nos encontramos entre los m\u00e1s transigentes. Por eso, esperamos en la <strong>Justicia<\/strong> en demanda de <strong>escarmiento<\/strong> y de ejemplaridad. Y apelamos a ella para que llegue a todos los rincones de la<strong> Espa\u00f1a auton\u00f3mica<\/strong>, levante las alfombras y abra las ventanas.<\/p>\n<p>Porque vemos en los jueces nuestra \u00faltima esperanza como <strong>sociedad<\/strong> para resarcirnos de la frustraci\u00f3n y del descreimiento a los que nos ha arrastrado un <strong>sistema fallido<\/strong>. No ha sido gratis: siete largu\u00edsimos a\u00f1os de crisis, la falta de trabajo, las dificultades o la desesperaci\u00f3n ante un inexistente futuro para nuestros hijos han actuado como lentes de aumento para <strong>vigilar<\/strong> y no s\u00f3lo mirar la realidad.<\/p>\n<p><a href=\"\/eltragablog\/wp-content\/uploads\/sites\/32\/2014\/11\/carcel1.jpeg\"><img loading=\"lazy\" class=\"aligncenter size-full wp-image-155\" title=\"carcel\" src=\"\/eltragablog\/wp-content\/uploads\/sites\/32\/2014\/11\/carcel1.jpeg\" alt=\"\" width=\"300\" height=\"168\" \/><\/a><\/p>\n<p>&nbsp;<\/p>\n<p>Nota: Imagen de archivo de Francisco Granados (a la izquierda de Alfredo P\u00e9rez Rubalcaba), en el 2008, durante la inauguraci\u00f3n de la prisi\u00f3n de Estremera cuando era consejero de Presidencia, Justicia e Interior de la Comunidad de Madrid. Es la prisi\u00f3n donde ahora est\u00e1 ingresado por la Operaci\u00f3n P\u00fanica.<\/p>\n<p>&nbsp;<\/p>\n","protected":false},"excerpt":{"rendered":"<p>&nbsp; Bueno, pues est\u00e1 visto que ha de ser as\u00ed:\u00a0 todos los d\u00edas profundizamos en nuestra amargura social con un nuevo caso de corrupci\u00f3n pol\u00edtico-institucional-empresarial-financiera. Porque ya lo saben: no es que ahora haya m\u00e1s corruptos que antes, sino que la corrupci\u00f3n se ve m\u00e1s. Se ve m\u00e1s y, tambi\u00e9n, la intolerancia de los ciudadanos [&hellip;]<\/p>\n","protected":false},"author":35,"featured_media":0,"comment_status":"open","ping_status":"open","sticky":false,"template":"","format":"standard","meta":[],"categories":[17],"tags":[76,83,145,193],"_links":{"self":[{"href":"https:\/\/blogs.larioja.com\/eltragablog\/wp-json\/wp\/v2\/posts\/153"}],"collection":[{"href":"https:\/\/blogs.larioja.com\/eltragablog\/wp-json\/wp\/v2\/posts"}],"about":[{"href":"https:\/\/blogs.larioja.com\/eltragablog\/wp-json\/wp\/v2\/types\/post"}],"author":[{"embeddable":true,"href":"https:\/\/blogs.larioja.com\/eltragablog\/wp-json\/wp\/v2\/users\/35"}],"replies":[{"embeddable":true,"href":"https:\/\/blogs.larioja.com\/eltragablog\/wp-json\/wp\/v2\/comments?post=153"}],"version-history":[{"count":0,"href":"https:\/\/blogs.larioja.com\/eltragablog\/wp-json\/wp\/v2\/posts\/153\/revisions"}],"wp:attachment":[{"href":"https:\/\/blogs.larioja.com\/eltragablog\/wp-json\/wp\/v2\/media?parent=153"}],"wp:term":[{"taxonomy":"category","embeddable":true,"href":"https:\/\/blogs.larioja.com\/eltragablog\/wp-json\/wp\/v2\/categories?post=153"},{"taxonomy":"post_tag","embeddable":true,"href":"https:\/\/blogs.larioja.com\/eltragablog\/wp-json\/wp\/v2\/tags?post=153"}],"curies":[{"name":"wp","href":"https:\/\/api.w.org\/{rel}","templated":true}]}}