{"id":157,"date":"2014-11-21T19:59:31","date_gmt":"2014-11-21T18:59:31","guid":{"rendered":"http:\/\/blogs.larioja.com\/eltragablog\/?p=157"},"modified":"2014-11-21T19:59:31","modified_gmt":"2014-11-21T18:59:31","slug":"beatriz-se-mas-cuca","status":"publish","type":"post","link":"https:\/\/blogs.larioja.com\/eltragablog\/2014\/11\/21\/beatriz-se-mas-cuca\/","title":{"rendered":"Beatriz, s\u00e9 m\u00e1s cuca"},"content":{"rendered":"<p>&nbsp;<\/p>\n<p>\u00abNada me vincula a ti. Jam\u00e1s hemos cruzado media palabra. As\u00ed que me siento plenamente libre para poder reflexionar en voz alta sobre el rol que te ha tocado desempe\u00f1ar\u00bb. As\u00ed comenzaba este suelto el 16 de marzo del 2010. Hablaba de <strong>Cuca Gamarra<\/strong>, cuando fue elegida candidata del <strong>PP<\/strong> a la Alcald\u00eda del Ayuntamiento de <strong>Logro\u00f1o<\/strong>. Ahora me aprovecho de aquellas palabras para dirigirme a su rival socialista, <strong>Beatriz Arr\u00e1iz<\/strong>.<\/p>\n<p>Esta semana se ha cumplido un mes desde que te convertiste en la <a href=\"http:\/\/www.larioja.com\/logrono\/201410\/20\/arraiz-sera-candidata-psoe-20141020003900-v.html\">primera candidata a la alcald\u00eda de Logro\u00f1o elegida mediante primarias<\/a>. Ya sabes: m\u00e1s dentro que fuera de tu partido se ha tratado de poner sombras sobre el <strong>proceso<\/strong>, pero esa <strong>legitimidad<\/strong> la ganaste y siempre te acompa\u00f1ar\u00e1. Ponla en valor y, sobre todo, ponla al servicio de tu candidatura. Ese impulso deber\u00eda servirte para romper el cascar\u00f3n y salir de ese discreto segundo plano que has ocupado tanto en el grupo municipal socialista de Logro\u00f1o como en el <strong>PSOE<\/strong>.\u00a0 <a href=\"\/eltragablog\/wp-content\/uploads\/sites\/32\/2014\/11\/images2.jpeg\"><img loading=\"lazy\" class=\"alignright size-full wp-image-160\" title=\"images\" src=\"\/eltragablog\/wp-content\/uploads\/sites\/32\/2014\/11\/images2.jpeg\" alt=\"\" width=\"249\" height=\"202\" \/><\/a><\/p>\n<p>Vuelca esa experiencia en tu nueva faceta de <strong>alcaldable<\/strong>. Y no olvides aportar la que compartes con las madres que trabajamos fuera del hogar. Quiz\u00e1 sea la que m\u00e1s te ayude, porque hacer el encaje de bolillos que supone conciliar vida laboral y familiar ense\u00f1a a saber qu\u00e9 es <strong>lo importante<\/strong>.<\/p>\n<p>\u00abToma las riendas con decisi\u00f3n\u00bb le dec\u00eda entonces a Cuca y me vale tambi\u00e9n para ti, Beatriz. Tienes unos meses por delante para formular la <strong>alternativa socialista<\/strong> en Logro\u00f1o. Eres consciente de que te mirar\u00e1n con lupa y de que esperan tu <strong>traspi\u00e9s<\/strong>&#8230; en casa.<\/p>\n<p>Con un \u00abrod\u00e9ate de un equipo eficaz. Abre las ventanas, orea y acomete la renovaci\u00f3n pendiente\u00bb cerraba aquella columna para Gamarra. Hoy me sirve para ti. Hazlo Beatriz, pero no en clave interna ni con experimentos. Si te quedas en eso, como est\u00e1 m\u00e1s que demostrado, la <strong>marca blanca<\/strong> no llegar\u00e1 a los est\u00e1ndares de calidad. Y, sobre todo, sobre todo, da la oportunidad a la <strong>solvencia<\/strong> y al <strong>criterio<\/strong>.<\/p>\n","protected":false},"excerpt":{"rendered":"<p>&nbsp; \u00abNada me vincula a ti. Jam\u00e1s hemos cruzado media palabra. As\u00ed que me siento plenamente libre para poder reflexionar en voz alta sobre el rol que te ha tocado desempe\u00f1ar\u00bb. As\u00ed comenzaba este suelto el 16 de marzo del 2010. Hablaba de Cuca Gamarra, cuando fue elegida candidata del PP a la Alcald\u00eda del [&hellip;]<\/p>\n","protected":false},"author":35,"featured_media":0,"comment_status":"open","ping_status":"open","sticky":false,"template":"","format":"standard","meta":[],"categories":[2],"tags":[43,47,85,175,209,217],"_links":{"self":[{"href":"https:\/\/blogs.larioja.com\/eltragablog\/wp-json\/wp\/v2\/posts\/157"}],"collection":[{"href":"https:\/\/blogs.larioja.com\/eltragablog\/wp-json\/wp\/v2\/posts"}],"about":[{"href":"https:\/\/blogs.larioja.com\/eltragablog\/wp-json\/wp\/v2\/types\/post"}],"author":[{"embeddable":true,"href":"https:\/\/blogs.larioja.com\/eltragablog\/wp-json\/wp\/v2\/users\/35"}],"replies":[{"embeddable":true,"href":"https:\/\/blogs.larioja.com\/eltragablog\/wp-json\/wp\/v2\/comments?post=157"}],"version-history":[{"count":0,"href":"https:\/\/blogs.larioja.com\/eltragablog\/wp-json\/wp\/v2\/posts\/157\/revisions"}],"wp:attachment":[{"href":"https:\/\/blogs.larioja.com\/eltragablog\/wp-json\/wp\/v2\/media?parent=157"}],"wp:term":[{"taxonomy":"category","embeddable":true,"href":"https:\/\/blogs.larioja.com\/eltragablog\/wp-json\/wp\/v2\/categories?post=157"},{"taxonomy":"post_tag","embeddable":true,"href":"https:\/\/blogs.larioja.com\/eltragablog\/wp-json\/wp\/v2\/tags?post=157"}],"curies":[{"name":"wp","href":"https:\/\/api.w.org\/{rel}","templated":true}]}}