{"id":172,"date":"2014-12-19T19:24:06","date_gmt":"2014-12-19T18:24:06","guid":{"rendered":"http:\/\/blogs.larioja.com\/eltragablog\/?p=172"},"modified":"2014-12-19T19:24:06","modified_gmt":"2014-12-19T18:24:06","slug":"mitos-y-metas","status":"publish","type":"post","link":"https:\/\/blogs.larioja.com\/eltragablog\/2014\/12\/19\/mitos-y-metas\/","title":{"rendered":"Mitos y metas"},"content":{"rendered":"<p>&nbsp;<\/p>\n<p>Nunca, ni por lo m\u00e1s remoto, hubiera pensado alguna vez que sus caminos discurrieran paralelos. El <strong>poder<\/strong> que ha adquirido la vicepresidenta del Gobierno, <strong>Soraya S\u00e1enz de Santamar\u00eda<\/strong>, est\u00e1 despertando recelos dentro del <strong>PP<\/strong>. Y el secretario general del <strong>PSOE<\/strong>, <strong>Pedro S\u00e1nchez<\/strong>, empieza a incomodar a sus l\u00edderes territoriales, disgustados porque no ponga el mismo celo en las futuras <strong>elecciones auton\u00f3micas y municipales<\/strong> como el que invierte para promocionarse personalmente y consolidar su liderazgo interno y externo.<\/p>\n<p>S\u00e1enz de Santamar\u00eda ha reforzado su control e influencia con un pen\u00faltimo <strong>gesto de fuerza<\/strong>: el nombramiento como ministro de Sanidad de <strong>Alfonso Alonso<\/strong>, quien\u00a0 fuera gran aliado para templar el PP vasco a principios de este a\u00f1o y, de paso, ganarle un nuevo pulso a <strong>Dolores de Cospedal<\/strong> tras el que le ech\u00f3 en Andaluc\u00eda. <a href=\"\/eltragablog\/wp-content\/uploads\/sites\/32\/2014\/12\/Soraya-Saenz-de-Santamaria-en-_54365662260_54028874188_960_639.jpg\"><img loading=\"lazy\" class=\"alignright size-full wp-image-173\" title=\"Soraya-Saenz-de-Santamaria-en-_54365662260_54028874188_960_639\" src=\"\/eltragablog\/wp-content\/uploads\/sites\/32\/2014\/12\/Soraya-Saenz-de-Santamaria-en-_54365662260_54028874188_960_639.jpg\" alt=\"\" width=\"960\" height=\"639\" srcset=\"https:\/\/static-blogs.larioja.com\/wp-content\/uploads\/sites\/32\/2014\/12\/Soraya-Saenz-de-Santamaria-en-_54365662260_54028874188_960_639.jpg 960w, https:\/\/static-blogs.larioja.com\/wp-content\/uploads\/sites\/32\/2014\/12\/Soraya-Saenz-de-Santamaria-en-_54365662260_54028874188_960_639-300x200.jpg 300w, https:\/\/static-blogs.larioja.com\/wp-content\/uploads\/sites\/32\/2014\/12\/Soraya-Saenz-de-Santamaria-en-_54365662260_54028874188_960_639-768x511.jpg 768w\" sizes=\"(max-width: 960px) 100vw, 960px\" \/><\/a><\/p>\n<p>Pero no s\u00f3lo por m\u00e9ritos propios (su habilidad para extender su influencia en todo el Ejecutivo), la vicepresidenta se agiganta. <strong>Mariano Rajoy<\/strong> tambi\u00e9n ha contribuido a construir el que ya llaman <strong>\u2018mito Soraya\u2019<\/strong> con sus silencios y su permanente perfil plano. Una estrategia que rompi\u00f3 hace escasas dos semanas confirmando que se presentar\u00e1 a la <strong>reelecci\u00f3n<\/strong>\u00a0 \u00absi el partido se lo pide\u00bb. Que se lo pedir\u00e1: avivar otro incendio interno ser\u00eda suicida para una formaci\u00f3n quemada tras tres a\u00f1os de dura gesti\u00f3n.<\/p>\n<p>En cuanto al PSOE entiendo la actitud de S\u00e1nchez si la meta es rehabilitar una marca arruinada por <strong>Rodr\u00edguez Zapatero<\/strong> y que desahuci\u00f3 hasta al mism\u00edsimo <strong>P\u00e9rez Rubalcaba<\/strong>. Un liderazgo nacional que se proyecte de arriba abajo, como <strong>alternativa<\/strong> s\u00f3lida del Gobierno de la Naci\u00f3n y, por ende, de las autonom\u00edas y de los ayuntamientos. Porque hay veces en las que conviene empezar a construir la casa por el tejado.\u00a0 <a href=\"\/eltragablog\/wp-content\/uploads\/sites\/32\/2014\/12\/o-PEDRO-SANCHEZ-facebook1.jpg\"><img loading=\"lazy\" class=\"alignright size-full wp-image-175\" title=\"o-PEDRO-SANCHEZ-facebook\" src=\"\/eltragablog\/wp-content\/uploads\/sites\/32\/2014\/12\/o-PEDRO-SANCHEZ-facebook1.jpg\" alt=\"\" width=\"2000\" height=\"1000\" srcset=\"https:\/\/static-blogs.larioja.com\/wp-content\/uploads\/sites\/32\/2014\/12\/o-PEDRO-SANCHEZ-facebook1.jpg 2000w, https:\/\/static-blogs.larioja.com\/wp-content\/uploads\/sites\/32\/2014\/12\/o-PEDRO-SANCHEZ-facebook1-300x150.jpg 300w, https:\/\/static-blogs.larioja.com\/wp-content\/uploads\/sites\/32\/2014\/12\/o-PEDRO-SANCHEZ-facebook1-768x384.jpg 768w, https:\/\/static-blogs.larioja.com\/wp-content\/uploads\/sites\/32\/2014\/12\/o-PEDRO-SANCHEZ-facebook1-1024x512.jpg 1024w\" sizes=\"(max-width: 2000px) 100vw, 2000px\" \/><\/a><\/p>\n","protected":false},"excerpt":{"rendered":"<p>&nbsp; Nunca, ni por lo m\u00e1s remoto, hubiera pensado alguna vez que sus caminos discurrieran paralelos. El poder que ha adquirido la vicepresidenta del Gobierno, Soraya S\u00e1enz de Santamar\u00eda, est\u00e1 despertando recelos dentro del PP. Y el secretario general del PSOE, Pedro S\u00e1nchez, empieza a incomodar a sus l\u00edderes territoriales, disgustados porque no ponga el [&hellip;]<\/p>\n","protected":false},"author":35,"featured_media":0,"comment_status":"open","ping_status":"open","sticky":false,"template":"","format":"standard","meta":[],"categories":[17],"tags":[106,205,209,217,247],"_links":{"self":[{"href":"https:\/\/blogs.larioja.com\/eltragablog\/wp-json\/wp\/v2\/posts\/172"}],"collection":[{"href":"https:\/\/blogs.larioja.com\/eltragablog\/wp-json\/wp\/v2\/posts"}],"about":[{"href":"https:\/\/blogs.larioja.com\/eltragablog\/wp-json\/wp\/v2\/types\/post"}],"author":[{"embeddable":true,"href":"https:\/\/blogs.larioja.com\/eltragablog\/wp-json\/wp\/v2\/users\/35"}],"replies":[{"embeddable":true,"href":"https:\/\/blogs.larioja.com\/eltragablog\/wp-json\/wp\/v2\/comments?post=172"}],"version-history":[{"count":0,"href":"https:\/\/blogs.larioja.com\/eltragablog\/wp-json\/wp\/v2\/posts\/172\/revisions"}],"wp:attachment":[{"href":"https:\/\/blogs.larioja.com\/eltragablog\/wp-json\/wp\/v2\/media?parent=172"}],"wp:term":[{"taxonomy":"category","embeddable":true,"href":"https:\/\/blogs.larioja.com\/eltragablog\/wp-json\/wp\/v2\/categories?post=172"},{"taxonomy":"post_tag","embeddable":true,"href":"https:\/\/blogs.larioja.com\/eltragablog\/wp-json\/wp\/v2\/tags?post=172"}],"curies":[{"name":"wp","href":"https:\/\/api.w.org\/{rel}","templated":true}]}}