{"id":180,"date":"2016-02-16T11:47:35","date_gmt":"2016-02-16T10:47:35","guid":{"rendered":"http:\/\/blogs.larioja.com\/eltragablog\/?p=180"},"modified":"2016-02-16T11:47:35","modified_gmt":"2016-02-16T10:47:35","slug":"vaya-tela","status":"publish","type":"post","link":"https:\/\/blogs.larioja.com\/eltragablog\/2016\/02\/16\/vaya-tela\/","title":{"rendered":"Vaya tela"},"content":{"rendered":"<p>&nbsp;<\/p>\n<p>Desde luego hay que quitarse el sombrero ante la capacidad de <strong>Podemos<\/strong> para copar el protagonismo absoluto de los acontecimientos pol\u00edticos y sociales de este pa\u00eds. Pablo <strong>Iglesias<\/strong> logr\u00f3 hacerse con La Foto de los <strong>Goya<\/strong>. Qu\u00e9 t\u00edo: \u2018chinos\u2019 y camisa arremangada por encima de los codos para las audiencias con el Rey, vaqueros y cuadros de le\u00f1ador para el d\u00eda a d\u00eda en el Congreso y <a href=\"http:\/\/www.abc.es\/cultura\/cine\/abci-pablo-iglesias-esmoquin-y-pedro-sanchez-traje-y-sin-corbata-para-ceremonia-201602062158_noticia.html\">etiqueta para la gala del cine espa\u00f1ol<\/a>. Un <strong>esmoquin<\/strong> en el que cab\u00edan sus mareas, cierto, pero esmoquin al fin y al cabo como exig\u00eda el protocolo de la Academia.<\/p>\n<p>Lamentablemente el h\u00e1bito no hace al monje ni oculta al grosero e impertinente. Porque, aun trajeado, el profeta salv\u00edfico de Espa\u00f1a apoy\u00f3 a los \u00abcompa\u00f1eros\u00bb <strong>titiriteros <\/strong>del carnaval de Madrid, en prisi\u00f3n unos d\u00edas no por zafios, sino por delincuentes: enaltecieron el terrorismo en un espect\u00e1culo p\u00fablico y eso es un <strong>delito<\/strong>. As\u00ed lo establece la <a href=\"http:\/\/www.larioja.com\/nacional\/201602\/11\/juez-moreno-excarcela-titiriteros-20160211003041-v.html\">Ley<\/a>.<\/p>\n<p>Pero volviendo al atav\u00edo lucido por el ungido de la nueva izquierda. No deja de ser curiosa su interpretaci\u00f3n de los <strong>c\u00f3digos de vestir<\/strong>: fr\u00edvolo y descuidado para las instituciones que representan a todos los <strong>ciudadanos<\/strong>, y respetuoso y correcto con los compa\u00f1eros cineastas, con los que conviene llevarse de lujo habida cuenta de las rajadas pol\u00edticas con las que suelen despachar sus galardones anuales. Y eso que este a\u00f1o las demandas fueron m\u00e1s medidas.<\/p>\n<p><a href=\"\/eltragablog\/wp-content\/uploads\/sites\/32\/2016\/02\/pajarita.jpeg\"><img loading=\"lazy\" class=\"aligncenter size-full wp-image-181\" title=\"pajarita\" src=\"\/eltragablog\/wp-content\/uploads\/sites\/32\/2016\/02\/pajarita.jpeg\" alt=\"\" width=\"317\" height=\"159\" srcset=\"https:\/\/static-blogs.larioja.com\/wp-content\/uploads\/sites\/32\/2016\/02\/pajarita.jpeg 317w, https:\/\/static-blogs.larioja.com\/wp-content\/uploads\/sites\/32\/2016\/02\/pajarita-300x150.jpeg 300w\" sizes=\"(max-width: 317px) 100vw, 317px\" \/><\/a><\/p>\n<p>En resumen. Iglesias, otra vez protagonista de la actualidad, s\u00ed se\u00f1or. Y dejando con palmo y medio a un desconcertado Pedro <strong>S\u00e1nchez<\/strong>, que asumi\u00f3 desanudarse la <strong>corbata<\/strong> en pos de \u2018una alianza progresista por el <strong>cambio<\/strong>\u2019. \u00ab\u00bfPero de qu\u00e9 vas, figura?\u00bb, presumo que pens\u00f3 el l\u00edder socialista cuando ambos se encontraron en la alfombra roja. Preocupante. Si juegan al despiste con la vestimenta, \u00bfqu\u00e9 pueden deparar sus <strong>negociaciones<\/strong> sobre el futuro de la <strong>legislatura<\/strong>?<\/p>\n<p>&nbsp;<\/p>\n<p>&nbsp;<\/p>\n","protected":false},"excerpt":{"rendered":"<p>&nbsp; Desde luego hay que quitarse el sombrero ante la capacidad de Podemos para copar el protagonismo absoluto de los acontecimientos pol\u00edticos y sociales de este pa\u00eds. Pablo Iglesias logr\u00f3 hacerse con La Foto de los Goya. Qu\u00e9 t\u00edo: \u2018chinos\u2019 y camisa arremangada por encima de los codos para las audiencias con el Rey, vaqueros [&hellip;]<\/p>\n","protected":false},"author":35,"featured_media":0,"comment_status":"open","ping_status":"open","sticky":false,"template":"","format":"standard","meta":[],"categories":[2],"tags":[151,251],"_links":{"self":[{"href":"https:\/\/blogs.larioja.com\/eltragablog\/wp-json\/wp\/v2\/posts\/180"}],"collection":[{"href":"https:\/\/blogs.larioja.com\/eltragablog\/wp-json\/wp\/v2\/posts"}],"about":[{"href":"https:\/\/blogs.larioja.com\/eltragablog\/wp-json\/wp\/v2\/types\/post"}],"author":[{"embeddable":true,"href":"https:\/\/blogs.larioja.com\/eltragablog\/wp-json\/wp\/v2\/users\/35"}],"replies":[{"embeddable":true,"href":"https:\/\/blogs.larioja.com\/eltragablog\/wp-json\/wp\/v2\/comments?post=180"}],"version-history":[{"count":0,"href":"https:\/\/blogs.larioja.com\/eltragablog\/wp-json\/wp\/v2\/posts\/180\/revisions"}],"wp:attachment":[{"href":"https:\/\/blogs.larioja.com\/eltragablog\/wp-json\/wp\/v2\/media?parent=180"}],"wp:term":[{"taxonomy":"category","embeddable":true,"href":"https:\/\/blogs.larioja.com\/eltragablog\/wp-json\/wp\/v2\/categories?post=180"},{"taxonomy":"post_tag","embeddable":true,"href":"https:\/\/blogs.larioja.com\/eltragablog\/wp-json\/wp\/v2\/tags?post=180"}],"curies":[{"name":"wp","href":"https:\/\/api.w.org\/{rel}","templated":true}]}}