{"id":184,"date":"2016-02-23T11:49:06","date_gmt":"2016-02-23T10:49:06","guid":{"rendered":"http:\/\/blogs.larioja.com\/eltragablog\/?p=184"},"modified":"2016-02-23T11:49:06","modified_gmt":"2016-02-23T10:49:06","slug":"el-septimo-infierno","status":"publish","type":"post","link":"https:\/\/blogs.larioja.com\/eltragablog\/2016\/02\/23\/el-septimo-infierno\/","title":{"rendered":"El s\u00e9ptimo infierno"},"content":{"rendered":"<p>&nbsp;<\/p>\n<p>Pero qu\u00e9 golpe de efecto! \u00a1Qu\u00e9 forma maestra de garantizarse el protagonismo en las portadas del lunes! <strong>Esperanza Aguirre<\/strong> dimiti\u00f3 a la hora del verm\u00fa de un domingo, d\u00eda reservado en los medios de comunicaci\u00f3n a las cr\u00f3nicas deportivas y de sucesos. Hasta que lleg\u00f3 ella.<\/p>\n<p>Hay quien sostiene que uno de los clavos m\u00e1s dolorosos en los zapatos de <strong>Mariano Rajoy<\/strong> se va antes de que la pillen de pleno en alguno de los fregaos que van saliendo d\u00eda s\u00ed d\u00eda tambi\u00e9n. Pero tambi\u00e9n los hay quienes dan por buena su explicaci\u00f3n: marcha por <strong>responsabilidad<\/strong> pol\u00edtica, por elegir mal a sus colaboradores, por no vigilar ni <strong>controlar<\/strong>. Y elogian que alguien en Espa\u00f1a, rara avis, renuncie. Mariano Rajoy parece figurar entre ellos. \u00abTe entiendo\u00bb, le dijo en un mensaje telef\u00f3nico.<\/p>\n<p>&nbsp;<\/p>\n<p><a href=\"\/eltragablog\/wp-content\/uploads\/sites\/32\/2016\/02\/ESPE.jpg\"><img loading=\"lazy\" class=\"aligncenter size-full wp-image-185\" title=\"ESPE\" src=\"\/eltragablog\/wp-content\/uploads\/sites\/32\/2016\/02\/ESPE.jpg\" alt=\"\" width=\"575\" height=\"323\" srcset=\"https:\/\/static-blogs.larioja.com\/wp-content\/uploads\/sites\/32\/2016\/02\/ESPE.jpg 575w, https:\/\/static-blogs.larioja.com\/wp-content\/uploads\/sites\/32\/2016\/02\/ESPE-300x169.jpg 300w\" sizes=\"(max-width: 575px) 100vw, 575px\" \/><\/a><\/p>\n<p>&nbsp;<\/p>\n<p>Hay quien considera que para alguien que no da puntada sin hilo, su cesi\u00f3n voluntaria de la presidencia del <strong>PP madrile\u00f1o<\/strong> no es oportuna. Que Aguirre hace m\u00e1s da\u00f1o del que presumiblemente quiere evitar \u00abal partido y a Espa\u00f1a\u00bb, como dijo en su<a href=\"http:\/\/www.larioja.com\/videos\/nacional\/201602\/14\/esperanza-aguirre-dimite-como-4755018655001-mm.html\"> rueda de prensa<\/a>. Pero tambi\u00e9n los hay convencidos de que su ejemplo deber\u00eda cundir y que no se deber\u00eda quedar en la primera planta de <strong>G\u00e9nova<\/strong>, si no escalar los seis pisos que la separan de la <strong>presidencia nacional del P<\/strong>P.<\/p>\n<p>Lo que ayer fue el s\u00e9ptimo cielo de la <strong>mayor\u00eda absoluta<\/strong> popular hoy es el s\u00e9ptimo infierno, con un partido que no gana para <strong>esc\u00e1ndalos<\/strong>, que tiene a dos de sus principales bastiones auton\u00f3micos bajo sospechosas <strong>verg\u00fcenzas<\/strong>, que ve diluirse como un azucarillo la otrora f\u00e9rrea disciplina al <strong>l\u00edder<\/strong>, que tiene entre sus votantes a sus m\u00e1s implacables censores, que se ve abocado a nombrar <strong>gestoras<\/strong> para poner un poco de orden en semejante tinglado y que, para rizar el rizo, no puede gobernar. Qui\u00e9n te ha visto y qui\u00e9n te ve.<\/p>\n<p>\u00bfRegeneraci\u00f3n? \u00bfAlguien ha dicho <strong>regeneraci\u00f3n<\/strong>?<\/p>\n","protected":false},"excerpt":{"rendered":"<p>&nbsp; Pero qu\u00e9 golpe de efecto! \u00a1Qu\u00e9 forma maestra de garantizarse el protagonismo en las portadas del lunes! Esperanza Aguirre dimiti\u00f3 a la hora del verm\u00fa de un domingo, d\u00eda reservado en los medios de comunicaci\u00f3n a las cr\u00f3nicas deportivas y de sucesos. Hasta que lleg\u00f3 ella. Hay quien sostiene que uno de los clavos [&hellip;]<\/p>\n","protected":false},"author":35,"featured_media":0,"comment_status":"open","ping_status":"open","sticky":false,"template":"","format":"standard","meta":[],"categories":[14],"tags":[83,116],"_links":{"self":[{"href":"https:\/\/blogs.larioja.com\/eltragablog\/wp-json\/wp\/v2\/posts\/184"}],"collection":[{"href":"https:\/\/blogs.larioja.com\/eltragablog\/wp-json\/wp\/v2\/posts"}],"about":[{"href":"https:\/\/blogs.larioja.com\/eltragablog\/wp-json\/wp\/v2\/types\/post"}],"author":[{"embeddable":true,"href":"https:\/\/blogs.larioja.com\/eltragablog\/wp-json\/wp\/v2\/users\/35"}],"replies":[{"embeddable":true,"href":"https:\/\/blogs.larioja.com\/eltragablog\/wp-json\/wp\/v2\/comments?post=184"}],"version-history":[{"count":0,"href":"https:\/\/blogs.larioja.com\/eltragablog\/wp-json\/wp\/v2\/posts\/184\/revisions"}],"wp:attachment":[{"href":"https:\/\/blogs.larioja.com\/eltragablog\/wp-json\/wp\/v2\/media?parent=184"}],"wp:term":[{"taxonomy":"category","embeddable":true,"href":"https:\/\/blogs.larioja.com\/eltragablog\/wp-json\/wp\/v2\/categories?post=184"},{"taxonomy":"post_tag","embeddable":true,"href":"https:\/\/blogs.larioja.com\/eltragablog\/wp-json\/wp\/v2\/tags?post=184"}],"curies":[{"name":"wp","href":"https:\/\/api.w.org\/{rel}","templated":true}]}}