{"id":190,"date":"2016-03-15T18:17:18","date_gmt":"2016-03-15T17:17:18","guid":{"rendered":"http:\/\/blogs.larioja.com\/eltragablog\/?p=190"},"modified":"2016-03-15T18:17:18","modified_gmt":"2016-03-15T17:17:18","slug":"altadis-i","status":"publish","type":"post","link":"https:\/\/blogs.larioja.com\/eltragablog\/2016\/03\/15\/altadis-i\/","title":{"rendered":"Altadis (I)"},"content":{"rendered":"<p>&nbsp;<\/p>\n<p>M\u00e1s all\u00e1 del \u2018siete\u2019 que el cierre de <strong>Altadis<\/strong> le har\u00e1 al PIB riojano \u2013que ya es agujero, ya\u2013, el mazazo social de la <strong>multinacional<\/strong> est\u00e1 provocando que el ser humano saque lo peor de s\u00ed mismo. S\u00f3lo con leer los comentarios que los internautas dejaron los \u00faltimos d\u00edas en<strong> larioja.com<\/strong> sobre la <a href=\"http:\/\/www.larioja.com\/la-rioja\/201603\/05\/altadis-confirma-amenaza-ejecutar-20160305010457-v.html\">decisi\u00f3n de la empresa<\/a> de ejecutar el <strong>cierre<\/strong> conforme a las condiciones de la <strong>reforma laboral<\/strong> se demuestra el envilecimiento al que podemos llegar los lobos b\u00edpedos.<\/p>\n<p>Al amparo del anonimato c\u00f3mplice que facilita Internet, algunas cr\u00edticas rozaron la crueldad: como estos de <strong>Tabacalera<\/strong> han gozado de envidiables condiciones laborales y sociales durante a\u00f1os, ahora, que se jodan. O revanchistas: \u00bfd\u00f3nde estaban estos t\u00edos cuando otras grandes empresas echaban el cerrojo?<\/p>\n<p>Pero lo m\u00e1s amargo no es lo de estos bravucones digitales de inc\u00f3gnito, cobardes en la vida real. Pusil\u00e1nimes que en el cara a cara no se atreven ni a mantener la mirada. Lo ciertamente desconsolador es escuchar el \u00abque se jodan\u00bb de viva voz a <strong>extrabajadores<\/strong> de Altadis, con el lomo m\u00e1s que cubierto. \u00bfA m\u00ed que me cuentas? Que se busquen la vida. Yo lo he o\u00eddo. Que no me lo han contado.<\/p>\n<p>&nbsp;<\/p>\n<p><a href=\"\/eltragablog\/wp-content\/uploads\/sites\/32\/2016\/03\/Altadis.jpeg\"><img loading=\"lazy\" class=\"aligncenter size-full wp-image-191\" title=\"Altadis\" src=\"\/eltragablog\/wp-content\/uploads\/sites\/32\/2016\/03\/Altadis.jpeg\" alt=\"\" width=\"313\" height=\"161\" srcset=\"https:\/\/static-blogs.larioja.com\/wp-content\/uploads\/sites\/32\/2016\/03\/Altadis.jpeg 313w, https:\/\/static-blogs.larioja.com\/wp-content\/uploads\/sites\/32\/2016\/03\/Altadis-300x154.jpeg 300w\" sizes=\"(max-width: 313px) 100vw, 313px\" \/><\/a><\/p>\n<p>Por suerte son infinitamente m\u00e1s los <strong>jubilados<\/strong> o <strong>prejubilados<\/strong> que en esta pesadilla gestada en Londres se han solidarizado desde el minuto uno con sus antiguos <strong>compa\u00f1eros<\/strong>. A muchos de ellos tambi\u00e9n les he observado dolidos y consternados. As\u00ed que a\u00fan se puede confiar en nuestra especie. Por lo menos nos mantenemos al nivel de los monos. Pero, claro, la fraternidad llama menos la atenci\u00f3n que el ego\u00edsmo y la ingratitud de los indolentes que observan la desgracia de sus cercanos con indiferencia, desprecio y desconsideraci\u00f3n. Comportamientos injustos que delatan que todav\u00eda lo hay con la bestia dentro.<\/p>\n<p>&nbsp;<\/p>\n<p>&nbsp;<\/p>\n","protected":false},"excerpt":{"rendered":"<p>&nbsp; M\u00e1s all\u00e1 del \u2018siete\u2019 que el cierre de Altadis le har\u00e1 al PIB riojano \u2013que ya es agujero, ya\u2013, el mazazo social de la multinacional est\u00e1 provocando que el ser humano saque lo peor de s\u00ed mismo. S\u00f3lo con leer los comentarios que los internautas dejaron los \u00faltimos d\u00edas en larioja.com sobre la decisi\u00f3n [&hellip;]<\/p>\n","protected":false},"author":35,"featured_media":0,"comment_status":"open","ping_status":"open","sticky":false,"template":"","format":"standard","meta":[],"categories":[17],"tags":[37,69,186,227],"_links":{"self":[{"href":"https:\/\/blogs.larioja.com\/eltragablog\/wp-json\/wp\/v2\/posts\/190"}],"collection":[{"href":"https:\/\/blogs.larioja.com\/eltragablog\/wp-json\/wp\/v2\/posts"}],"about":[{"href":"https:\/\/blogs.larioja.com\/eltragablog\/wp-json\/wp\/v2\/types\/post"}],"author":[{"embeddable":true,"href":"https:\/\/blogs.larioja.com\/eltragablog\/wp-json\/wp\/v2\/users\/35"}],"replies":[{"embeddable":true,"href":"https:\/\/blogs.larioja.com\/eltragablog\/wp-json\/wp\/v2\/comments?post=190"}],"version-history":[{"count":0,"href":"https:\/\/blogs.larioja.com\/eltragablog\/wp-json\/wp\/v2\/posts\/190\/revisions"}],"wp:attachment":[{"href":"https:\/\/blogs.larioja.com\/eltragablog\/wp-json\/wp\/v2\/media?parent=190"}],"wp:term":[{"taxonomy":"category","embeddable":true,"href":"https:\/\/blogs.larioja.com\/eltragablog\/wp-json\/wp\/v2\/categories?post=190"},{"taxonomy":"post_tag","embeddable":true,"href":"https:\/\/blogs.larioja.com\/eltragablog\/wp-json\/wp\/v2\/tags?post=190"}],"curies":[{"name":"wp","href":"https:\/\/api.w.org\/{rel}","templated":true}]}}