{"id":202,"date":"2016-04-11T11:25:10","date_gmt":"2016-04-11T09:25:10","guid":{"rendered":"http:\/\/blogs.larioja.com\/eltragablog\/?p=202"},"modified":"2016-04-11T11:25:10","modified_gmt":"2016-04-11T09:25:10","slug":"dialogo-social","status":"publish","type":"post","link":"https:\/\/blogs.larioja.com\/eltragablog\/2016\/04\/11\/dialogo-social\/","title":{"rendered":"Di\u00e1logo social"},"content":{"rendered":"<p>&nbsp;<\/p>\n<p>La experiencia de <strong>concertaci\u00f3n social<\/strong> tiene luces y sombras, lo que no invalida que se trate de un modelo de relaci\u00f3n necesario para la sociedad que se debe potenciar.<\/p>\n<p>En la Espa\u00f1a de la transici\u00f3n, los procesos de concertaci\u00f3n sirvieron para un doble objetivo: por un lado, para establecer un <strong>consenso social<\/strong> frente a las medidas de ajuste que ten\u00edan que imponer los poderes p\u00fablicos y, por otro, para que los <strong>sindicatos<\/strong> ganasen prerrogativas legales e institucionalizasen su rol.<\/p>\n<p>As\u00ed es como, junto a las organizaciones empresariales, los sindicatos se fueron convirtiendo en actores decisivos para legitimar las decisiones pol\u00edticas y en <strong>interlocutores<\/strong> con los poderes p\u00fablicos. \u00bfPero qu\u00e9 sindicatos? Ah\u00ed viene la dichosa frase: \u00abLos que ostentan la <strong>mayor representatividad<\/strong>\u00bb, ratio que se mide en funci\u00f3n de las elecciones sindicales. En nuestra comunidad, los que superen el 15% de los representantes de sus respectivos \u00e1mbitos y siempre que sean al menos 1.500 representantes.<\/p>\n<p><a href=\"\/eltragablog\/wp-content\/uploads\/sites\/32\/2016\/04\/images.png\"><img loading=\"lazy\" class=\"aligncenter size-full wp-image-205\" title=\"images\" src=\"\/eltragablog\/wp-content\/uploads\/sites\/32\/2016\/04\/images.png\" alt=\"\" width=\"248\" height=\"203\" \/><\/a><\/p>\n<p>Por ello, <a href=\"http:\/\/www.larioja.com\/la-rioja\/201603\/31\/directo-pleno-parlamento-riojano-20160330182928.html\">la aprobaci\u00f3n de la Ley del Di\u00e1logo Social en La Rioja<\/a> ha enfadado a sindicatos como <strong>USO<\/strong> y la <strong>CSIF<\/strong>, que no alcanzan individualmente ese nivel de representaci\u00f3n. No por la concesi\u00f3n de tan elevado rango a ese marco de relaciones si no porque <strong>se siguen quedando fuera de \u00e9l<\/strong> (ya lo estaban sin Ley de por medio) al no alcanzar el m\u00ednimo de cuota exigida.<\/p>\n<p>Y tampoco miremos como ejemplo lo que acontece al otro lado del Ebro, en <strong>Navarra<\/strong>. En la comunidad vecina llevan meses plante\u00e1ndose abrir su <strong>Consejo del Di\u00e1logo Socia<\/strong>l a m\u00e1s sindicatos y empresas eliminando la referencia a los agentes \u00abm\u00e1s representativos\u00bb. No se enga\u00f1en. La decisi\u00f3n del Ejecutivo de Uxue Barcos obedece a <strong>intereses pol\u00edticos<\/strong> (la incorporaci\u00f3n de ELA y LAB ser\u00eda un paso m\u00e1s en la euskaldunizaci\u00f3n de la regi\u00f3n foral) que a una sincera proposici\u00f3n de ampliar la pluralidad de sus integrantes.<\/p>\n","protected":false},"excerpt":{"rendered":"<p>&nbsp; La experiencia de concertaci\u00f3n social tiene luces y sombras, lo que no invalida que se trate de un modelo de relaci\u00f3n necesario para la sociedad que se debe potenciar. En la Espa\u00f1a de la transici\u00f3n, los procesos de concertaci\u00f3n sirvieron para un doble objetivo: por un lado, para establecer un consenso social frente a [&hellip;]<\/p>\n","protected":false},"author":35,"featured_media":0,"comment_status":"open","ping_status":"open","sticky":false,"template":"","format":"standard","meta":[],"categories":[2],"tags":[101,161,229,243],"_links":{"self":[{"href":"https:\/\/blogs.larioja.com\/eltragablog\/wp-json\/wp\/v2\/posts\/202"}],"collection":[{"href":"https:\/\/blogs.larioja.com\/eltragablog\/wp-json\/wp\/v2\/posts"}],"about":[{"href":"https:\/\/blogs.larioja.com\/eltragablog\/wp-json\/wp\/v2\/types\/post"}],"author":[{"embeddable":true,"href":"https:\/\/blogs.larioja.com\/eltragablog\/wp-json\/wp\/v2\/users\/35"}],"replies":[{"embeddable":true,"href":"https:\/\/blogs.larioja.com\/eltragablog\/wp-json\/wp\/v2\/comments?post=202"}],"version-history":[{"count":0,"href":"https:\/\/blogs.larioja.com\/eltragablog\/wp-json\/wp\/v2\/posts\/202\/revisions"}],"wp:attachment":[{"href":"https:\/\/blogs.larioja.com\/eltragablog\/wp-json\/wp\/v2\/media?parent=202"}],"wp:term":[{"taxonomy":"category","embeddable":true,"href":"https:\/\/blogs.larioja.com\/eltragablog\/wp-json\/wp\/v2\/categories?post=202"},{"taxonomy":"post_tag","embeddable":true,"href":"https:\/\/blogs.larioja.com\/eltragablog\/wp-json\/wp\/v2\/tags?post=202"}],"curies":[{"name":"wp","href":"https:\/\/api.w.org\/{rel}","templated":true}]}}