{"id":206,"date":"2016-04-25T18:12:49","date_gmt":"2016-04-25T16:12:49","guid":{"rendered":"http:\/\/blogs.larioja.com\/eltragablog\/?p=206"},"modified":"2016-04-25T18:12:49","modified_gmt":"2016-04-25T16:12:49","slug":"las-equis","status":"publish","type":"post","link":"https:\/\/blogs.larioja.com\/eltragablog\/2016\/04\/25\/las-equis\/","title":{"rendered":"Las equis"},"content":{"rendered":"<p>&nbsp;<\/p>\n<p>Me comentaba hace unos d\u00edas un compa\u00f1ero que un a\u00f1o, cuando empezaba en esto del periodismo, le toc\u00f3 pagar por la <strong>Renta<\/strong> casi tanto como lo que gan\u00f3. El caso es que la funcionaria de <strong>Hacienda<\/strong> que le ayud\u00f3 en la preparaci\u00f3n de su declaraci\u00f3n le pregunt\u00f3 si quer\u00eda marcar la <strong>equis<\/strong> de la <strong>Iglesia<\/strong>. A lo que \u00e9l contest\u00f3: \u00abDespu\u00e9s del palo que me hab\u00e9is metido, \u00bfcrees que a\u00fan puedo creer en Dios?\u00bb<\/p>\n<p>Valga esta an\u00e9cdota como pre\u00e1mbulo del asunto sobre el que hoy desea centrarse este post. La campa\u00f1a del <strong>IRPF<\/strong> ya ha arrancado y con ella vuelve, c\u00f3mo no, la diatriba sobre si marcar o no la equis solidaria. Rectifico. Las equis solidarias.<\/p>\n<p><a href=\"\/eltragablog\/wp-content\/uploads\/sites\/32\/2016\/04\/images1.jpeg\"><img loading=\"lazy\" class=\"alignright size-full wp-image-209\" title=\"images\" src=\"\/eltragablog\/wp-content\/uploads\/sites\/32\/2016\/04\/images1.jpeg\" alt=\"\" width=\"300\" height=\"168\" \/><\/a><\/p>\n<p>Porque hay dos: la destinada a <strong>fines sociales<\/strong> y la correspondiente al sostenimiento econ\u00f3mico de la Iglesia Cat\u00f3lica.<\/p>\n<p>La <strong>pol\u00e9mica<\/strong> no radica en apoyar a las ONG laicas. Como cada ejercicio, la controversia est\u00e1 en manifestar p\u00fablicamente el respaldo a la Iglesia a riesgo de convertirse en diana de comentarios maldicientes. Pero en medio del actual <strong>anticlericalismo<\/strong> cristof\u00f3bico todav\u00eda hay increyentes audaces que ponen los puntos sobre las \u00edes.<\/p>\n<p>Es el caso de un m\u00e9dico c\u00e1ntabro Jos\u00e9 Manuel L\u00f3pez Vega, declarado ateo, que hace tiempo explic\u00f3 en un art\u00edculo las tres razones por las que marca <a href=\"http:\/\/www.larioja.com\/la-rioja\/201604\/06\/valor-equis-20160406133223.html\">la equis de la Iglesia<\/a>. Primera: \u00abAnte las privaciones de muchos seres humanos(&#8230;) es natural fomentar la ayuda y la cooperaci\u00f3n(&#8230;) a trav\u00e9s de <strong>organizaciones eficientes<\/strong>(&#8230;) y dudo de que los recursos administrados por la Iglesia sean desde\u00f1ables o necesariamente sustituibles\u00bb.<\/p>\n<p>Segunda: \u00abPara explicar la idea de <strong>Europa<\/strong> \u2013y no digamos la de Espa\u00f1a\u2013 a un extraterrestre, ser\u00eda imposible obviar el <strong>catolicismo<\/strong>\u00bb.<\/p>\n<p>Y tercera: \u00abMe parece inexplicable el furor obsesivo por bajar los crucifijos de los colegios. No veo qu\u00e9 da\u00f1o causan los <strong>s\u00edmbolos<\/strong> de una <strong>fe<\/strong> que no me asiste, pero s\u00ed ilustra mi <strong>paisaje hist\u00f3rico<\/strong> y emocional\u00bb.<\/p>\n<p>Pues eso. Qu\u00e9 t\u00edo. Enorme.<\/p>\n<p>&nbsp;<\/p>\n","protected":false},"excerpt":{"rendered":"<p>&nbsp; Me comentaba hace unos d\u00edas un compa\u00f1ero que un a\u00f1o, cuando empezaba en esto del periodismo, le toc\u00f3 pagar por la Renta casi tanto como lo que gan\u00f3. El caso es que la funcionaria de Hacienda que le ayud\u00f3 en la preparaci\u00f3n de su declaraci\u00f3n le pregunt\u00f3 si quer\u00eda marcar la equis de la [&hellip;]<\/p>\n","protected":false},"author":35,"featured_media":0,"comment_status":"open","ping_status":"open","sticky":false,"template":"","format":"standard","meta":[],"categories":[2],"tags":[56,112,162],"_links":{"self":[{"href":"https:\/\/blogs.larioja.com\/eltragablog\/wp-json\/wp\/v2\/posts\/206"}],"collection":[{"href":"https:\/\/blogs.larioja.com\/eltragablog\/wp-json\/wp\/v2\/posts"}],"about":[{"href":"https:\/\/blogs.larioja.com\/eltragablog\/wp-json\/wp\/v2\/types\/post"}],"author":[{"embeddable":true,"href":"https:\/\/blogs.larioja.com\/eltragablog\/wp-json\/wp\/v2\/users\/35"}],"replies":[{"embeddable":true,"href":"https:\/\/blogs.larioja.com\/eltragablog\/wp-json\/wp\/v2\/comments?post=206"}],"version-history":[{"count":0,"href":"https:\/\/blogs.larioja.com\/eltragablog\/wp-json\/wp\/v2\/posts\/206\/revisions"}],"wp:attachment":[{"href":"https:\/\/blogs.larioja.com\/eltragablog\/wp-json\/wp\/v2\/media?parent=206"}],"wp:term":[{"taxonomy":"category","embeddable":true,"href":"https:\/\/blogs.larioja.com\/eltragablog\/wp-json\/wp\/v2\/categories?post=206"},{"taxonomy":"post_tag","embeddable":true,"href":"https:\/\/blogs.larioja.com\/eltragablog\/wp-json\/wp\/v2\/tags?post=206"}],"curies":[{"name":"wp","href":"https:\/\/api.w.org\/{rel}","templated":true}]}}