{"id":21,"date":"2012-05-23T11:27:19","date_gmt":"2012-05-23T09:27:19","guid":{"rendered":"http:\/\/blogs.larioja.com\/eltragablog\/?p=21"},"modified":"2012-05-23T11:27:19","modified_gmt":"2012-05-23T09:27:19","slug":"el-ropero-de-rubalcaba","status":"publish","type":"post","link":"https:\/\/blogs.larioja.com\/eltragablog\/2012\/05\/23\/el-ropero-de-rubalcaba\/","title":{"rendered":"El ropero de Rubalcaba"},"content":{"rendered":"<p style=\"text-align: center;\">\u00a0<a href=\"\/eltragablog\/wp-content\/uploads\/sites\/32\/2012\/05\/RUBALCABA.jpg\"><img loading=\"lazy\" class=\"aligncenter size-full wp-image-22\" title=\"RUBALCABA\" src=\"\/eltragablog\/wp-content\/uploads\/sites\/32\/2012\/05\/RUBALCABA.jpg\" alt=\"\" width=\"560\" height=\"373\" srcset=\"https:\/\/static-blogs.larioja.com\/wp-content\/uploads\/sites\/32\/2012\/05\/RUBALCABA.jpg 800w, https:\/\/static-blogs.larioja.com\/wp-content\/uploads\/sites\/32\/2012\/05\/RUBALCABA-300x200.jpg 300w, https:\/\/static-blogs.larioja.com\/wp-content\/uploads\/sites\/32\/2012\/05\/RUBALCABA-768x512.jpg 768w\" sizes=\"(max-width: 560px) 100vw, 560px\" \/><\/a><\/p>\n<p>&nbsp;<\/p>\n<p><strong>Rubalcaba<\/strong> aprovech\u00f3 su <a href=\"http:\/\/www.larioja.com\/v\/20120521\/rioja-region\/rubalcaba-ofrece-rajoy-pactar-20120521.html\">encuentro del domingo con los socialistas riojanos<\/a> para poner la pelota en el tejado de<strong> Rajoy<\/strong>. \u00bfQuieres acuerdos? Yo te los brindo Mariano, conf\u00eda en m\u00ed.<\/p>\n<p>El jefe de la oposici\u00f3n hizo valer la honestidad, la inocencia de su ofrecimiento, planteando un acuerdo de canje: yo te prometo que no caer\u00e9 en ninguna tentaci\u00f3n de t\u00e1ctica partidista, si a cambio t\u00fa te zafas de esa soberbia que te ha llevado a confundir la mayor\u00eda pol\u00edtica con la <strong>mayor\u00eda social<\/strong>&#8230; que no la tienes.<\/p>\n<p>Para ello, y durante los veinte minutos que dur\u00f3 su intervenci\u00f3n en el escenario de <strong>Riojaf\u00f3rum<\/strong>, el l\u00edder nacional del PSOE fue alternando el vestuario: primero apareci\u00f3 con el buzo de militante socialista, levantando el pu\u00f1o, que no la voz, contra la \u00abca\u00f3tica\u00bb pol\u00edtica del Gobierno que \u00abha debilitado y empeorado al pa\u00eds\u00bb. Acto seguido, y con prodigiosa habilidad, se mud\u00f3 de vestimenta para aparecer con el traje austero propio de un hombre de Estado que antepone el inter\u00e9s del pa\u00eds a sus rentas particulares. \u00abNos tienen que ver <strong>unidos<\/strong> \u2013dijo\u2013 y por eso le llamar\u00e9 ma\u00f1ana a Rajoy\u00bb.<\/p>\n<p>En otro magn\u00edfico giro esc\u00e9nico volvi\u00f3 a enfundarse el mono azul a\u00f1il para oponerse a los \u00abespectaculares <strong>retrocesos sociales y laborale<\/strong>s\u00bb. Y, finalmente, recuper\u00f3 la chaqueta sobria (sin corbata), en cuya solapa prendi\u00f3 la rosa socialista para aleccionar muy sutilmente a los \u00f3rganos institucionales y ejecutivos, y a los militantes de base de que el proceso <strong>renovaci\u00f3n interna<\/strong> ya se ha acabado. Por si a alguien todav\u00eda no le quedaba claro.<\/p>\n<p>Sobre el \u00faltimo modelo que luci\u00f3 no hay informaci\u00f3n fiable. Seg\u00fan se rumorea, <strong>Luena<\/strong> le envolvi\u00f3 con una gabardina para guarecerse de ciertas preguntas<\/p>\n<p>&nbsp;<\/p>\n<p style=\"text-align: center;\">Fotograf\u00eda de Juan Mar\u00edn<\/p>\n","protected":false},"excerpt":{"rendered":"<p>\u00a0 &nbsp; Rubalcaba aprovech\u00f3 su encuentro del domingo con los socialistas riojanos para poner la pelota en el tejado de Rajoy. \u00bfQuieres acuerdos? Yo te los brindo Mariano, conf\u00eda en m\u00ed. El jefe de la oposici\u00f3n hizo valer la honestidad, la inocencia de su ofrecimiento, planteando un acuerdo de canje: yo te prometo que no [&hellip;]<\/p>\n","protected":false},"author":35,"featured_media":0,"comment_status":"open","ping_status":"closed","sticky":false,"template":"","format":"standard","meta":[],"categories":[14],"tags":[30,176,217,221,233,236],"_links":{"self":[{"href":"https:\/\/blogs.larioja.com\/eltragablog\/wp-json\/wp\/v2\/posts\/21"}],"collection":[{"href":"https:\/\/blogs.larioja.com\/eltragablog\/wp-json\/wp\/v2\/posts"}],"about":[{"href":"https:\/\/blogs.larioja.com\/eltragablog\/wp-json\/wp\/v2\/types\/post"}],"author":[{"embeddable":true,"href":"https:\/\/blogs.larioja.com\/eltragablog\/wp-json\/wp\/v2\/users\/35"}],"replies":[{"embeddable":true,"href":"https:\/\/blogs.larioja.com\/eltragablog\/wp-json\/wp\/v2\/comments?post=21"}],"version-history":[{"count":0,"href":"https:\/\/blogs.larioja.com\/eltragablog\/wp-json\/wp\/v2\/posts\/21\/revisions"}],"wp:attachment":[{"href":"https:\/\/blogs.larioja.com\/eltragablog\/wp-json\/wp\/v2\/media?parent=21"}],"wp:term":[{"taxonomy":"category","embeddable":true,"href":"https:\/\/blogs.larioja.com\/eltragablog\/wp-json\/wp\/v2\/categories?post=21"},{"taxonomy":"post_tag","embeddable":true,"href":"https:\/\/blogs.larioja.com\/eltragablog\/wp-json\/wp\/v2\/tags?post=21"}],"curies":[{"name":"wp","href":"https:\/\/api.w.org\/{rel}","templated":true}]}}