{"id":223,"date":"2016-06-01T17:29:00","date_gmt":"2016-06-01T15:29:00","guid":{"rendered":"http:\/\/blogs.larioja.com\/eltragablog\/?p=223"},"modified":"2016-06-01T17:29:00","modified_gmt":"2016-06-01T15:29:00","slug":"de-la-industria","status":"publish","type":"post","link":"https:\/\/blogs.larioja.com\/eltragablog\/2016\/06\/01\/de-la-industria\/","title":{"rendered":"De la industria"},"content":{"rendered":"<p>&nbsp;<\/p>\n<p>En los \u00faltimos siete a\u00f1os, 400 <strong>industrias<\/strong> han cerrado sus puertas en la comunidad, con la calamidad de que cuando una empresa de este sector se hunde, en su deriva acaba con cientos de <strong>empleos<\/strong>. V\u00edctimas de la<strong> crisis<\/strong> de la <strong>construcci\u00f3n<\/strong>, la regi\u00f3n ha visto c\u00f3mo iban desapareciendo firmas del mueble, de la madera, de la fabricaci\u00f3n de elementos met\u00e1licos&#8230;<\/p>\n<p><a href=\"http:\/\/www.larioja.com\/la-rioja\/201605\/25\/gobierno-rioja-inicia-proceso-20160525004259-v.html\">Altadis<\/a> es la pen\u00faltima inmolaci\u00f3n industrial confirmada en la comunidad. Por delante se llevar\u00e1 casi medio millar de empleos directos y un buen pu\u00f1ado m\u00e1s de <strong>puestos de trabajo<\/strong> indirectos. Y todav\u00eda est\u00e1 por ver qu\u00e9 pasar\u00e1 con <a href=\"http:\/\/www.larioja.com\/la-rioja\/201605\/24\/unipapel-tiene-para-pagar-20160524203207.html\">Unipapel<\/a>, el \u00faltimo disgusto para la sociedad riojana.<\/p>\n<p><a href=\"\/eltragablog\/wp-content\/uploads\/sites\/32\/2016\/06\/unipapel.jpg\"><img loading=\"lazy\" class=\"aligncenter size-full wp-image-224\" title=\"unipapel\" src=\"\/eltragablog\/wp-content\/uploads\/sites\/32\/2016\/06\/unipapel.jpg\" alt=\"\" width=\"300\" height=\"300\" srcset=\"https:\/\/static-blogs.larioja.com\/wp-content\/uploads\/sites\/32\/2016\/06\/unipapel.jpg 300w, https:\/\/static-blogs.larioja.com\/wp-content\/uploads\/sites\/32\/2016\/06\/unipapel-150x150.jpg 150w\" sizes=\"(max-width: 300px) 100vw, 300px\" \/><\/a><\/p>\n<p>M\u00e1s all\u00e1 del impacto que supone la destrucci\u00f3n de <strong>tejido industrial<\/strong> de la regi\u00f3n, el problema es que no hay un proceso de reestructuraci\u00f3n que compense el desastre. De ah\u00ed que los sindicatos alerten de que La Rioja se encamina hacia un terror\u00edfico <strong>p\u00e1ramo<\/strong> industrial. Lo grave, con todo, es que a la p\u00e9rdida de m\u00fasculo de este sector se le suma otro aspecto tanto o m\u00e1s preocupante: la desaceleraci\u00f3n del \u00edndice de <strong>producci\u00f3n industrial<\/strong>.<\/p>\n<p>Desde marzo del 2014, y como signo manifiesto de la incipiente recuperaci\u00f3n de la actividad econ\u00f3mica, este indicador retorn\u00f3 a registros positivos en la regi\u00f3n, actuando como tractores de este repunte los <strong>bienes de equipo<\/strong> y los <strong>bienes intermedios<\/strong>, esto es, los factores que revelan que las empresas renuevan maquinaria y herramientas ante la perspectiva de tener un incremento de pedidos. Y as\u00ed se mantuvo hasta diciembre del a\u00f1o pasado. Sin embargo, los porcentajes negativos han vuelto durante los tres primeros meses de este a\u00f1o, coincidiendo exactamente con el periodo pol\u00edtico m\u00e1s complejo, inestable e incierto de Espa\u00f1a. Consecuencias: las empresas paralizan sus<strong> inversiones<\/strong>, el consumo entra en p\u00e1nico y la producci\u00f3n se ralentiza.<\/p>\n<p>Ol\u00e9.<\/p>\n","protected":false},"excerpt":{"rendered":"<p>&nbsp; En los \u00faltimos siete a\u00f1os, 400 industrias han cerrado sus puertas en la comunidad, con la calamidad de que cuando una empresa de este sector se hunde, en su deriva acaba con cientos de empleos. V\u00edctimas de la crisis de la construcci\u00f3n, la regi\u00f3n ha visto c\u00f3mo iban desapareciendo firmas del mueble, de la [&hellip;]<\/p>\n","protected":false},"author":35,"featured_media":0,"comment_status":"open","ping_status":"open","sticky":false,"template":"","format":"standard","meta":[],"categories":[17],"tags":[84,156],"_links":{"self":[{"href":"https:\/\/blogs.larioja.com\/eltragablog\/wp-json\/wp\/v2\/posts\/223"}],"collection":[{"href":"https:\/\/blogs.larioja.com\/eltragablog\/wp-json\/wp\/v2\/posts"}],"about":[{"href":"https:\/\/blogs.larioja.com\/eltragablog\/wp-json\/wp\/v2\/types\/post"}],"author":[{"embeddable":true,"href":"https:\/\/blogs.larioja.com\/eltragablog\/wp-json\/wp\/v2\/users\/35"}],"replies":[{"embeddable":true,"href":"https:\/\/blogs.larioja.com\/eltragablog\/wp-json\/wp\/v2\/comments?post=223"}],"version-history":[{"count":0,"href":"https:\/\/blogs.larioja.com\/eltragablog\/wp-json\/wp\/v2\/posts\/223\/revisions"}],"wp:attachment":[{"href":"https:\/\/blogs.larioja.com\/eltragablog\/wp-json\/wp\/v2\/media?parent=223"}],"wp:term":[{"taxonomy":"category","embeddable":true,"href":"https:\/\/blogs.larioja.com\/eltragablog\/wp-json\/wp\/v2\/categories?post=223"},{"taxonomy":"post_tag","embeddable":true,"href":"https:\/\/blogs.larioja.com\/eltragablog\/wp-json\/wp\/v2\/tags?post=223"}],"curies":[{"name":"wp","href":"https:\/\/api.w.org\/{rel}","templated":true}]}}