{"id":229,"date":"2016-06-20T12:42:38","date_gmt":"2016-06-20T10:42:38","guid":{"rendered":"http:\/\/blogs.larioja.com\/eltragablog\/?p=229"},"modified":"2016-06-20T12:42:38","modified_gmt":"2016-06-20T10:42:38","slug":"indulgencia-por-pelotas","status":"publish","type":"post","link":"https:\/\/blogs.larioja.com\/eltragablog\/2016\/06\/20\/indulgencia-por-pelotas\/","title":{"rendered":"Indulgencia por pelotas"},"content":{"rendered":"<p>&nbsp;<\/p>\n<p>Por si quedaba alguna duda, el <strong>f\u00fatbol<\/strong> se beneficia de una dispensa social en este pa\u00eds. \u00bfSe imaginan que estando como estamos en campa\u00f1a electoral los implicados en un hediondo asunto relacionado con el<strong> \u2018caso Torbe\u2019<\/strong> fuesen candidatos pol\u00edticos en lugar de jugadores de f\u00fatbol? \u00bfDe verdad que la reacci\u00f3n colectiva hubiese sido la misma que la que ha habido con <strong>De Gea<\/strong> y <strong>Muniain<\/strong>? Quiero pensar que no.<\/p>\n<p><a href=\"\/eltragablog\/wp-content\/uploads\/sites\/32\/2016\/06\/david-de-gea-iker-muniain.jpg\"><img loading=\"lazy\" class=\"aligncenter size-full wp-image-230\" title=\"david-de-gea-iker-muniain\" src=\"\/eltragablog\/wp-content\/uploads\/sites\/32\/2016\/06\/david-de-gea-iker-muniain.jpg\" alt=\"\" width=\"607\" height=\"340\" srcset=\"https:\/\/static-blogs.larioja.com\/wp-content\/uploads\/sites\/32\/2016\/06\/david-de-gea-iker-muniain.jpg 607w, https:\/\/static-blogs.larioja.com\/wp-content\/uploads\/sites\/32\/2016\/06\/david-de-gea-iker-muniain-300x168.jpg 300w\" sizes=\"(max-width: 607px) 100vw, 607px\" \/><\/a><\/p>\n<p>Pero el mundo del f\u00fatbol es cosa aparte. Y eso se constata ya con el comportamiento de los periodistas. Discrepo del enfoque que le dieron mis colegas de la prensa deportiva a la pol\u00e9mica de Muniain y De Gea. Escuch\u00e9 varias veces la <a href=\"http:\/\/www.abc.es\/deportes\/futbol\/eurocopa\/francia-2016\/abci-directo-responde-acusaciones-abuso-sexual-201606101742_directo.html\">comparecencia del portero<\/a>\u00a0el d\u00eda que salt\u00f3 el esc\u00e1ndalo,\u00a0concentrado en R\u00e9 con la <strong>selecci\u00f3n nacional<\/strong>, y de verdad que sent\u00ed rubor: qu\u00e9 almibarados los periodistas, qu\u00e9 tacto, qu\u00e9 comprensi\u00f3n. Lo m\u00e1s inc\u00f3modo que se le cuestion\u00f3 es si este esc\u00e1ndalo le afectar\u00eda a su juego. A lo que evidentemente el guardameta dijo que no porque \u00abtodo es mentira\u00bb y tal y pascual.<\/p>\n<p>Ya por la noche, en un programa deportivo radiof\u00f3nico, prest\u00e9 o\u00eddos a la entrevista que le hicieron al seleccionador <strong>Vicente del Bosque<\/strong>. Hombre, pues si el chico dice que no hay nada, hay que creerle, coment\u00f3, a\u00f1adiendo que cuenta con el <strong>respaldo<\/strong> del vestuario y del cuerpo t\u00e9cnico. No se le ha muerto el perro. Recordemos. Se le ha implicado en un tema relacionado con la <strong>prostituci\u00f3n<\/strong> y el <strong>abuso sexual de menores<\/strong>.<\/p>\n<p>Este asunto a\u00fan no ha llegado a manos de un juez, cierto, pero se suma al juicio contra Leo <strong>Messi<\/strong> y su padre por fraude fiscal. \u00bfVieron las im\u00e1genes de la entrada de la estrella blaugrana en la Audiencia de Barcelona hace unas semanas jaleado por los gritos de \u00e1nimo de los <strong>aficionados<\/strong>? No entiendo c\u00f3mo estas personas descuidan que son parte de los posibles <strong>defraudados<\/strong> y conforman la escuadra por donde el astro quiso meternos un gol a todos.<\/p>\n<p>&nbsp;<\/p>\n<p>Nota: la foto pertenece a nbcdeportes<\/p>\n","protected":false},"excerpt":{"rendered":"<p>&nbsp; Por si quedaba alguna duda, el f\u00fatbol se beneficia de una dispensa social en este pa\u00eds. \u00bfSe imaginan que estando como estamos en campa\u00f1a electoral los implicados en un hediondo asunto relacionado con el \u2018caso Torbe\u2019 fuesen candidatos pol\u00edticos en lugar de jugadores de f\u00fatbol? \u00bfDe verdad que la reacci\u00f3n colectiva hubiese sido la [&hellip;]<\/p>\n","protected":false},"author":35,"featured_media":0,"comment_status":"open","ping_status":"open","sticky":false,"template":"","format":"standard","meta":[],"categories":[2],"tags":[19,90,137,187,241],"_links":{"self":[{"href":"https:\/\/blogs.larioja.com\/eltragablog\/wp-json\/wp\/v2\/posts\/229"}],"collection":[{"href":"https:\/\/blogs.larioja.com\/eltragablog\/wp-json\/wp\/v2\/posts"}],"about":[{"href":"https:\/\/blogs.larioja.com\/eltragablog\/wp-json\/wp\/v2\/types\/post"}],"author":[{"embeddable":true,"href":"https:\/\/blogs.larioja.com\/eltragablog\/wp-json\/wp\/v2\/users\/35"}],"replies":[{"embeddable":true,"href":"https:\/\/blogs.larioja.com\/eltragablog\/wp-json\/wp\/v2\/comments?post=229"}],"version-history":[{"count":0,"href":"https:\/\/blogs.larioja.com\/eltragablog\/wp-json\/wp\/v2\/posts\/229\/revisions"}],"wp:attachment":[{"href":"https:\/\/blogs.larioja.com\/eltragablog\/wp-json\/wp\/v2\/media?parent=229"}],"wp:term":[{"taxonomy":"category","embeddable":true,"href":"https:\/\/blogs.larioja.com\/eltragablog\/wp-json\/wp\/v2\/categories?post=229"},{"taxonomy":"post_tag","embeddable":true,"href":"https:\/\/blogs.larioja.com\/eltragablog\/wp-json\/wp\/v2\/tags?post=229"}],"curies":[{"name":"wp","href":"https:\/\/api.w.org\/{rel}","templated":true}]}}