{"id":23,"date":"2012-05-30T12:33:31","date_gmt":"2012-05-30T10:33:31","guid":{"rendered":"http:\/\/blogs.larioja.com\/eltragablog\/?p=23"},"modified":"2012-05-30T12:33:31","modified_gmt":"2012-05-30T10:33:31","slug":"la-redencion-de-bankia","status":"publish","type":"post","link":"https:\/\/blogs.larioja.com\/eltragablog\/2012\/05\/30\/la-redencion-de-bankia\/","title":{"rendered":"La redenci\u00f3n de Bankia"},"content":{"rendered":"<p><a href=\"\/eltragablog\/wp-content\/uploads\/sites\/32\/2012\/05\/bankia-2.jpg\"><img loading=\"lazy\" class=\"aligncenter size-full wp-image-24\" title=\"bankia 2\" src=\"\/eltragablog\/wp-content\/uploads\/sites\/32\/2012\/05\/bankia-2.jpg\" alt=\"\" width=\"600\" height=\"339\" srcset=\"https:\/\/static-blogs.larioja.com\/wp-content\/uploads\/sites\/32\/2012\/05\/bankia-2.jpg 600w, https:\/\/static-blogs.larioja.com\/wp-content\/uploads\/sites\/32\/2012\/05\/bankia-2-300x170.jpg 300w\" sizes=\"(max-width: 600px) 100vw, 600px\" \/><\/a><\/p>\n<p>\u00bfPor qu\u00e9 no se puede dejar caer a <strong>Bankia<\/strong>? A esta pregunta deber\u00edan responder\u00a0 el ministro de Econom\u00eda, Luis de Guindos, que es quien ha apadrinado la nacionalizaci\u00f3n del banco, y el gobernador del Banco de Espa\u00f1a, <a href=\"http:\/\/www.larioja.com\/rc\/20120529\/economia\/fernandez-ordonez-adelanta-salida-201205291835.html\">Miguel \u00c1ngel Fern\u00e1ndez Ord\u00f3\u00f1ez<\/a>.<\/p>\n<p>Pero no. El primero se limita a garantizar que no faltar\u00e1 dinero para <strong>rescatar<\/strong> la entidad, aunque parece olvidar que esta derrama multimillonaria (la mayor de la historia financiera de Espa\u00f1a) la pagan a escote todos los espa\u00f1oles, sean o no clientes y\/o accionistas del fallido banco.<\/p>\n<p>El segundo ha hecho mutis por el foro. Da la impresi\u00f3n de que alguien en el Ejecutivo le ha recomendado mantener la boca cerrada. No vaya a ser que adem\u00e1s de contar lo de Bankia airee otros <strong>trapos sucios<\/strong>. Que los hay. O al menos eso es lo que sospechan los que manejan los hilos de la <strong>Bolsa<\/strong>: desde el lunes no s\u00f3lo siguenvapuleando la cotizaci\u00f3n de Bankia sino las de otros bancos m\u00e1s modestos, sembrando <strong>dudas sobre el conjunto del sistema financiero<\/strong>. \u00bfCu\u00e1l es el problema? Que como la econom\u00eda es una cadena de montaje donde todo est\u00e1 interconectado, el desmadre burs\u00e1til contagia a la <strong>deuda espa\u00f1ola<\/strong> y \u00e9sta vuelve a sufrir nuevos brotes de locura. Tan chiflada est\u00e1 que ya es <a href=\"http:\/\/www.larioja.com\/videos\/actualidad\/espana\/1660409530001-prima-riesgo-cierra-encima-puntos.html\">m\u00e1s de 500 veces menos fiable que la alemana<\/a>.<\/p>\n<p>Y as\u00ed estamos, a punto de cumplirse el primer mes de este descalabro. Nadie con <strong>responsabilidades<\/strong> ha explicado por qu\u00e9 Bankia ha llegado a esta situaci\u00f3n y cu\u00e1les son las razones que aconsejan <strong>sostener en pie al gigante en el que se integr\u00f3 Caja Rioja<\/strong>. Los ciudadanos s\u00f3lo reciben informaci\u00f3n a trav\u00e9s de los art\u00edculos de prensa y de las tertulias de radio y televisi\u00f3n. Una informaci\u00f3n discordante que s\u00f3lo contribuye a generar mayor <strong>confusi\u00f3n<\/strong> y, sobre todo, el <strong>cabreo<\/strong> de la gente.<\/p>\n<p>&nbsp;<\/p>\n<p>Foto: Jonathan Herreros<\/p>\n","protected":false},"excerpt":{"rendered":"<p>\u00bfPor qu\u00e9 no se puede dejar caer a Bankia? A esta pregunta deber\u00edan responder\u00a0 el ministro de Econom\u00eda, Luis de Guindos, que es quien ha apadrinado la nacionalizaci\u00f3n del banco, y el gobernador del Banco de Espa\u00f1a, Miguel \u00c1ngel Fern\u00e1ndez Ord\u00f3\u00f1ez. Pero no. El primero se limita a garantizar que no faltar\u00e1 dinero para rescatar [&hellip;]<\/p>\n","protected":false},"author":35,"featured_media":0,"comment_status":"open","ping_status":"closed","sticky":false,"template":"","format":"standard","meta":[],"categories":[2,5],"tags":[45,46,49,54,98],"_links":{"self":[{"href":"https:\/\/blogs.larioja.com\/eltragablog\/wp-json\/wp\/v2\/posts\/23"}],"collection":[{"href":"https:\/\/blogs.larioja.com\/eltragablog\/wp-json\/wp\/v2\/posts"}],"about":[{"href":"https:\/\/blogs.larioja.com\/eltragablog\/wp-json\/wp\/v2\/types\/post"}],"author":[{"embeddable":true,"href":"https:\/\/blogs.larioja.com\/eltragablog\/wp-json\/wp\/v2\/users\/35"}],"replies":[{"embeddable":true,"href":"https:\/\/blogs.larioja.com\/eltragablog\/wp-json\/wp\/v2\/comments?post=23"}],"version-history":[{"count":0,"href":"https:\/\/blogs.larioja.com\/eltragablog\/wp-json\/wp\/v2\/posts\/23\/revisions"}],"wp:attachment":[{"href":"https:\/\/blogs.larioja.com\/eltragablog\/wp-json\/wp\/v2\/media?parent=23"}],"wp:term":[{"taxonomy":"category","embeddable":true,"href":"https:\/\/blogs.larioja.com\/eltragablog\/wp-json\/wp\/v2\/categories?post=23"},{"taxonomy":"post_tag","embeddable":true,"href":"https:\/\/blogs.larioja.com\/eltragablog\/wp-json\/wp\/v2\/tags?post=23"}],"curies":[{"name":"wp","href":"https:\/\/api.w.org\/{rel}","templated":true}]}}